      
            
            
            
            
            
            
            
            
            
            
            
      {"id":12549,"date":"2025-05-26T19:53:50","date_gmt":"2025-05-26T19:53:50","guid":{"rendered":"https:\/\/protegetucorazon.com\/?p=12549"},"modified":"2025-05-26T19:53:50","modified_gmt":"2025-05-26T19:53:50","slug":"adolescencia-sobre-la-responsabilidad-la-libertad-la-culpa-y-la-ficcion","status":"publish","type":"post","link":"https:\/\/protegetucorazon.com\/en\/adolescencia-sobre-la-responsabilidad-la-libertad-la-culpa-y-la-ficcion\/","title":{"rendered":"Adolescencia: sobre la responsabilidad, la libertad, la culpa y la ficci\u00f3n"},"content":{"rendered":"<p>Luc\u00eda Mart\u00ednez Alcalde<br \/>\nEstudi\u00f3 Filosof\u00eda y Periodismo en la Universidad de Navarra, donde ahora trabaja, en la<br \/>\nrevista Nuestro Tiempo. Ha publicado dos novelas (<a href=\"https:\/\/palabra.es\/libro\/me-debes-un-beso_154290\/\">Me debes un beso<\/a> y <a href=\"https:\/\/homolegens.com\/libro\/por-donde-entra-la-luz\/\">Por donde entra<\/a><br \/>\nla luz) y dos ensayos (<a href=\"https:\/\/www.eunsa.es\/libro\/el-arte-de-no-llegar-a-todo_161302\/\">El arte de no llegar a todo<\/a> y <a href=\"https:\/\/palabra.es\/libro\/mas-que-juntos_154722\/\">M\u00e1s que juntos. C\u00f3mo disfrutar el<\/a><br \/>\nmatrimonio desde el &#8220;s\u00ed, quiero&#8221;; \u2014coautora\u2014). Escribe habitualmente en su blog<br \/>\n<a href=\"https:\/\/makelovehappen.blog\/\">makelovehappen.blog<\/a>, sobre amor, relaciones, integridad sexual, matrimonio y familia.<br \/>\nEst\u00e1 casada y es madre de tres hijos.<\/p>\n<p>Este art\u00edculo contiene spoilers.<br \/>\nEs una adaptaci\u00f3n del <a href=\"https:\/\/makelovehappen.blog\/2025\/04\/23\/por-que-la-serie-adolescencia-golpea-tan-fuerte\/\">art\u00edculo original publicado en Makelovehappen.blog<\/a><\/p>\n<p>Adolescencia no te deja indiferente. Por empezar con lo obvio: la impresionante calidad<br \/>\nt\u00e9cnica. No solo por los espectaculares planos secuencia [<a href=\"https:\/\/www.youtube.com\/watch?v=HG9XUSnK9g8\">aqu\u00ed<\/a> un breve making of de c\u00f3mo<br \/>\nse grab\u00f3 cada cap\u00edtulo en un \u00fanico plano secuencia real], que tambi\u00e9n, sino por los actores<br \/>\ny el guion. Y aqu\u00ed enlazo con el meollo de esta serie: la historia, el contenido, el fondo. Una<br \/>\nhistoria dura, pero tambi\u00e9n necesaria.<\/p>\n<p><strong>\u00bfDe qu\u00e9 va Adolescencia?<\/strong><\/p>\n<p>No creo que sea una serie \u201csobre los incels\u201d, como se ha dicho a veces. De hecho ni<br \/>\nsiquiera queda claro (o a m\u00ed no me lo parece), que Jamie, el protagonista, pertenezca a la<br \/>\nmanosfera. Katie, la ni\u00f1a asesinada, se mete con \u00e9l por este tema, \u00bfpero est\u00e1 describiendo<br \/>\nun hecho o poniendo una etiqueta? Seguramente hab\u00eda \u201ccoqueteado\u201d en internet con esos<br \/>\nforos, eso s\u00ed. Pero no estaba en ese punto de radicalizaci\u00f3n. Otro asunto distinto es que la<br \/>\nserie ha sido relevante para poner estos t\u00e9rminos (incel, manosfera) y las realidades que<br \/>\nnombran en los titulares.<\/p>\n<p>Jamie es un adolescente. Un chaval con unas inseguridades fuertes, unos padres cari\u00f1osos<br \/>\npero un poco (o un mucho) despistados. Problemas de bullying en el cole. Unos profesores<br \/>\ncon falta de autoridad. Demasiado tiempo en internet sin supervisi\u00f3n. Una autoestima justita<br \/>\nm\u00e1s bien tirando a baja (\u201cno soy guapo\u201d, \u201cc\u00f3mo voy a gustar a las chicas\u201d, y estos<br \/>\ncomentarios \u00bfno los puede haber hecho cualquier chaval en esa edad en cualquier<br \/>\nmomento?). Y un temperamento con arranques de violencia, como se le ve cuando es<br \/>\nincapaz de controlar su ira.<\/p>\n<p>Queda flotando el interrogante de qu\u00e9 peso tiene cada uno de esos factores en el c\u00f3ctel<br \/>\nmolotov cuya explosi\u00f3n conduce al homicidio. Porque adem\u00e1s a todo esto hay que sumarle<br \/>\nsu libertad, est\u00e1 claro.<\/p>\n<p>No, definitivamente no creo que Adolescencia sea una serie sobre la masculinidad t\u00f3xica.<br \/>\nNo s\u00e9 ni siquiera si podr\u00eda decirse que hay un tema o m\u00e1s bien hay una retah\u00edla de<br \/>\npreguntas que plantea. <a href=\"https:\/\/www.eldebate.com\/cine-tv-series\/20250319\/adolescencia-mejor-serie-netflix-ultimos-anos_279806.html\">Como escribe Alberto N. Garc\u00eda<\/a>: \u00abSu dolorosa grandeza es que nos<br \/>\nobliga a mirar de frente\u2026 cuando preferir\u00edamos mirar hacia otro lado\u00bb.<\/p>\n<p>Adem\u00e1s de las cuestiones que ya he planteado antes, a\u00f1adir\u00eda estas otras:<br \/>\n\u00bfC\u00f3mo ha sido posible?<br \/>\n\u00bfPod\u00eda haberse evitado?<br \/>\n\u00bfQui\u00e9nes eran los responsables de evitarlo?<br \/>\n\u00bfCu\u00e1nto peso tiene la responsabilidad de cada cual?<\/p>\n<p><strong>El cap\u00edtulo final: los l\u00edmites de la culpa<br \/>\n<\/strong><br \/>\nEn el di\u00e1logo final de la madre y el padre hay muchas claves para entender. Creo que una<br \/>\nde las principales preguntas es el nivel de responsabilidad que tienen los padres sobre las<br \/>\nacciones de su hijo. O tal vez, como madre, es de las que m\u00e1s me ha apelado a m\u00ed. Esa<br \/>\nfrase de la madre: <strong>\u00abNos dar\u00e1 paz aceptar que pod\u00edamos haber hecho m\u00e1s\u00bb<\/strong>. Pero su<br \/>\nresponsabilidad de haber hecho m\u00e1s no significa que sean culpables de todo. No pod\u00edan<br \/>\nsustituir a su hijo. \u00abLe hemos hecho a \u00e9l, pero tambi\u00e9n la hemos hecho a ella\u00bb, comentan<br \/>\nrefiri\u00e9ndose a su hija mayor. De los mismos padres, dos hijos distintos. Aunque queda claro<br \/>\nque ha habido vac\u00edos que deber\u00edan haber cubierto (\u00abSe pasaba en su cuarto desde volver<br \/>\ndel cole hasta la 1 de la madrugada y pens\u00e1bamos que estaba a salvo\u00bb).<\/p>\n<p>Otra pregunta que me surgi\u00f3 al ver el cap\u00edtulo 4: <strong>\u00bfEs el padre de Jamie violento?<\/strong> No dir\u00eda<br \/>\neso. Es un hombre con un temperamento col\u00e9rico tal vez, y con una ira que le cuesta<br \/>\nmanejar en situaciones. Pero \u00e9l mismo cuenta su decisi\u00f3n firme de no pegar a sus hijos,<br \/>\ncomo \u00e9l hab\u00eda sufrido de su padre. Y se ha mantenido en esa decisi\u00f3n. Eso dice mucho de<br \/>\n\u00e9l. Luego ha fallado en otras cosas como padre, pero en eso no. Si fuera un hombre<br \/>\nviolento sin remedio, se le habr\u00eda escapado el cintur\u00f3n m\u00e1s de una vez con sus hijos, \u00bfno?<\/p>\n<p><strong>Hablemos de la escena del final<\/strong> (con la <a href=\"https:\/\/open.spotify.com\/intl-es\/track\/6XFvsdR5sHHNy5dOcbz545?si=380f7bba56014a6b&amp;nd=1&amp;dlsi=f547284c88e64b6f\">canci\u00f3n de Aurora<\/a>, esa letra, esa melod\u00eda, la<br \/>\ninocencia rota). Esa escena final que viene precedida de todo lo anterior, claro, y por eso<br \/>\ntiene la carga que tiene: <strong>el padre derrumb\u00e1ndose.<\/strong> Pero, sobre todo: el momento en el que<br \/>\nmete al oso de peluche en la cama de su hijo y lo arropa, y despu\u00e9s le coge la cabecita, con<br \/>\nternura, como si fuera un ni\u00f1o, le besa y le dice: \u00abI\u2019m sorry, son\u00bb. Una petici\u00f3n de perd\u00f3n a<br \/>\nsu hijo, s\u00ed, pero tambi\u00e9n una despedida a la inocencia, a la familia que hab\u00edan construido,<br \/>\n\u00bfal padre que quer\u00eda ser? Un duelo.<\/p>\n<p><strong>\u00bfQu\u00e9 hay en la mente de Jamie?<br \/>\n<\/strong><br \/>\nEn toda la serie se plasma un deseo, casi una necesidad de entender el porqu\u00e9, las<br \/>\nmotivaciones de Jamie. Que, en realidad, se quedan en la sombra, al menos en un<br \/>\nclaroscuro. La psic\u00f3loga (impresionante cap\u00edtulo 3) intenta todo el rato buscar algo donde<br \/>\nagarrarse, algo que explique la monstruosidad, que le absuelva. El polic\u00eda en el cap\u00edtulo 2<br \/>\ntambi\u00e9n est\u00e1 buscando los motivos. L\u00f3gico. Tiene un hijo de la misma edad y en el mismo<br \/>\ninstituto que el protagonista.<\/p>\n<p>En los cap\u00edtulos 2 y 3 se ahonda m\u00e1s en el tema de las pantallas y las redes sociales. La<br \/>\nhiperconexi\u00f3n y el aislamiento; el bullying y el peligro de radicalizaci\u00f3n; el sexting, los<br \/>\nchantajes y la pornograf\u00eda; la incapacidad para relacionarse cara a cara.<\/p>\n<p>Jamie le cuenta a la psic\u00f3loga la vez que en un partido fall\u00f3 una jugada y, en ese momento<br \/>\nmir\u00f3 a las gradas buscando la mirada de su padre y este estaba mirando hacia otro lado.<br \/>\nLuego la versi\u00f3n de los hechos se la cuenta el padre a la madre en el cap\u00edtulo 4. El padre se<br \/>\nacuerda, sab\u00eda que ten\u00eda que haber aguantado la mirada y que ten\u00eda que haber sido una<br \/>\nmirada de apoyo y de protecci\u00f3n. Pero no pudo. Tuvo miedo de que su mirada trasluciera<br \/>\ndecepci\u00f3n y consider\u00f3 preferible retirarla. \u00bfQu\u00e9 hubi\u00e9ramos hecho nosotros? Nos<br \/>\nencantar\u00eda ser tan virtuosos como para que no se nos noten las primeras impresiones en la<br \/>\ncara, pero \u00bfhasta que alcancemos ese grado de virtud?<\/p>\n<p>M\u00e1s all\u00e1 de la an\u00e9cdota concreta, el tema de la mirada me parece super potente. Del poder<br \/>\nde las miradas he escrito<a href=\"https:\/\/makelovehappen.blog\/2019\/05\/28\/mirar-sin-filtros-idealizacion-buena-mala\/\"> ya aqu\u00ed<\/a>. Y hay en la miniserie una reflexi\u00f3n sobre esto tambi\u00e9n. Al<br \/>\nfinal la autoestima la construimos con nuestro autoconocimiento, s\u00ed, pero tambi\u00e9n (y en la<br \/>\nadolescencia especialmente) con c\u00f3mo nos ven los dem\u00e1s. Somos seres sociales. No<br \/>\nvivimos aislados. Y en mundo de Instagram y TikTok, c\u00f3mo nos ven los dem\u00e1s supera las<br \/>\nfronteras de familia, amigos, compa\u00f1eros de clase. El \u201cp\u00fablico\u201d de nuestra vida puede llegar<br \/>\na ser demasiado amplio (como se ve en el documental The Social Dilemma), y no es una<br \/>\naudiencia que se muestre propensa a la compasi\u00f3n o a la \u201cmirada buena\u201d que haga crecer y<br \/>\nsaque lo mejor de ti.<\/p>\n<p><strong>\u00bfNos puede pasar a cualquiera?<br \/>\n<\/strong><br \/>\nEn <a href=\"https:\/\/www.youtube.com\/watch?v=HG9XUSnK9g8\">uno de los v\u00eddeos<\/a> de making of de la serie escuch\u00e9 a Stephen Graham (uno de los<br \/>\ncreadores y guionistas de la serie, y el actor que hace de padre, con una interpretaci\u00f3n que<br \/>\nte encoge el alma) decir que quer\u00eda que el espectador se preguntara \u00ab\u00bfPor qu\u00e9? \u00bfC\u00f3mo ha<br \/>\npasado esto?\u00bb y tambi\u00e9n <strong>\u00ab\u00bfEsto me pod\u00eda haber pasado a m\u00ed?\u00bb<\/strong>. Graham lo deja en<br \/>\npregunta, pero luego este punto, en afirmaci\u00f3n (\u00abNos puede pasar a cualquiera\u00bb), lo vi en<br \/>\nalg\u00fan que otro art\u00edculo comentando la serie.<\/p>\n<p>Y me interpel\u00f3. \u00bfEso es verdad? Por una parte pens\u00e9: s\u00ed, es verdad, nadie puede asegurar<br \/>\nque sus hijos jam\u00e1s ser\u00e1n capaces de cometer una atrocidad as\u00ed. Lo que hemos hablado<br \/>\nantes sobre la libertad personal.<\/p>\n<p>Por otra parte, algo de m\u00ed rechazaba esta idea, y no era solo que me pareciera inc\u00f3moda,<br \/>\nhorripilante de imaginar o acusatoria antes de tiempo. Asimismo la considero algo injusta e<br \/>\nirreal, o tal vez injusta por no corresponder completamente con la realidad. No me termina<br \/>\nde convencer esta \u00abdemocratizaci\u00f3n del riesgo\u00bb. Me recuerda <a href=\"https:\/\/makelovehappen.blog\/2022\/09\/03\/hablemos-de-sexo-en-los-colegios-e-institutos\/#:~:text=Otra%20falacia%20que,afirma%20Miriam%20Grossman\">a las campa\u00f1as de<\/a><br \/>\nprevenci\u00f3n de ETS que \u201cjuegan\u201d tambi\u00e9n con esta \u00abdemocratizaci\u00f3n del riesgo\u00bb. No se trata<br \/>\nde negar los riesgos que existen, pero no creo que se pueda decir que todos estamos<br \/>\nexpuestos a esos riesgos de igual manera. Pensemos en los accidentes de coche: uno<br \/>\npuede seguir todas las normas de tr\u00e1fico, ser prudente al volante, saberse el c\u00f3digo de<br \/>\ncirculaci\u00f3n, y aun as\u00ed sufrir un accidente. S\u00ed. Pero las probabilidades de accidente son m\u00e1s<br \/>\naltas para quien conduce como si estuviera en una pel\u00edcula de Fast and Furious.<\/p>\n<p>Volviendo a la miniserie:<strong> \u00bfpod\u00eda haber sido diferente la historia de Jamie solo con que<\/strong><br \/>\n<strong>sus padres hubieran restringido su uso de pantallas?<\/strong> Y no solo eso: con unos padres<br \/>\nque se enteran de lo que hay, que construyen relaciones de confianza y que entablan<br \/>\nconversaciones significativas con sus hijos. Es verdad que uno puede restringir el m\u00f3vil a su<br \/>\nadolescente hasta, digamos, los 16 (por poner una edad mayor que la que tiene el<br \/>\nprotagonista). Por supuesto, eso no te asegura que no acceda a contenido inadecuado por<br \/>\notros medios (m\u00f3viles de amigos, por ejemplo), pero s\u00ed que no se pasa de 5 pm a 1 am en<br \/>\nforos de contenido radicalizado. Con esto no estoy cargando las tintas en la responsabilidad<br \/>\nde los padres en las acciones de Jamie, pero s\u00ed explorando un poco el oc\u00e9ano de ese<br \/>\n\u00abPudimos haber hecho m\u00e1s\u00bb que dice la madre.<\/p>\n<p>Tampoco creo que el objetivo de la serie sea \u201cmeter miedo a los padres\u201d. Pero s\u00ed<br \/>\nespabilarles un poco: \u00abEy, hay cosas ocurriendo ah\u00ed afuera \u2014o ah\u00ed dentro, en el cuarto de<br \/>\ntu hijo\u2014 de las que no te est\u00e1s enterando. Y deber\u00edas. Y deber\u00edas hacer algo con eso\u00bb.<br \/>\nNo puedes llegar al \u201criesgo cero\u201d, no puedes asegurar que \u00abmi hijo jam\u00e1s har\u00e1 esto, porque<br \/>\nle he educado de diez\u00bb, pero s\u00ed puedes \u201ccomprar papeletas\u201d para que el riesgo se acerque<br \/>\nm\u00e1s a cero que a cien.<\/p>\n<p>Y el caso adem\u00e1s es que Jamie tampoco ten\u00eda \u201ctodas las papeletas\u201d. Me encanta c\u00f3mo lo<br \/>\nexplica el <a href=\"https:\/\/www.aceprensa.com\/firmas-aceprensa\/el-peligro-de-creer-que-adolescencia-es-algo-mas-que-una-serie-de-ficcion\/\">art\u00edculo de Ana Zarzalejos,<\/a> en el que subraya que Adolescencia no es un<br \/>\ndocumental, sino una serie de ficci\u00f3n. Como se\u00f1ala Zarzalejos, <strong>Jamie no es el prototipo<\/strong><br \/>\n<strong>de adolescente asesino. Su personaje no est\u00e1 basado en hechos reales.<\/strong> Los autores<br \/>\nse inspiraron para construir la historia en diferentes casos de asesinatos de chicas por parte<br \/>\nde uno de sus compa\u00f1eros de instituto, pero esta miniserie no habla de ninguno de ellos en<br \/>\nparticular.<\/p>\n<p>\u00abSi de verdad queremos entender el fen\u00f3meno de la violencia entre menores, es bueno<br \/>\nconocer que ser criado en el seno de una familia unida es uno de los predictores m\u00e1s<br \/>\nfiables de \u00e9xito para la vida de un ni\u00f1o. Los padres de Jamie en la serie se adoran y llevan<br \/>\njuntos desde la adolescencia. <strong>Por supuesto que hasta los peores males ocurren en las<\/strong><br \/>\n<strong>mejores familias, pero quiz\u00e1 no se podr\u00eda decir que eso es el paradigma de un<\/strong><br \/>\n<strong>fen\u00f3meno\u00bb<\/strong>, dice la autora del art\u00edculo. Tambi\u00e9n menciona que \u00abel crimen m\u00e1s conocido<br \/>\nasociado a la manosfera es el de Jake Davison, un joven de 22 a\u00f1os que dispar\u00f3 a su<br \/>\nmadre y a otras cuatro personas antes de suicidarse\u00bb. La investigaci\u00f3n mostr\u00f3 que hab\u00eda<br \/>\nestado consumiendo contenido sobre la cultura incel. Pero, como explica m\u00e1s<br \/>\ndetalladamente el art\u00edculo, Davison no era nada de lo que Jamie es.<\/p>\n<p>Antes de leer a Zarzalejos hab\u00eda le\u00eddo a Alberto N. Garc\u00eda <a href=\"https:\/\/nuestrotiempo.unav.edu\/w\/adolescencia\">este otro art\u00edculo sobre la serie<\/a>,<br \/>\nen el que critica su politizaci\u00f3n y habla del poder de la ficci\u00f3n:<\/p>\n<p>\u00abLa serie <strong>no opera como un tratado sociol\u00f3gico ni como un panfleto de alarma moral.<\/strong><br \/>\nSu relaci\u00f3n con la realidad no es la de un informe que busca diagnosticar causas y<br \/>\nconsecuencias, sino la de<strong> una historia que destila preocupaciones contempor\u00e1neas sin<\/strong><br \/>\n<strong>someterlas a una tesis cerrada.<\/strong> Una obra de arte no es una llave inglesa. No pretende<br \/>\nilustrar un problema con cifras ni ofrecer soluciones, sino encarnar sensaciones, conflictos y<br \/>\nmiedos que, aunque existan en el mundo real, aqu\u00ed operan con la l\u00f3gica de la ficci\u00f3n [&#8230;]. Si<br \/>\nAdolescencia despierta tantas interpretaciones es porque no impone un discurso, sino que<br \/>\n<strong>plantea preguntas<\/strong>. [&#8230;] Porque la buena ficci\u00f3n, al fin y al cabo, no deber\u00eda estar para<br \/>\nconfirmar certezas, sino para agitarlas. Nos permite tocar el miedo, la violencia o la culpa<br \/>\nsin quemarnos del todo. Y en ese roce con lo insoportable es <strong>donde mejor entendemos<\/strong><br \/>\n<strong>qui\u00e9nes somos\u2026 y qui\u00e9nes no queremos ser\u00bb.<\/strong><\/p>","protected":false},"excerpt":{"rendered":"<p>Luc\u00eda Mart\u00ednez Alcalde Estudi\u00f3 Filosof\u00eda y Periodismo en la Universidad de Navarra, donde ahora trabaja, en la revista Nuestro Tiempo. Ha publicado dos novelas (Me debes un beso y Por donde entra la luz) y dos ensayos (El arte de no llegar a todo y M\u00e1s que juntos. C\u00f3mo disfrutar el matrimonio desde el &#8220;s\u00ed,&#8230;<\/p>","protected":false},"author":1,"featured_media":12550,"comment_status":"closed","ping_status":"open","sticky":false,"template":"","format":"standard","meta":{"_bbp_topic_count":0,"_bbp_reply_count":0,"_bbp_total_topic_count":0,"_bbp_total_reply_count":0,"_bbp_voice_count":0,"_bbp_anonymous_reply_count":0,"_bbp_topic_count_hidden":0,"_bbp_reply_count_hidden":0,"_bbp_forum_subforum_count":0,"footnotes":""},"categories":[18],"tags":[],"yoast_head":"<!-- This site is optimized with the Yoast SEO plugin v23.0 - https:\/\/yoast.com\/wordpress\/plugins\/seo\/ -->\n<title>Adolescencia: sobre la responsabilidad, la libertad, la culpa y la ficci\u00f3n - Protege tu corazon<\/title>\n<meta name=\"robots\" content=\"index, follow, max-snippet:-1, max-image-preview:large, max-video-preview:-1\" \/>\n<link rel=\"canonical\" href=\"https:\/\/protegetucorazon.com\/en\/adolescencia-sobre-la-responsabilidad-la-libertad-la-culpa-y-la-ficcion\/\" \/>\n<meta property=\"og:locale\" content=\"en_US\" \/>\n<meta property=\"og:type\" content=\"article\" \/>\n<meta property=\"og:title\" content=\"Adolescencia: sobre la responsabilidad, la libertad, la culpa y la ficci\u00f3n - Protege tu corazon\" \/>\n<meta property=\"og:description\" content=\"Luc\u00eda Mart\u00ednez Alcalde Estudi\u00f3 Filosof\u00eda y Periodismo en la Universidad de Navarra, donde ahora trabaja, en la revista Nuestro Tiempo. Ha publicado dos novelas (Me debes un beso y Por donde entra la luz) y dos ensayos (El arte de no llegar a todo y M\u00e1s que juntos. C\u00f3mo disfrutar el matrimonio desde el &#8220;s\u00ed,...\" \/>\n<meta property=\"og:url\" content=\"https:\/\/protegetucorazon.com\/en\/adolescencia-sobre-la-responsabilidad-la-libertad-la-culpa-y-la-ficcion\/\" \/>\n<meta property=\"og:site_name\" content=\"Protege tu corazon\" \/>\n<meta property=\"article:published_time\" content=\"2025-05-26T19:53:50+00:00\" \/>\n<meta property=\"og:image\" content=\"https:\/\/protegetucorazon.com\/wp-content\/uploads\/2025\/05\/adolescencia-serie.jpg\" \/>\n\t<meta property=\"og:image:width\" content=\"1960\" \/>\n\t<meta property=\"og:image:height\" content=\"1034\" \/>\n\t<meta property=\"og:image:type\" content=\"image\/jpeg\" \/>\n<meta name=\"author\" content=\"protege2020\" \/>\n<meta name=\"twitter:card\" content=\"summary_large_image\" \/>\n<meta name=\"twitter:label1\" content=\"Written by\" \/>\n\t<meta name=\"twitter:data1\" content=\"protege2020\" \/>\n\t<meta name=\"twitter:label2\" content=\"Est. reading time\" \/>\n\t<meta name=\"twitter:data2\" content=\"11 minutes\" \/>\n<script type=\"application\/ld+json\" class=\"yoast-schema-graph\">{\"@context\":\"https:\/\/schema.org\",\"@graph\":[{\"@type\":\"Article\",\"@id\":\"https:\/\/protegetucorazon.com\/adolescencia-sobre-la-responsabilidad-la-libertad-la-culpa-y-la-ficcion\/#article\",\"isPartOf\":{\"@id\":\"https:\/\/protegetucorazon.com\/adolescencia-sobre-la-responsabilidad-la-libertad-la-culpa-y-la-ficcion\/\"},\"author\":{\"name\":\"protege2020\",\"@id\":\"https:\/\/protegetucorazon.com\/#\/schema\/person\/fe40036747dc22da99d555e763b905a7\"},\"headline\":\"Adolescencia: sobre la responsabilidad, la libertad, la culpa y la ficci\u00f3n\",\"datePublished\":\"2025-05-26T19:53:50+00:00\",\"dateModified\":\"2025-05-26T19:53:50+00:00\",\"mainEntityOfPage\":{\"@id\":\"https:\/\/protegetucorazon.com\/adolescencia-sobre-la-responsabilidad-la-libertad-la-culpa-y-la-ficcion\/\"},\"wordCount\":2330,\"publisher\":{\"@id\":\"https:\/\/protegetucorazon.com\/#organization\"},\"image\":{\"@id\":\"https:\/\/protegetucorazon.com\/adolescencia-sobre-la-responsabilidad-la-libertad-la-culpa-y-la-ficcion\/#primaryimage\"},\"thumbnailUrl\":\"https:\/\/protegetucorazon.com\/wp-content\/uploads\/2025\/05\/adolescencia-serie.jpg\",\"articleSection\":[\"articulos\"],\"inLanguage\":\"en-US\"},{\"@type\":\"WebPage\",\"@id\":\"https:\/\/protegetucorazon.com\/adolescencia-sobre-la-responsabilidad-la-libertad-la-culpa-y-la-ficcion\/\",\"url\":\"https:\/\/protegetucorazon.com\/adolescencia-sobre-la-responsabilidad-la-libertad-la-culpa-y-la-ficcion\/\",\"name\":\"Adolescencia: sobre la responsabilidad, la libertad, la culpa y la ficci\u00f3n - Protege tu corazon\",\"isPartOf\":{\"@id\":\"https:\/\/protegetucorazon.com\/#website\"},\"primaryImageOfPage\":{\"@id\":\"https:\/\/protegetucorazon.com\/adolescencia-sobre-la-responsabilidad-la-libertad-la-culpa-y-la-ficcion\/#primaryimage\"},\"image\":{\"@id\":\"https:\/\/protegetucorazon.com\/adolescencia-sobre-la-responsabilidad-la-libertad-la-culpa-y-la-ficcion\/#primaryimage\"},\"thumbnailUrl\":\"https:\/\/protegetucorazon.com\/wp-content\/uploads\/2025\/05\/adolescencia-serie.jpg\",\"datePublished\":\"2025-05-26T19:53:50+00:00\",\"dateModified\":\"2025-05-26T19:53:50+00:00\",\"breadcrumb\":{\"@id\":\"https:\/\/protegetucorazon.com\/adolescencia-sobre-la-responsabilidad-la-libertad-la-culpa-y-la-ficcion\/#breadcrumb\"},\"inLanguage\":\"en-US\",\"potentialAction\":[{\"@type\":\"ReadAction\",\"target\":[\"https:\/\/protegetucorazon.com\/adolescencia-sobre-la-responsabilidad-la-libertad-la-culpa-y-la-ficcion\/\"]}]},{\"@type\":\"ImageObject\",\"inLanguage\":\"en-US\",\"@id\":\"https:\/\/protegetucorazon.com\/adolescencia-sobre-la-responsabilidad-la-libertad-la-culpa-y-la-ficcion\/#primaryimage\",\"url\":\"https:\/\/protegetucorazon.com\/wp-content\/uploads\/2025\/05\/adolescencia-serie.jpg\",\"contentUrl\":\"https:\/\/protegetucorazon.com\/wp-content\/uploads\/2025\/05\/adolescencia-serie.jpg\",\"width\":1960,\"height\":1034},{\"@type\":\"BreadcrumbList\",\"@id\":\"https:\/\/protegetucorazon.com\/adolescencia-sobre-la-responsabilidad-la-libertad-la-culpa-y-la-ficcion\/#breadcrumb\",\"itemListElement\":[{\"@type\":\"ListItem\",\"position\":1,\"name\":\"Portada\",\"item\":\"https:\/\/protegetucorazon.com\/\"},{\"@type\":\"ListItem\",\"position\":2,\"name\":\"Adolescencia: sobre la responsabilidad, la libertad, la culpa y la ficci\u00f3n\"}]},{\"@type\":\"WebSite\",\"@id\":\"https:\/\/protegetucorazon.com\/#website\",\"url\":\"https:\/\/protegetucorazon.com\/\",\"name\":\"Protege tu corazon\",\"description\":\"Programa de educaci\u00f3n de la sexualidad basado en la formaci\u00f3n del car\u00e1cter\",\"publisher\":{\"@id\":\"https:\/\/protegetucorazon.com\/#organization\"},\"potentialAction\":[{\"@type\":\"SearchAction\",\"target\":{\"@type\":\"EntryPoint\",\"urlTemplate\":\"https:\/\/protegetucorazon.com\/?s={search_term_string}\"},\"query-input\":\"required name=search_term_string\"}],\"inLanguage\":\"en-US\"},{\"@type\":\"Organization\",\"@id\":\"https:\/\/protegetucorazon.com\/#organization\",\"name\":\"Protege tu corazon\",\"url\":\"https:\/\/protegetucorazon.com\/\",\"logo\":{\"@type\":\"ImageObject\",\"inLanguage\":\"en-US\",\"@id\":\"https:\/\/protegetucorazon.com\/#\/schema\/logo\/image\/\",\"url\":\"https:\/\/protegetucorazon.com\/wp-content\/uploads\/2020\/06\/protege-tu-corazon-color.png\",\"contentUrl\":\"https:\/\/protegetucorazon.com\/wp-content\/uploads\/2020\/06\/protege-tu-corazon-color.png\",\"width\":256,\"height\":90,\"caption\":\"Protege tu corazon\"},\"image\":{\"@id\":\"https:\/\/protegetucorazon.com\/#\/schema\/logo\/image\/\"}},{\"@type\":\"Person\",\"@id\":\"https:\/\/protegetucorazon.com\/#\/schema\/person\/fe40036747dc22da99d555e763b905a7\",\"name\":\"protege2020\",\"image\":{\"@type\":\"ImageObject\",\"inLanguage\":\"en-US\",\"@id\":\"https:\/\/protegetucorazon.com\/#\/schema\/person\/image\/\",\"url\":\"https:\/\/secure.gravatar.com\/avatar\/bae55470a3bfbad875b95ad324b52db8?s=96&d=mm&r=g\",\"contentUrl\":\"https:\/\/secure.gravatar.com\/avatar\/bae55470a3bfbad875b95ad324b52db8?s=96&d=mm&r=g\",\"caption\":\"protege2020\"},\"sameAs\":[\"https:\/\/protegetucorazon.com\"],\"url\":\"https:\/\/protegetucorazon.com\/en\/author\/protege2020\/\"}]}<\/script>\n<!-- \/ Yoast SEO plugin. -->","yoast_head_json":{"title":"Adolescencia: sobre la responsabilidad, la libertad, la culpa y la ficci\u00f3n - Protege tu corazon","robots":{"index":"index","follow":"follow","max-snippet":"max-snippet:-1","max-image-preview":"max-image-preview:large","max-video-preview":"max-video-preview:-1"},"canonical":"https:\/\/protegetucorazon.com\/en\/adolescencia-sobre-la-responsabilidad-la-libertad-la-culpa-y-la-ficcion\/","og_locale":"en_US","og_type":"article","og_title":"Adolescencia: sobre la responsabilidad, la libertad, la culpa y la ficci\u00f3n - Protege tu corazon","og_description":"Luc\u00eda Mart\u00ednez Alcalde Estudi\u00f3 Filosof\u00eda y Periodismo en la Universidad de Navarra, donde ahora trabaja, en la revista Nuestro Tiempo. Ha publicado dos novelas (Me debes un beso y Por donde entra la luz) y dos ensayos (El arte de no llegar a todo y M\u00e1s que juntos. C\u00f3mo disfrutar el matrimonio desde el &#8220;s\u00ed,...","og_url":"https:\/\/protegetucorazon.com\/en\/adolescencia-sobre-la-responsabilidad-la-libertad-la-culpa-y-la-ficcion\/","og_site_name":"Protege tu corazon","article_published_time":"2025-05-26T19:53:50+00:00","og_image":[{"width":1960,"height":1034,"url":"https:\/\/protegetucorazon.com\/wp-content\/uploads\/2025\/05\/adolescencia-serie.jpg","type":"image\/jpeg"}],"author":"protege2020","twitter_card":"summary_large_image","twitter_misc":{"Written by":"protege2020","Est. reading time":"11 minutes"},"schema":{"@context":"https:\/\/schema.org","@graph":[{"@type":"Article","@id":"https:\/\/protegetucorazon.com\/adolescencia-sobre-la-responsabilidad-la-libertad-la-culpa-y-la-ficcion\/#article","isPartOf":{"@id":"https:\/\/protegetucorazon.com\/adolescencia-sobre-la-responsabilidad-la-libertad-la-culpa-y-la-ficcion\/"},"author":{"name":"protege2020","@id":"https:\/\/protegetucorazon.com\/#\/schema\/person\/fe40036747dc22da99d555e763b905a7"},"headline":"Adolescencia: sobre la responsabilidad, la libertad, la culpa y la ficci\u00f3n","datePublished":"2025-05-26T19:53:50+00:00","dateModified":"2025-05-26T19:53:50+00:00","mainEntityOfPage":{"@id":"https:\/\/protegetucorazon.com\/adolescencia-sobre-la-responsabilidad-la-libertad-la-culpa-y-la-ficcion\/"},"wordCount":2330,"publisher":{"@id":"https:\/\/protegetucorazon.com\/#organization"},"image":{"@id":"https:\/\/protegetucorazon.com\/adolescencia-sobre-la-responsabilidad-la-libertad-la-culpa-y-la-ficcion\/#primaryimage"},"thumbnailUrl":"https:\/\/protegetucorazon.com\/wp-content\/uploads\/2025\/05\/adolescencia-serie.jpg","articleSection":["articulos"],"inLanguage":"en-US"},{"@type":"WebPage","@id":"https:\/\/protegetucorazon.com\/adolescencia-sobre-la-responsabilidad-la-libertad-la-culpa-y-la-ficcion\/","url":"https:\/\/protegetucorazon.com\/adolescencia-sobre-la-responsabilidad-la-libertad-la-culpa-y-la-ficcion\/","name":"Adolescencia: sobre la responsabilidad, la libertad, la culpa y la ficci\u00f3n - Protege tu corazon","isPartOf":{"@id":"https:\/\/protegetucorazon.com\/#website"},"primaryImageOfPage":{"@id":"https:\/\/protegetucorazon.com\/adolescencia-sobre-la-responsabilidad-la-libertad-la-culpa-y-la-ficcion\/#primaryimage"},"image":{"@id":"https:\/\/protegetucorazon.com\/adolescencia-sobre-la-responsabilidad-la-libertad-la-culpa-y-la-ficcion\/#primaryimage"},"thumbnailUrl":"https:\/\/protegetucorazon.com\/wp-content\/uploads\/2025\/05\/adolescencia-serie.jpg","datePublished":"2025-05-26T19:53:50+00:00","dateModified":"2025-05-26T19:53:50+00:00","breadcrumb":{"@id":"https:\/\/protegetucorazon.com\/adolescencia-sobre-la-responsabilidad-la-libertad-la-culpa-y-la-ficcion\/#breadcrumb"},"inLanguage":"en-US","potentialAction":[{"@type":"ReadAction","target":["https:\/\/protegetucorazon.com\/adolescencia-sobre-la-responsabilidad-la-libertad-la-culpa-y-la-ficcion\/"]}]},{"@type":"ImageObject","inLanguage":"en-US","@id":"https:\/\/protegetucorazon.com\/adolescencia-sobre-la-responsabilidad-la-libertad-la-culpa-y-la-ficcion\/#primaryimage","url":"https:\/\/protegetucorazon.com\/wp-content\/uploads\/2025\/05\/adolescencia-serie.jpg","contentUrl":"https:\/\/protegetucorazon.com\/wp-content\/uploads\/2025\/05\/adolescencia-serie.jpg","width":1960,"height":1034},{"@type":"BreadcrumbList","@id":"https:\/\/protegetucorazon.com\/adolescencia-sobre-la-responsabilidad-la-libertad-la-culpa-y-la-ficcion\/#breadcrumb","itemListElement":[{"@type":"ListItem","position":1,"name":"Portada","item":"https:\/\/protegetucorazon.com\/"},{"@type":"ListItem","position":2,"name":"Adolescencia: sobre la responsabilidad, la libertad, la culpa y la ficci\u00f3n"}]},{"@type":"WebSite","@id":"https:\/\/protegetucorazon.com\/#website","url":"https:\/\/protegetucorazon.com\/","name":"Protege tu corazon","description":"Programa de educaci\u00f3n de la sexualidad basado en la formaci\u00f3n del car\u00e1cter","publisher":{"@id":"https:\/\/protegetucorazon.com\/#organization"},"potentialAction":[{"@type":"SearchAction","target":{"@type":"EntryPoint","urlTemplate":"https:\/\/protegetucorazon.com\/?s={search_term_string}"},"query-input":"required name=search_term_string"}],"inLanguage":"en-US"},{"@type":"Organization","@id":"https:\/\/protegetucorazon.com\/#organization","name":"Protege tu corazon","url":"https:\/\/protegetucorazon.com\/","logo":{"@type":"ImageObject","inLanguage":"en-US","@id":"https:\/\/protegetucorazon.com\/#\/schema\/logo\/image\/","url":"https:\/\/protegetucorazon.com\/wp-content\/uploads\/2020\/06\/protege-tu-corazon-color.png","contentUrl":"https:\/\/protegetucorazon.com\/wp-content\/uploads\/2020\/06\/protege-tu-corazon-color.png","width":256,"height":90,"caption":"Protege tu corazon"},"image":{"@id":"https:\/\/protegetucorazon.com\/#\/schema\/logo\/image\/"}},{"@type":"Person","@id":"https:\/\/protegetucorazon.com\/#\/schema\/person\/fe40036747dc22da99d555e763b905a7","name":"protege2020","image":{"@type":"ImageObject","inLanguage":"en-US","@id":"https:\/\/protegetucorazon.com\/#\/schema\/person\/image\/","url":"https:\/\/secure.gravatar.com\/avatar\/bae55470a3bfbad875b95ad324b52db8?s=96&d=mm&r=g","contentUrl":"https:\/\/secure.gravatar.com\/avatar\/bae55470a3bfbad875b95ad324b52db8?s=96&d=mm&r=g","caption":"protege2020"},"sameAs":["https:\/\/protegetucorazon.com"],"url":"https:\/\/protegetucorazon.com\/en\/author\/protege2020\/"}]}},"_links":{"self":[{"href":"https:\/\/protegetucorazon.com\/en\/wp-json\/wp\/v2\/posts\/12549"}],"collection":[{"href":"https:\/\/protegetucorazon.com\/en\/wp-json\/wp\/v2\/posts"}],"about":[{"href":"https:\/\/protegetucorazon.com\/en\/wp-json\/wp\/v2\/types\/post"}],"author":[{"embeddable":true,"href":"https:\/\/protegetucorazon.com\/en\/wp-json\/wp\/v2\/users\/1"}],"replies":[{"embeddable":true,"href":"https:\/\/protegetucorazon.com\/en\/wp-json\/wp\/v2\/comments?post=12549"}],"version-history":[{"count":1,"href":"https:\/\/protegetucorazon.com\/en\/wp-json\/wp\/v2\/posts\/12549\/revisions"}],"predecessor-version":[{"id":12551,"href":"https:\/\/protegetucorazon.com\/en\/wp-json\/wp\/v2\/posts\/12549\/revisions\/12551"}],"wp:featuredmedia":[{"embeddable":true,"href":"https:\/\/protegetucorazon.com\/en\/wp-json\/wp\/v2\/media\/12550"}],"wp:attachment":[{"href":"https:\/\/protegetucorazon.com\/en\/wp-json\/wp\/v2\/media?parent=12549"}],"wp:term":[{"taxonomy":"category","embeddable":true,"href":"https:\/\/protegetucorazon.com\/en\/wp-json\/wp\/v2\/categories?post=12549"},{"taxonomy":"post_tag","embeddable":true,"href":"https:\/\/protegetucorazon.com\/en\/wp-json\/wp\/v2\/tags?post=12549"}],"curies":[{"name":"wp","href":"https:\/\/api.w.org\/{rel}","templated":true}]}}