      
            
            
            
            
            
            
            
            
            
            
            
      {"id":12597,"date":"2025-09-24T00:38:56","date_gmt":"2025-09-24T00:38:56","guid":{"rendered":"https:\/\/protegetucorazon.com\/?p=12597"},"modified":"2025-09-24T00:41:39","modified_gmt":"2025-09-24T00:41:39","slug":"por-que-la-educacion-sexual-de-calidad-es-un-asunto-de-liderazgo-social","status":"publish","type":"post","link":"https:\/\/protegetucorazon.com\/en\/por-que-la-educacion-sexual-de-calidad-es-un-asunto-de-liderazgo-social\/","title":{"rendered":"Por qu\u00e9 la educaci\u00f3n sexual de calidad es un asunto de liderazgo social"},"content":{"rendered":"<p>&nbsp;<\/p>\n<p style=\"font-weight: 400;\">Por Juan Francisco V\u00e9lez y Mar\u00eda Luisa de V\u00e9lez<\/p>\n<p style=\"font-weight: 400; text-align: left;\"><em>Hace unos meses, una alumna de 13 a\u00f1os respondi\u00f3 lo siguiente en una encuesta an\u00f3nima de su colegio: \u00abCuando quiero saber algo de sexualidad busco en TikTok porque en mi casa no me hablan del tema<br \/>\ny en el colegio solo nos explicaron los cambios f\u00edsicos cuando est\u00e1bamos en 4\u00ba\u201d.<br \/>\nEste testimonio refleja la realidad de muchos adolescentes de hoy que recurren<br \/>\na fuentes que no son confiables en un tema decisivo para sus vidas.<\/em><\/p>\n<p style=\"font-weight: 400;\">Cuando se habla de formar l\u00edderes sociales, se piensa en figuras que inspiren, que marquen caminos y asuman la responsabilidad de interpretar el presente para construir el futuro. Pero muchas veces no se menciona la educaci\u00f3n sexual como un eje central de dicho liderazgo y sin embargo lo es. \u00bfLo hab\u00edas pensado? En cualquier colegio se forman las nuevas generaciones y este tema no puede ser accesorio, es parte esencial de su misi\u00f3n educativa. Veamos porqu\u00e9.<\/p>\n<h2>1. Porque forma ciudadanos capaces de tomar decisiones libres y responsables<\/h2>\n<p style=\"font-weight: 400;\">Un l\u00edder social no es solo quien ocupa un cargo p\u00fablico, lo es tambi\u00e9n el padre o la madre de familia, el educador, el joven o el profesional que influye en su comunidad.<\/p>\n<p style=\"font-weight: 400;\">La educaci\u00f3n sexual de calidad no se limita a dar datos biol\u00f3gicos, prepara a las personas desde la infancia hasta la adultez para\u00a0<strong>tomar decisiones acertadas sobre su cuerpo, su afectividad y sus relaciones<\/strong>. Por ejemplo, un alumno de secundaria nos comparti\u00f3:\u00a0<em>\u201ctuve un amigo que me insultaba por las redes y no sab\u00eda c\u00f3mo decirle que no lo hiciera m\u00e1s. Pero lo coment\u00e9 con mi profesor y v\u00ed que pod\u00eda poner l\u00edmites sin ponerme a pelear\u201d. <\/em><\/p>\n<p style=\"font-weight: 400;\">En el \u00e1mbito escolar, esto se traduce en alumnos capaces de entender el valor de s\u00ed mismos y de los dem\u00e1s para respetarse mutuamente, algo esencial que impacta directamente en la construcci\u00f3n de una sociedad con personas asertivas y responsables.<\/p>\n<h2>2. Porque previene riesgos y protege la dignidad<\/h2>\n<p style=\"font-weight: 400;\">Cuando existen vac\u00edos en la educaci\u00f3n sexual, los ni\u00f1os y adolescentes suelen recurrir a fuentes poco confiables como vimos en la an\u00e9cdota inicial. Instagram, TikTok, Netflix, Discord, Roblox y otras plataformas se convierten en las \u00fanicas fuentes de informaci\u00f3n. Todo vac\u00edo tiende a llenarse, muchas veces con mensajes que ponen en riesgo su desarrollo y dignidad.<\/p>\n<p style=\"font-weight: 400;\">Las cifras son elocuentes:<\/p>\n<ul>\n<li>Edad promedio de la primera exposici\u00f3n a la pornograf\u00eda: 11 a\u00f1os.<\/li>\n<li>En Am\u00e9rica Latina, 1 de cada 5 adolescentes ha recibido propuestas sexuales por internet.<\/li>\n<li>El embarazo adolescente sigue siendo una de las principales causas de deserci\u00f3n escolar.<\/li>\n<\/ul>\n<p style=\"font-weight: 400;\">Dar a los j\u00f3venes herramientas claras y realistas es un\u00a0<strong>acto de protecci\u00f3n y justicia social<\/strong>. Un liderazgo aut\u00e9ntico no se queda en el discurso.<\/p>\n<p style=\"font-weight: 400;\">Como nos comparti\u00f3 un padre:\u00a0<em>\u201cPens\u00e9 que mi hijo era demasiado peque\u00f1o para hablarle de esto. Pero cuando le dimos informaci\u00f3n confiable en casa y en la escuela, entendi\u00f3 mejor c\u00f3mo respetar su cuerpo y hacerlo respetar\u201d.<\/em><\/p>\n<p>&nbsp;<\/p>\n<h2>3. Porque promueve valores clave en el trato con los dem\u00e1s<\/h2>\n<p style=\"font-weight: 400;\">Una educaci\u00f3n sexual bien orientada reconoce que todos somos valiosos y que las relaciones humanas deben basarse en\u00a0<strong>la justicia, el<\/strong> <strong>respeto y la consideraci\u00f3n<\/strong>. En el \u00e1mbito escolar, esto significa generar\u00a0<strong>ambientes seguros<\/strong> donde no haya cabida para el acoso, el rechazo o la violencia para que cada alumno pueda desarrollarse plenamente.<\/p>\n<p style=\"font-weight: 400;\">Una alumna comentaba:\u00a0<em>\u201cAhora entiendo que decir no es un derecho y no tengo que sentir culpa\u201d.<\/em><\/p>\n<p style=\"font-weight: 400;\">As\u00ed la escuela se convierte en un espacio donde los estudiantes aprenden a convivir con responsabilidad, comprensi\u00f3n y cortes\u00eda.<\/p>\n<h2>4. Porque proyecta futuro<\/h2>\n<p style=\"font-weight: 400;\">La educaci\u00f3n sexual no es un tema \u201cprivado\u201d, tiene consecuencias sociales. Los j\u00f3venes con criterios s\u00f3lidos ser\u00e1n adultos capaces de construir\u00a0<strong>familias sanas, ambientes laborales respetuosos y comunidades resilientes<\/strong>. Apostar por una educaci\u00f3n sexual integral &#8211; con valores y responsabilidad &#8211; es una de las inversiones sociales m\u00e1s inteligentes que puede ofrecer un colegio.<\/p>\n<p style=\"font-weight: 400;\"><span style=\"font-size: 24pt;\">Conclusi\u00f3n<\/span><br \/>\n<span style=\"font-size: 12pt;\">Hablar de educaci\u00f3n sexual es hablar de\u00a0<strong>liderazgo social<\/strong>. Quien se compromete con una formaci\u00f3n clara, respetuosa y humana en este campo\u00a0<strong>no solo educa, tambi\u00e9n transforma comunidades y siembra futuro<\/strong>.<\/span><\/p>\n<p style=\"font-weight: 400;\">La escuela -como centro de liderazgo- est\u00e1 llamada a abrir estos espacios de formaci\u00f3n. No es un reto opcional: es parte esencial de su\u00a0<strong>misi\u00f3n de formar personas \u00edntegras<\/strong>.<\/p>\n<p style=\"font-weight: 400;\">","protected":false},"excerpt":{"rendered":"<p>&nbsp; Por Juan Francisco V\u00e9lez y Mar\u00eda Luisa de V\u00e9lez Hace unos meses, una alumna de 13 a\u00f1os respondi\u00f3 lo siguiente en una encuesta an\u00f3nima de su colegio: \u00abCuando quiero saber algo de sexualidad busco en TikTok porque en mi casa no me hablan del tema y en el colegio solo nos explicaron los cambios&#8230;<\/p>","protected":false},"author":1,"featured_media":12598,"comment_status":"closed","ping_status":"open","sticky":false,"template":"","format":"standard","meta":{"_bbp_topic_count":0,"_bbp_reply_count":0,"_bbp_total_topic_count":0,"_bbp_total_reply_count":0,"_bbp_voice_count":0,"_bbp_anonymous_reply_count":0,"_bbp_topic_count_hidden":0,"_bbp_reply_count_hidden":0,"_bbp_forum_subforum_count":0,"footnotes":""},"categories":[18],"tags":[],"yoast_head":"<!-- This site is optimized with the Yoast SEO plugin v23.0 - https:\/\/yoast.com\/wordpress\/plugins\/seo\/ -->\n<title>Por qu\u00e9 la educaci\u00f3n sexual de calidad es un asunto de liderazgo social - Protege tu corazon<\/title>\n<meta name=\"robots\" content=\"index, follow, max-snippet:-1, max-image-preview:large, max-video-preview:-1\" \/>\n<link rel=\"canonical\" href=\"https:\/\/protegetucorazon.com\/en\/por-que-la-educacion-sexual-de-calidad-es-un-asunto-de-liderazgo-social\/\" \/>\n<meta property=\"og:locale\" content=\"en_US\" \/>\n<meta property=\"og:type\" content=\"article\" \/>\n<meta property=\"og:title\" content=\"Por qu\u00e9 la educaci\u00f3n sexual de calidad es un asunto de liderazgo social - Protege tu corazon\" \/>\n<meta property=\"og:description\" content=\"&nbsp; Por Juan Francisco V\u00e9lez y Mar\u00eda Luisa de V\u00e9lez Hace unos meses, una alumna de 13 a\u00f1os respondi\u00f3 lo siguiente en una encuesta an\u00f3nima de su colegio: \u00abCuando quiero saber algo de sexualidad busco en TikTok porque en mi casa no me hablan del tema y en el colegio solo nos explicaron los cambios...\" \/>\n<meta property=\"og:url\" content=\"https:\/\/protegetucorazon.com\/en\/por-que-la-educacion-sexual-de-calidad-es-un-asunto-de-liderazgo-social\/\" \/>\n<meta property=\"og:site_name\" content=\"Protege tu corazon\" \/>\n<meta property=\"article:published_time\" content=\"2025-09-24T00:38:56+00:00\" \/>\n<meta property=\"article:modified_time\" content=\"2025-09-24T00:41:39+00:00\" \/>\n<meta property=\"og:image\" content=\"https:\/\/protegetucorazon.com\/wp-content\/uploads\/2025\/09\/Joe-Lozano-181115-Photo-056-scaled.jpg\" \/>\n\t<meta property=\"og:image:width\" content=\"2560\" \/>\n\t<meta property=\"og:image:height\" content=\"1709\" \/>\n\t<meta property=\"og:image:type\" content=\"image\/jpeg\" \/>\n<meta name=\"author\" content=\"protege2020\" \/>\n<meta name=\"twitter:card\" content=\"summary_large_image\" \/>\n<meta name=\"twitter:label1\" content=\"Written by\" \/>\n\t<meta name=\"twitter:data1\" content=\"protege2020\" \/>\n\t<meta name=\"twitter:label2\" content=\"Est. reading time\" \/>\n\t<meta name=\"twitter:data2\" content=\"4 minutes\" \/>\n<script type=\"application\/ld+json\" class=\"yoast-schema-graph\">{\"@context\":\"https:\/\/schema.org\",\"@graph\":[{\"@type\":\"Article\",\"@id\":\"https:\/\/protegetucorazon.com\/por-que-la-educacion-sexual-de-calidad-es-un-asunto-de-liderazgo-social\/#article\",\"isPartOf\":{\"@id\":\"https:\/\/protegetucorazon.com\/por-que-la-educacion-sexual-de-calidad-es-un-asunto-de-liderazgo-social\/\"},\"author\":{\"name\":\"protege2020\",\"@id\":\"https:\/\/protegetucorazon.com\/#\/schema\/person\/fe40036747dc22da99d555e763b905a7\"},\"headline\":\"Por qu\u00e9 la educaci\u00f3n sexual de calidad es un asunto de liderazgo social\",\"datePublished\":\"2025-09-24T00:38:56+00:00\",\"dateModified\":\"2025-09-24T00:41:39+00:00\",\"mainEntityOfPage\":{\"@id\":\"https:\/\/protegetucorazon.com\/por-que-la-educacion-sexual-de-calidad-es-un-asunto-de-liderazgo-social\/\"},\"wordCount\":772,\"publisher\":{\"@id\":\"https:\/\/protegetucorazon.com\/#organization\"},\"image\":{\"@id\":\"https:\/\/protegetucorazon.com\/por-que-la-educacion-sexual-de-calidad-es-un-asunto-de-liderazgo-social\/#primaryimage\"},\"thumbnailUrl\":\"https:\/\/protegetucorazon.com\/wp-content\/uploads\/2025\/09\/Joe-Lozano-181115-Photo-056-scaled.jpg\",\"articleSection\":[\"articulos\"],\"inLanguage\":\"en-US\"},{\"@type\":\"WebPage\",\"@id\":\"https:\/\/protegetucorazon.com\/por-que-la-educacion-sexual-de-calidad-es-un-asunto-de-liderazgo-social\/\",\"url\":\"https:\/\/protegetucorazon.com\/por-que-la-educacion-sexual-de-calidad-es-un-asunto-de-liderazgo-social\/\",\"name\":\"Por qu\u00e9 la educaci\u00f3n sexual de calidad es un asunto de liderazgo social - Protege tu corazon\",\"isPartOf\":{\"@id\":\"https:\/\/protegetucorazon.com\/#website\"},\"primaryImageOfPage\":{\"@id\":\"https:\/\/protegetucorazon.com\/por-que-la-educacion-sexual-de-calidad-es-un-asunto-de-liderazgo-social\/#primaryimage\"},\"image\":{\"@id\":\"https:\/\/protegetucorazon.com\/por-que-la-educacion-sexual-de-calidad-es-un-asunto-de-liderazgo-social\/#primaryimage\"},\"thumbnailUrl\":\"https:\/\/protegetucorazon.com\/wp-content\/uploads\/2025\/09\/Joe-Lozano-181115-Photo-056-scaled.jpg\",\"datePublished\":\"2025-09-24T00:38:56+00:00\",\"dateModified\":\"2025-09-24T00:41:39+00:00\",\"breadcrumb\":{\"@id\":\"https:\/\/protegetucorazon.com\/por-que-la-educacion-sexual-de-calidad-es-un-asunto-de-liderazgo-social\/#breadcrumb\"},\"inLanguage\":\"en-US\",\"potentialAction\":[{\"@type\":\"ReadAction\",\"target\":[\"https:\/\/protegetucorazon.com\/por-que-la-educacion-sexual-de-calidad-es-un-asunto-de-liderazgo-social\/\"]}]},{\"@type\":\"ImageObject\",\"inLanguage\":\"en-US\",\"@id\":\"https:\/\/protegetucorazon.com\/por-que-la-educacion-sexual-de-calidad-es-un-asunto-de-liderazgo-social\/#primaryimage\",\"url\":\"https:\/\/protegetucorazon.com\/wp-content\/uploads\/2025\/09\/Joe-Lozano-181115-Photo-056-scaled.jpg\",\"contentUrl\":\"https:\/\/protegetucorazon.com\/wp-content\/uploads\/2025\/09\/Joe-Lozano-181115-Photo-056-scaled.jpg\",\"width\":2560,\"height\":1709},{\"@type\":\"BreadcrumbList\",\"@id\":\"https:\/\/protegetucorazon.com\/por-que-la-educacion-sexual-de-calidad-es-un-asunto-de-liderazgo-social\/#breadcrumb\",\"itemListElement\":[{\"@type\":\"ListItem\",\"position\":1,\"name\":\"Portada\",\"item\":\"https:\/\/protegetucorazon.com\/\"},{\"@type\":\"ListItem\",\"position\":2,\"name\":\"Por qu\u00e9 la educaci\u00f3n sexual de calidad es un asunto de liderazgo social\"}]},{\"@type\":\"WebSite\",\"@id\":\"https:\/\/protegetucorazon.com\/#website\",\"url\":\"https:\/\/protegetucorazon.com\/\",\"name\":\"Protege tu corazon\",\"description\":\"Programa de educaci\u00f3n de la sexualidad basado en la formaci\u00f3n del car\u00e1cter\",\"publisher\":{\"@id\":\"https:\/\/protegetucorazon.com\/#organization\"},\"potentialAction\":[{\"@type\":\"SearchAction\",\"target\":{\"@type\":\"EntryPoint\",\"urlTemplate\":\"https:\/\/protegetucorazon.com\/?s={search_term_string}\"},\"query-input\":\"required name=search_term_string\"}],\"inLanguage\":\"en-US\"},{\"@type\":\"Organization\",\"@id\":\"https:\/\/protegetucorazon.com\/#organization\",\"name\":\"Protege tu corazon\",\"url\":\"https:\/\/protegetucorazon.com\/\",\"logo\":{\"@type\":\"ImageObject\",\"inLanguage\":\"en-US\",\"@id\":\"https:\/\/protegetucorazon.com\/#\/schema\/logo\/image\/\",\"url\":\"https:\/\/protegetucorazon.com\/wp-content\/uploads\/2020\/06\/protege-tu-corazon-color.png\",\"contentUrl\":\"https:\/\/protegetucorazon.com\/wp-content\/uploads\/2020\/06\/protege-tu-corazon-color.png\",\"width\":256,\"height\":90,\"caption\":\"Protege tu corazon\"},\"image\":{\"@id\":\"https:\/\/protegetucorazon.com\/#\/schema\/logo\/image\/\"}},{\"@type\":\"Person\",\"@id\":\"https:\/\/protegetucorazon.com\/#\/schema\/person\/fe40036747dc22da99d555e763b905a7\",\"name\":\"protege2020\",\"image\":{\"@type\":\"ImageObject\",\"inLanguage\":\"en-US\",\"@id\":\"https:\/\/protegetucorazon.com\/#\/schema\/person\/image\/\",\"url\":\"https:\/\/secure.gravatar.com\/avatar\/bae55470a3bfbad875b95ad324b52db8?s=96&d=mm&r=g\",\"contentUrl\":\"https:\/\/secure.gravatar.com\/avatar\/bae55470a3bfbad875b95ad324b52db8?s=96&d=mm&r=g\",\"caption\":\"protege2020\"},\"sameAs\":[\"https:\/\/protegetucorazon.com\"],\"url\":\"https:\/\/protegetucorazon.com\/en\/author\/protege2020\/\"}]}<\/script>\n<!-- \/ Yoast SEO plugin. -->","yoast_head_json":{"title":"Por qu\u00e9 la educaci\u00f3n sexual de calidad es un asunto de liderazgo social - Protege tu corazon","robots":{"index":"index","follow":"follow","max-snippet":"max-snippet:-1","max-image-preview":"max-image-preview:large","max-video-preview":"max-video-preview:-1"},"canonical":"https:\/\/protegetucorazon.com\/en\/por-que-la-educacion-sexual-de-calidad-es-un-asunto-de-liderazgo-social\/","og_locale":"en_US","og_type":"article","og_title":"Por qu\u00e9 la educaci\u00f3n sexual de calidad es un asunto de liderazgo social - Protege tu corazon","og_description":"&nbsp; Por Juan Francisco V\u00e9lez y Mar\u00eda Luisa de V\u00e9lez Hace unos meses, una alumna de 13 a\u00f1os respondi\u00f3 lo siguiente en una encuesta an\u00f3nima de su colegio: \u00abCuando quiero saber algo de sexualidad busco en TikTok porque en mi casa no me hablan del tema y en el colegio solo nos explicaron los cambios...","og_url":"https:\/\/protegetucorazon.com\/en\/por-que-la-educacion-sexual-de-calidad-es-un-asunto-de-liderazgo-social\/","og_site_name":"Protege tu corazon","article_published_time":"2025-09-24T00:38:56+00:00","article_modified_time":"2025-09-24T00:41:39+00:00","og_image":[{"width":2560,"height":1709,"url":"https:\/\/protegetucorazon.com\/wp-content\/uploads\/2025\/09\/Joe-Lozano-181115-Photo-056-scaled.jpg","type":"image\/jpeg"}],"author":"protege2020","twitter_card":"summary_large_image","twitter_misc":{"Written by":"protege2020","Est. reading time":"4 minutes"},"schema":{"@context":"https:\/\/schema.org","@graph":[{"@type":"Article","@id":"https:\/\/protegetucorazon.com\/por-que-la-educacion-sexual-de-calidad-es-un-asunto-de-liderazgo-social\/#article","isPartOf":{"@id":"https:\/\/protegetucorazon.com\/por-que-la-educacion-sexual-de-calidad-es-un-asunto-de-liderazgo-social\/"},"author":{"name":"protege2020","@id":"https:\/\/protegetucorazon.com\/#\/schema\/person\/fe40036747dc22da99d555e763b905a7"},"headline":"Por qu\u00e9 la educaci\u00f3n sexual de calidad es un asunto de liderazgo social","datePublished":"2025-09-24T00:38:56+00:00","dateModified":"2025-09-24T00:41:39+00:00","mainEntityOfPage":{"@id":"https:\/\/protegetucorazon.com\/por-que-la-educacion-sexual-de-calidad-es-un-asunto-de-liderazgo-social\/"},"wordCount":772,"publisher":{"@id":"https:\/\/protegetucorazon.com\/#organization"},"image":{"@id":"https:\/\/protegetucorazon.com\/por-que-la-educacion-sexual-de-calidad-es-un-asunto-de-liderazgo-social\/#primaryimage"},"thumbnailUrl":"https:\/\/protegetucorazon.com\/wp-content\/uploads\/2025\/09\/Joe-Lozano-181115-Photo-056-scaled.jpg","articleSection":["articulos"],"inLanguage":"en-US"},{"@type":"WebPage","@id":"https:\/\/protegetucorazon.com\/por-que-la-educacion-sexual-de-calidad-es-un-asunto-de-liderazgo-social\/","url":"https:\/\/protegetucorazon.com\/por-que-la-educacion-sexual-de-calidad-es-un-asunto-de-liderazgo-social\/","name":"Por qu\u00e9 la educaci\u00f3n sexual de calidad es un asunto de liderazgo social - Protege tu corazon","isPartOf":{"@id":"https:\/\/protegetucorazon.com\/#website"},"primaryImageOfPage":{"@id":"https:\/\/protegetucorazon.com\/por-que-la-educacion-sexual-de-calidad-es-un-asunto-de-liderazgo-social\/#primaryimage"},"image":{"@id":"https:\/\/protegetucorazon.com\/por-que-la-educacion-sexual-de-calidad-es-un-asunto-de-liderazgo-social\/#primaryimage"},"thumbnailUrl":"https:\/\/protegetucorazon.com\/wp-content\/uploads\/2025\/09\/Joe-Lozano-181115-Photo-056-scaled.jpg","datePublished":"2025-09-24T00:38:56+00:00","dateModified":"2025-09-24T00:41:39+00:00","breadcrumb":{"@id":"https:\/\/protegetucorazon.com\/por-que-la-educacion-sexual-de-calidad-es-un-asunto-de-liderazgo-social\/#breadcrumb"},"inLanguage":"en-US","potentialAction":[{"@type":"ReadAction","target":["https:\/\/protegetucorazon.com\/por-que-la-educacion-sexual-de-calidad-es-un-asunto-de-liderazgo-social\/"]}]},{"@type":"ImageObject","inLanguage":"en-US","@id":"https:\/\/protegetucorazon.com\/por-que-la-educacion-sexual-de-calidad-es-un-asunto-de-liderazgo-social\/#primaryimage","url":"https:\/\/protegetucorazon.com\/wp-content\/uploads\/2025\/09\/Joe-Lozano-181115-Photo-056-scaled.jpg","contentUrl":"https:\/\/protegetucorazon.com\/wp-content\/uploads\/2025\/09\/Joe-Lozano-181115-Photo-056-scaled.jpg","width":2560,"height":1709},{"@type":"BreadcrumbList","@id":"https:\/\/protegetucorazon.com\/por-que-la-educacion-sexual-de-calidad-es-un-asunto-de-liderazgo-social\/#breadcrumb","itemListElement":[{"@type":"ListItem","position":1,"name":"Portada","item":"https:\/\/protegetucorazon.com\/"},{"@type":"ListItem","position":2,"name":"Por qu\u00e9 la educaci\u00f3n sexual de calidad es un asunto de liderazgo social"}]},{"@type":"WebSite","@id":"https:\/\/protegetucorazon.com\/#website","url":"https:\/\/protegetucorazon.com\/","name":"Protege tu corazon","description":"Programa de educaci\u00f3n de la sexualidad basado en la formaci\u00f3n del car\u00e1cter","publisher":{"@id":"https:\/\/protegetucorazon.com\/#organization"},"potentialAction":[{"@type":"SearchAction","target":{"@type":"EntryPoint","urlTemplate":"https:\/\/protegetucorazon.com\/?s={search_term_string}"},"query-input":"required name=search_term_string"}],"inLanguage":"en-US"},{"@type":"Organization","@id":"https:\/\/protegetucorazon.com\/#organization","name":"Protege tu corazon","url":"https:\/\/protegetucorazon.com\/","logo":{"@type":"ImageObject","inLanguage":"en-US","@id":"https:\/\/protegetucorazon.com\/#\/schema\/logo\/image\/","url":"https:\/\/protegetucorazon.com\/wp-content\/uploads\/2020\/06\/protege-tu-corazon-color.png","contentUrl":"https:\/\/protegetucorazon.com\/wp-content\/uploads\/2020\/06\/protege-tu-corazon-color.png","width":256,"height":90,"caption":"Protege tu corazon"},"image":{"@id":"https:\/\/protegetucorazon.com\/#\/schema\/logo\/image\/"}},{"@type":"Person","@id":"https:\/\/protegetucorazon.com\/#\/schema\/person\/fe40036747dc22da99d555e763b905a7","name":"protege2020","image":{"@type":"ImageObject","inLanguage":"en-US","@id":"https:\/\/protegetucorazon.com\/#\/schema\/person\/image\/","url":"https:\/\/secure.gravatar.com\/avatar\/bae55470a3bfbad875b95ad324b52db8?s=96&d=mm&r=g","contentUrl":"https:\/\/secure.gravatar.com\/avatar\/bae55470a3bfbad875b95ad324b52db8?s=96&d=mm&r=g","caption":"protege2020"},"sameAs":["https:\/\/protegetucorazon.com"],"url":"https:\/\/protegetucorazon.com\/en\/author\/protege2020\/"}]}},"_links":{"self":[{"href":"https:\/\/protegetucorazon.com\/en\/wp-json\/wp\/v2\/posts\/12597"}],"collection":[{"href":"https:\/\/protegetucorazon.com\/en\/wp-json\/wp\/v2\/posts"}],"about":[{"href":"https:\/\/protegetucorazon.com\/en\/wp-json\/wp\/v2\/types\/post"}],"author":[{"embeddable":true,"href":"https:\/\/protegetucorazon.com\/en\/wp-json\/wp\/v2\/users\/1"}],"replies":[{"embeddable":true,"href":"https:\/\/protegetucorazon.com\/en\/wp-json\/wp\/v2\/comments?post=12597"}],"version-history":[{"count":4,"href":"https:\/\/protegetucorazon.com\/en\/wp-json\/wp\/v2\/posts\/12597\/revisions"}],"predecessor-version":[{"id":12602,"href":"https:\/\/protegetucorazon.com\/en\/wp-json\/wp\/v2\/posts\/12597\/revisions\/12602"}],"wp:featuredmedia":[{"embeddable":true,"href":"https:\/\/protegetucorazon.com\/en\/wp-json\/wp\/v2\/media\/12598"}],"wp:attachment":[{"href":"https:\/\/protegetucorazon.com\/en\/wp-json\/wp\/v2\/media?parent=12597"}],"wp:term":[{"taxonomy":"category","embeddable":true,"href":"https:\/\/protegetucorazon.com\/en\/wp-json\/wp\/v2\/categories?post=12597"},{"taxonomy":"post_tag","embeddable":true,"href":"https:\/\/protegetucorazon.com\/en\/wp-json\/wp\/v2\/tags?post=12597"}],"curies":[{"name":"wp","href":"https:\/\/api.w.org\/{rel}","templated":true}]}}