      
            
            
            
      {"id":1994,"date":"2007-05-23T12:33:59","date_gmt":"2007-05-23T18:33:59","guid":{"rendered":"http:\/\/clients.bangbang.mx\/corazon\/?p=1994"},"modified":"2007-05-23T12:33:59","modified_gmt":"2007-05-23T18:33:59","slug":"en-centroamerica-por-primera-vez","status":"publish","type":"post","link":"https:\/\/protegetucorazon.com\/en\/en-centroamerica-por-primera-vez\/","title":{"rendered":"En Centroam\u00e9rica por primera vez"},"content":{"rendered":"<table border=\"1\">\n<tbody>\n<tr>\n<td>PTC y los &#8220;ticos&#8221;<\/td>\n<\/tr>\n<\/tbody>\n<\/table>\n<p style=\"text-align: justify;\"><img loading=\"lazy\" decoding=\"async\" class=\"alignleft size-full wp-image-1671\" src=\"https:\/\/protegetucorazon.com\/wp-content\/uploads\/2012\/02\/bck_celeste.gif\" alt=\"\" width=\"149\" height=\"149\" \/>Con gran entusiasmo por parte de los &#8220;ticos&#8221; y un seminario de capacitaci\u00f3n para los futuros instructores del programa, se ha iniciado en San Jos\u00e9, Costa Rica, el programa PTC. Paralelamente se program\u00f3 un Seminario Internacional sobre &#8220;C\u00f3mo formar la afectividad y la sexualidad de los hijos adolescentes&#8221; La prensa y la televisi\u00f3n se hicieron presentes para cubrir ambos eventos.<\/p>\n<p style=\"text-align: justify;\">Este seminario, al cual asistieron 60 personas, se llev\u00f3 a cabo el s\u00e1bado 2 de junio en la Hacienda Quinta del Sol del Oficentro Forum Santa Ana, un lugar especial rodeado de vegetaci\u00f3n, impartido por los fundadores de Protege tu coraz\u00f3n, Juan Francisco V\u00e9lez y Mar\u00eda Luisa Estrada de V quienes viajaron especialmente desde M\u00e9xico para esta ocasi\u00f3n. Los temas tratados fueron &#8220;Qu\u00e9, c\u00f3mo y cu\u00e1ndo hablar con los hijos sobre sexualidad&#8221; y &#8220;Las presiones, punto de quiebra de los adolescentes&#8221;. Durante la ma\u00f1ana se plantearon inquietudes muy interesantes y los representantes de varios colegios de la ciudad quedaron muy interesados en llevar a PTC a su instituci\u00f3n. Hacia la una de la tarde se sirvi\u00f3 un delicioso almuerzo con lo cual los asistentes pudieron intercambiar experiencias con los conferenciantes. La organizaci\u00f3n de ambos eventos corri\u00f3 por cuenta de Eje Integral con Antonio y Maureen Fern\u00e1ndez a la cabeza, M\u00f3nica Valerio y Marcela Villalobos. A todos muchas gracias por su trabajo y profesionalismo.<\/p>\n<p style=\"text-align: justify;\">En la foto podemos apreciar el grupo de futuros instructores.<\/p>","protected":false},"excerpt":{"rendered":"<p>PTC y los &#8220;ticos&#8221;<\/p>","protected":false},"author":1,"featured_media":1671,"comment_status":"open","ping_status":"open","sticky":false,"template":"","format":"standard","meta":{"_bbp_topic_count":0,"_bbp_reply_count":0,"_bbp_total_topic_count":0,"_bbp_total_reply_count":0,"_bbp_voice_count":0,"_bbp_anonymous_reply_count":0,"_bbp_topic_count_hidden":0,"_bbp_reply_count_hidden":0,"_bbp_forum_subforum_count":0,"footnotes":""},"categories":[53],"tags":[],"yoast_head":"<!-- This site is optimized with the Yoast SEO plugin v23.0 - https:\/\/yoast.com\/wordpress\/plugins\/seo\/ -->\n<title>En Centroam\u00e9rica por primera vez - Protege tu corazon<\/title>\n<meta name=\"robots\" content=\"index, follow, max-snippet:-1, max-image-preview:large, max-video-preview:-1\" \/>\n<link rel=\"canonical\" href=\"https:\/\/protegetucorazon.com\/en\/en-centroamerica-por-primera-vez\/\" \/>\n<meta property=\"og:locale\" content=\"en_US\" \/>\n<meta property=\"og:type\" content=\"article\" \/>\n<meta property=\"og:title\" content=\"En Centroam\u00e9rica por primera vez - Protege tu corazon\" \/>\n<meta property=\"og:description\" content=\"PTC y los &quot;ticos&quot;\" \/>\n<meta property=\"og:url\" content=\"https:\/\/protegetucorazon.com\/en\/en-centroamerica-por-primera-vez\/\" \/>\n<meta property=\"og:site_name\" content=\"Protege tu corazon\" \/>\n<meta property=\"article:published_time\" content=\"2007-05-23T18:33:59+00:00\" \/>\n<meta property=\"og:image\" content=\"https:\/\/protegetucorazon.com\/wp-content\/uploads\/2012\/02\/bck_celeste.gif\" \/>\n\t<meta property=\"og:image:width\" content=\"149\" \/>\n\t<meta property=\"og:image:height\" content=\"149\" \/>\n\t<meta property=\"og:image:type\" content=\"image\/gif\" \/>\n<meta name=\"author\" content=\"protege2020\" \/>\n<meta name=\"twitter:card\" content=\"summary_large_image\" \/>\n<meta name=\"twitter:label1\" content=\"Written by\" \/>\n\t<meta name=\"twitter:data1\" content=\"protege2020\" \/>\n\t<meta name=\"twitter:label2\" content=\"Est. reading time\" \/>\n\t<meta name=\"twitter:data2\" content=\"1 minute\" \/>\n<script type=\"application\/ld+json\" class=\"yoast-schema-graph\">{\"@context\":\"https:\/\/schema.org\",\"@graph\":[{\"@type\":\"Article\",\"@id\":\"https:\/\/protegetucorazon.com\/en-centroamerica-por-primera-vez\/#article\",\"isPartOf\":{\"@id\":\"https:\/\/protegetucorazon.com\/en-centroamerica-por-primera-vez\/\"},\"author\":{\"name\":\"protege2020\",\"@id\":\"https:\/\/protegetucorazon.com\/#\/schema\/person\/fe40036747dc22da99d555e763b905a7\"},\"headline\":\"En Centroam\u00e9rica por primera vez\",\"datePublished\":\"2007-05-23T18:33:59+00:00\",\"dateModified\":\"2007-05-23T18:33:59+00:00\",\"mainEntityOfPage\":{\"@id\":\"https:\/\/protegetucorazon.com\/en-centroamerica-por-primera-vez\/\"},\"wordCount\":258,\"commentCount\":0,\"publisher\":{\"@id\":\"https:\/\/protegetucorazon.com\/#organization\"},\"image\":{\"@id\":\"https:\/\/protegetucorazon.com\/en-centroamerica-por-primera-vez\/#primaryimage\"},\"thumbnailUrl\":\"https:\/\/protegetucorazon.com\/wp-content\/uploads\/2012\/02\/bck_celeste.gif\",\"articleSection\":[\"Noticias\"],\"inLanguage\":\"en-US\",\"potentialAction\":[{\"@type\":\"CommentAction\",\"name\":\"Comment\",\"target\":[\"https:\/\/protegetucorazon.com\/en-centroamerica-por-primera-vez\/#respond\"]}]},{\"@type\":\"WebPage\",\"@id\":\"https:\/\/protegetucorazon.com\/en-centroamerica-por-primera-vez\/\",\"url\":\"https:\/\/protegetucorazon.com\/en-centroamerica-por-primera-vez\/\",\"name\":\"En Centroam\u00e9rica por primera vez - Protege tu corazon\",\"isPartOf\":{\"@id\":\"https:\/\/protegetucorazon.com\/#website\"},\"primaryImageOfPage\":{\"@id\":\"https:\/\/protegetucorazon.com\/en-centroamerica-por-primera-vez\/#primaryimage\"},\"image\":{\"@id\":\"https:\/\/protegetucorazon.com\/en-centroamerica-por-primera-vez\/#primaryimage\"},\"thumbnailUrl\":\"https:\/\/protegetucorazon.com\/wp-content\/uploads\/2012\/02\/bck_celeste.gif\",\"datePublished\":\"2007-05-23T18:33:59+00:00\",\"dateModified\":\"2007-05-23T18:33:59+00:00\",\"breadcrumb\":{\"@id\":\"https:\/\/protegetucorazon.com\/en-centroamerica-por-primera-vez\/#breadcrumb\"},\"inLanguage\":\"en-US\",\"potentialAction\":[{\"@type\":\"ReadAction\",\"target\":[\"https:\/\/protegetucorazon.com\/en-centroamerica-por-primera-vez\/\"]}]},{\"@type\":\"ImageObject\",\"inLanguage\":\"en-US\",\"@id\":\"https:\/\/protegetucorazon.com\/en-centroamerica-por-primera-vez\/#primaryimage\",\"url\":\"https:\/\/protegetucorazon.com\/wp-content\/uploads\/2012\/02\/bck_celeste.gif\",\"contentUrl\":\"https:\/\/protegetucorazon.com\/wp-content\/uploads\/2012\/02\/bck_celeste.gif\",\"width\":149,\"height\":149},{\"@type\":\"BreadcrumbList\",\"@id\":\"https:\/\/protegetucorazon.com\/en-centroamerica-por-primera-vez\/#breadcrumb\",\"itemListElement\":[{\"@type\":\"ListItem\",\"position\":1,\"name\":\"Portada\",\"item\":\"https:\/\/protegetucorazon.com\/\"},{\"@type\":\"ListItem\",\"position\":2,\"name\":\"En Centroam\u00e9rica por primera vez\"}]},{\"@type\":\"WebSite\",\"@id\":\"https:\/\/protegetucorazon.com\/#website\",\"url\":\"https:\/\/protegetucorazon.com\/\",\"name\":\"Protege tu corazon\",\"description\":\"Programa de educaci\u00f3n de la sexualidad basado en la formaci\u00f3n del car\u00e1cter\",\"publisher\":{\"@id\":\"https:\/\/protegetucorazon.com\/#organization\"},\"potentialAction\":[{\"@type\":\"SearchAction\",\"target\":{\"@type\":\"EntryPoint\",\"urlTemplate\":\"https:\/\/protegetucorazon.com\/?s={search_term_string}\"},\"query-input\":\"required name=search_term_string\"}],\"inLanguage\":\"en-US\"},{\"@type\":\"Organization\",\"@id\":\"https:\/\/protegetucorazon.com\/#organization\",\"name\":\"Protege tu corazon\",\"url\":\"https:\/\/protegetucorazon.com\/\",\"logo\":{\"@type\":\"ImageObject\",\"inLanguage\":\"en-US\",\"@id\":\"https:\/\/protegetucorazon.com\/#\/schema\/logo\/image\/\",\"url\":\"https:\/\/protegetucorazon.com\/wp-content\/uploads\/2020\/06\/protege-tu-corazon-color.png\",\"contentUrl\":\"https:\/\/protegetucorazon.com\/wp-content\/uploads\/2020\/06\/protege-tu-corazon-color.png\",\"width\":256,\"height\":90,\"caption\":\"Protege tu corazon\"},\"image\":{\"@id\":\"https:\/\/protegetucorazon.com\/#\/schema\/logo\/image\/\"}},{\"@type\":\"Person\",\"@id\":\"https:\/\/protegetucorazon.com\/#\/schema\/person\/fe40036747dc22da99d555e763b905a7\",\"name\":\"protege2020\",\"image\":{\"@type\":\"ImageObject\",\"inLanguage\":\"en-US\",\"@id\":\"https:\/\/protegetucorazon.com\/#\/schema\/person\/image\/\",\"url\":\"https:\/\/secure.gravatar.com\/avatar\/bae55470a3bfbad875b95ad324b52db8?s=96&d=mm&r=g\",\"contentUrl\":\"https:\/\/secure.gravatar.com\/avatar\/bae55470a3bfbad875b95ad324b52db8?s=96&d=mm&r=g\",\"caption\":\"protege2020\"},\"sameAs\":[\"https:\/\/protegetucorazon.com\"],\"url\":\"https:\/\/protegetucorazon.com\/en\/author\/protege2020\/\"}]}<\/script>\n<!-- \/ Yoast SEO plugin. -->","yoast_head_json":{"title":"En Centroam\u00e9rica por primera vez - Protege tu corazon","robots":{"index":"index","follow":"follow","max-snippet":"max-snippet:-1","max-image-preview":"max-image-preview:large","max-video-preview":"max-video-preview:-1"},"canonical":"https:\/\/protegetucorazon.com\/en\/en-centroamerica-por-primera-vez\/","og_locale":"en_US","og_type":"article","og_title":"En Centroam\u00e9rica por primera vez - Protege tu corazon","og_description":"PTC y los \"ticos\"","og_url":"https:\/\/protegetucorazon.com\/en\/en-centroamerica-por-primera-vez\/","og_site_name":"Protege tu corazon","article_published_time":"2007-05-23T18:33:59+00:00","og_image":[{"width":149,"height":149,"url":"https:\/\/protegetucorazon.com\/wp-content\/uploads\/2012\/02\/bck_celeste.gif","type":"image\/gif"}],"author":"protege2020","twitter_card":"summary_large_image","twitter_misc":{"Written by":"protege2020","Est. reading time":"1 minute"},"schema":{"@context":"https:\/\/schema.org","@graph":[{"@type":"Article","@id":"https:\/\/protegetucorazon.com\/en-centroamerica-por-primera-vez\/#article","isPartOf":{"@id":"https:\/\/protegetucorazon.com\/en-centroamerica-por-primera-vez\/"},"author":{"name":"protege2020","@id":"https:\/\/protegetucorazon.com\/#\/schema\/person\/fe40036747dc22da99d555e763b905a7"},"headline":"En Centroam\u00e9rica por primera vez","datePublished":"2007-05-23T18:33:59+00:00","dateModified":"2007-05-23T18:33:59+00:00","mainEntityOfPage":{"@id":"https:\/\/protegetucorazon.com\/en-centroamerica-por-primera-vez\/"},"wordCount":258,"commentCount":0,"publisher":{"@id":"https:\/\/protegetucorazon.com\/#organization"},"image":{"@id":"https:\/\/protegetucorazon.com\/en-centroamerica-por-primera-vez\/#primaryimage"},"thumbnailUrl":"https:\/\/protegetucorazon.com\/wp-content\/uploads\/2012\/02\/bck_celeste.gif","articleSection":["Noticias"],"inLanguage":"en-US","potentialAction":[{"@type":"CommentAction","name":"Comment","target":["https:\/\/protegetucorazon.com\/en-centroamerica-por-primera-vez\/#respond"]}]},{"@type":"WebPage","@id":"https:\/\/protegetucorazon.com\/en-centroamerica-por-primera-vez\/","url":"https:\/\/protegetucorazon.com\/en-centroamerica-por-primera-vez\/","name":"En Centroam\u00e9rica por primera vez - Protege tu corazon","isPartOf":{"@id":"https:\/\/protegetucorazon.com\/#website"},"primaryImageOfPage":{"@id":"https:\/\/protegetucorazon.com\/en-centroamerica-por-primera-vez\/#primaryimage"},"image":{"@id":"https:\/\/protegetucorazon.com\/en-centroamerica-por-primera-vez\/#primaryimage"},"thumbnailUrl":"https:\/\/protegetucorazon.com\/wp-content\/uploads\/2012\/02\/bck_celeste.gif","datePublished":"2007-05-23T18:33:59+00:00","dateModified":"2007-05-23T18:33:59+00:00","breadcrumb":{"@id":"https:\/\/protegetucorazon.com\/en-centroamerica-por-primera-vez\/#breadcrumb"},"inLanguage":"en-US","potentialAction":[{"@type":"ReadAction","target":["https:\/\/protegetucorazon.com\/en-centroamerica-por-primera-vez\/"]}]},{"@type":"ImageObject","inLanguage":"en-US","@id":"https:\/\/protegetucorazon.com\/en-centroamerica-por-primera-vez\/#primaryimage","url":"https:\/\/protegetucorazon.com\/wp-content\/uploads\/2012\/02\/bck_celeste.gif","contentUrl":"https:\/\/protegetucorazon.com\/wp-content\/uploads\/2012\/02\/bck_celeste.gif","width":149,"height":149},{"@type":"BreadcrumbList","@id":"https:\/\/protegetucorazon.com\/en-centroamerica-por-primera-vez\/#breadcrumb","itemListElement":[{"@type":"ListItem","position":1,"name":"Portada","item":"https:\/\/protegetucorazon.com\/"},{"@type":"ListItem","position":2,"name":"En Centroam\u00e9rica por primera vez"}]},{"@type":"WebSite","@id":"https:\/\/protegetucorazon.com\/#website","url":"https:\/\/protegetucorazon.com\/","name":"Protege tu corazon","description":"Programa de educaci\u00f3n de la sexualidad basado en la formaci\u00f3n del car\u00e1cter","publisher":{"@id":"https:\/\/protegetucorazon.com\/#organization"},"potentialAction":[{"@type":"SearchAction","target":{"@type":"EntryPoint","urlTemplate":"https:\/\/protegetucorazon.com\/?s={search_term_string}"},"query-input":"required name=search_term_string"}],"inLanguage":"en-US"},{"@type":"Organization","@id":"https:\/\/protegetucorazon.com\/#organization","name":"Protege tu corazon","url":"https:\/\/protegetucorazon.com\/","logo":{"@type":"ImageObject","inLanguage":"en-US","@id":"https:\/\/protegetucorazon.com\/#\/schema\/logo\/image\/","url":"https:\/\/protegetucorazon.com\/wp-content\/uploads\/2020\/06\/protege-tu-corazon-color.png","contentUrl":"https:\/\/protegetucorazon.com\/wp-content\/uploads\/2020\/06\/protege-tu-corazon-color.png","width":256,"height":90,"caption":"Protege tu corazon"},"image":{"@id":"https:\/\/protegetucorazon.com\/#\/schema\/logo\/image\/"}},{"@type":"Person","@id":"https:\/\/protegetucorazon.com\/#\/schema\/person\/fe40036747dc22da99d555e763b905a7","name":"protege2020","image":{"@type":"ImageObject","inLanguage":"en-US","@id":"https:\/\/protegetucorazon.com\/#\/schema\/person\/image\/","url":"https:\/\/secure.gravatar.com\/avatar\/bae55470a3bfbad875b95ad324b52db8?s=96&d=mm&r=g","contentUrl":"https:\/\/secure.gravatar.com\/avatar\/bae55470a3bfbad875b95ad324b52db8?s=96&d=mm&r=g","caption":"protege2020"},"sameAs":["https:\/\/protegetucorazon.com"],"url":"https:\/\/protegetucorazon.com\/en\/author\/protege2020\/"}]}},"_links":{"self":[{"href":"https:\/\/protegetucorazon.com\/en\/wp-json\/wp\/v2\/posts\/1994"}],"collection":[{"href":"https:\/\/protegetucorazon.com\/en\/wp-json\/wp\/v2\/posts"}],"about":[{"href":"https:\/\/protegetucorazon.com\/en\/wp-json\/wp\/v2\/types\/post"}],"author":[{"embeddable":true,"href":"https:\/\/protegetucorazon.com\/en\/wp-json\/wp\/v2\/users\/1"}],"replies":[{"embeddable":true,"href":"https:\/\/protegetucorazon.com\/en\/wp-json\/wp\/v2\/comments?post=1994"}],"version-history":[{"count":0,"href":"https:\/\/protegetucorazon.com\/en\/wp-json\/wp\/v2\/posts\/1994\/revisions"}],"wp:featuredmedia":[{"embeddable":true,"href":"https:\/\/protegetucorazon.com\/en\/wp-json\/wp\/v2\/media\/1671"}],"wp:attachment":[{"href":"https:\/\/protegetucorazon.com\/en\/wp-json\/wp\/v2\/media?parent=1994"}],"wp:term":[{"taxonomy":"category","embeddable":true,"href":"https:\/\/protegetucorazon.com\/en\/wp-json\/wp\/v2\/categories?post=1994"},{"taxonomy":"post_tag","embeddable":true,"href":"https:\/\/protegetucorazon.com\/en\/wp-json\/wp\/v2\/tags?post=1994"}],"curies":[{"name":"wp","href":"https:\/\/api.w.org\/{rel}","templated":true}]}}