      
            
            
            
      {"id":2067,"date":"2006-06-03T14:07:03","date_gmt":"2006-06-03T20:07:03","guid":{"rendered":"http:\/\/clients.bangbang.mx\/corazon\/?p=2067"},"modified":"2006-06-03T14:07:03","modified_gmt":"2006-06-03T20:07:03","slug":"en-italia-el-idioma-no-fue-barrera","status":"publish","type":"post","link":"https:\/\/protegetucorazon.com\/en\/en-italia-el-idioma-no-fue-barrera\/","title":{"rendered":"En Italia, el idioma no fue barrera"},"content":{"rendered":"<p style=\"text-align: justify;\"><img loading=\"lazy\" decoding=\"async\" class=\"wp-image-2068 alignleft\" src=\"https:\/\/protegetucorazon.com\/wp-content\/uploads\/2012\/02\/milan.jpg\" alt=\"\" width=\"158\" height=\"154\" \/><\/p>\n<p>&nbsp;<\/p>\n<p style=\"text-align: justify;\">Durante tres d\u00edas, desde el 26 al 29 de mayo, 40 personas recibieron en Mil\u00e1n, capacitaci\u00f3n para impartir el programa PTC en la regi\u00f3n de Lombardia. Ni el idioma, ni las distancias fueron barrera para que el programa llegara a este bonito lugar de Europa y empezara con mucha fuerza. Entre el p\u00fablico no solo hab\u00eda italianos, estaban tambi\u00e9n personas de Argentina, Brasil, Suiza, y Africa. Tanto para los participantes como para los expositores, el curso fue muy enriquecedor. Una vez m\u00e1s se comprueba que los adolescentes del mundo nos necesitan, sin importar el idioma, la raza, ni la cultura.<\/p>\n<p>&nbsp;<br \/>\n&nbsp;<\/p>\n<p style=\"text-align: center;\"><img loading=\"lazy\" decoding=\"async\" class=\"size-full wp-image-2069 alignnone\" src=\"https:\/\/protegetucorazon.com\/wp-content\/uploads\/2012\/02\/milan2-e1330027406604.jpg\" alt=\"\" width=\"200\" height=\"103\" \/>\u00a0 \u00a0 \u00a0 <img loading=\"lazy\" decoding=\"async\" class=\"size-full wp-image-2070 alignnone\" src=\"https:\/\/protegetucorazon.com\/wp-content\/uploads\/2012\/02\/milan3-e1330027462859.jpg\" alt=\"\" width=\"207\" height=\"103\" \/><\/p>","protected":false},"excerpt":{"rendered":"<p>Capacitaci\u00f3n del PTC en Italia.<\/p>","protected":false},"author":1,"featured_media":2069,"comment_status":"open","ping_status":"open","sticky":false,"template":"","format":"standard","meta":{"_bbp_topic_count":0,"_bbp_reply_count":0,"_bbp_total_topic_count":0,"_bbp_total_reply_count":0,"_bbp_voice_count":0,"_bbp_anonymous_reply_count":0,"_bbp_topic_count_hidden":0,"_bbp_reply_count_hidden":0,"_bbp_forum_subforum_count":0,"footnotes":""},"categories":[53],"tags":[],"yoast_head":"<!-- This site is optimized with the Yoast SEO plugin v23.0 - https:\/\/yoast.com\/wordpress\/plugins\/seo\/ -->\n<title>En Italia, el idioma no fue barrera - Protege tu corazon<\/title>\n<meta name=\"robots\" content=\"index, follow, max-snippet:-1, max-image-preview:large, max-video-preview:-1\" \/>\n<link rel=\"canonical\" href=\"https:\/\/protegetucorazon.com\/en\/en-italia-el-idioma-no-fue-barrera\/\" \/>\n<meta property=\"og:locale\" content=\"en_US\" \/>\n<meta property=\"og:type\" content=\"article\" \/>\n<meta property=\"og:title\" content=\"En Italia, el idioma no fue barrera - Protege tu corazon\" \/>\n<meta property=\"og:description\" content=\"Capacitaci\u00f3n del PTC en Italia.\" \/>\n<meta property=\"og:url\" content=\"https:\/\/protegetucorazon.com\/en\/en-italia-el-idioma-no-fue-barrera\/\" \/>\n<meta property=\"og:site_name\" content=\"Protege tu corazon\" \/>\n<meta property=\"article:published_time\" content=\"2006-06-03T20:07:03+00:00\" \/>\n<meta property=\"og:image\" content=\"https:\/\/protegetucorazon.com\/wp-content\/uploads\/2012\/02\/milan2-e1330027406604.jpg\" \/>\n\t<meta property=\"og:image:width\" content=\"200\" \/>\n\t<meta property=\"og:image:height\" content=\"103\" \/>\n\t<meta property=\"og:image:type\" content=\"image\/jpeg\" \/>\n<meta name=\"author\" content=\"protege2020\" \/>\n<meta name=\"twitter:card\" content=\"summary_large_image\" \/>\n<meta name=\"twitter:label1\" content=\"Written by\" \/>\n\t<meta name=\"twitter:data1\" content=\"protege2020\" \/>\n\t<meta name=\"twitter:label2\" content=\"Est. reading time\" \/>\n\t<meta name=\"twitter:data2\" content=\"1 minute\" \/>\n<script type=\"application\/ld+json\" class=\"yoast-schema-graph\">{\"@context\":\"https:\/\/schema.org\",\"@graph\":[{\"@type\":\"Article\",\"@id\":\"https:\/\/protegetucorazon.com\/en-italia-el-idioma-no-fue-barrera\/#article\",\"isPartOf\":{\"@id\":\"https:\/\/protegetucorazon.com\/en-italia-el-idioma-no-fue-barrera\/\"},\"author\":{\"name\":\"protege2020\",\"@id\":\"https:\/\/protegetucorazon.com\/#\/schema\/person\/fe40036747dc22da99d555e763b905a7\"},\"headline\":\"En Italia, el idioma no fue barrera\",\"datePublished\":\"2006-06-03T20:07:03+00:00\",\"dateModified\":\"2006-06-03T20:07:03+00:00\",\"mainEntityOfPage\":{\"@id\":\"https:\/\/protegetucorazon.com\/en-italia-el-idioma-no-fue-barrera\/\"},\"wordCount\":115,\"commentCount\":0,\"publisher\":{\"@id\":\"https:\/\/protegetucorazon.com\/#organization\"},\"image\":{\"@id\":\"https:\/\/protegetucorazon.com\/en-italia-el-idioma-no-fue-barrera\/#primaryimage\"},\"thumbnailUrl\":\"https:\/\/protegetucorazon.com\/wp-content\/uploads\/2012\/02\/milan2-e1330027406604.jpg\",\"articleSection\":[\"Noticias\"],\"inLanguage\":\"en-US\",\"potentialAction\":[{\"@type\":\"CommentAction\",\"name\":\"Comment\",\"target\":[\"https:\/\/protegetucorazon.com\/en-italia-el-idioma-no-fue-barrera\/#respond\"]}]},{\"@type\":\"WebPage\",\"@id\":\"https:\/\/protegetucorazon.com\/en-italia-el-idioma-no-fue-barrera\/\",\"url\":\"https:\/\/protegetucorazon.com\/en-italia-el-idioma-no-fue-barrera\/\",\"name\":\"En Italia, el idioma no fue barrera - Protege tu corazon\",\"isPartOf\":{\"@id\":\"https:\/\/protegetucorazon.com\/#website\"},\"primaryImageOfPage\":{\"@id\":\"https:\/\/protegetucorazon.com\/en-italia-el-idioma-no-fue-barrera\/#primaryimage\"},\"image\":{\"@id\":\"https:\/\/protegetucorazon.com\/en-italia-el-idioma-no-fue-barrera\/#primaryimage\"},\"thumbnailUrl\":\"https:\/\/protegetucorazon.com\/wp-content\/uploads\/2012\/02\/milan2-e1330027406604.jpg\",\"datePublished\":\"2006-06-03T20:07:03+00:00\",\"dateModified\":\"2006-06-03T20:07:03+00:00\",\"breadcrumb\":{\"@id\":\"https:\/\/protegetucorazon.com\/en-italia-el-idioma-no-fue-barrera\/#breadcrumb\"},\"inLanguage\":\"en-US\",\"potentialAction\":[{\"@type\":\"ReadAction\",\"target\":[\"https:\/\/protegetucorazon.com\/en-italia-el-idioma-no-fue-barrera\/\"]}]},{\"@type\":\"ImageObject\",\"inLanguage\":\"en-US\",\"@id\":\"https:\/\/protegetucorazon.com\/en-italia-el-idioma-no-fue-barrera\/#primaryimage\",\"url\":\"https:\/\/protegetucorazon.com\/wp-content\/uploads\/2012\/02\/milan2-e1330027406604.jpg\",\"contentUrl\":\"https:\/\/protegetucorazon.com\/wp-content\/uploads\/2012\/02\/milan2-e1330027406604.jpg\",\"width\":200,\"height\":103},{\"@type\":\"BreadcrumbList\",\"@id\":\"https:\/\/protegetucorazon.com\/en-italia-el-idioma-no-fue-barrera\/#breadcrumb\",\"itemListElement\":[{\"@type\":\"ListItem\",\"position\":1,\"name\":\"Portada\",\"item\":\"https:\/\/protegetucorazon.com\/\"},{\"@type\":\"ListItem\",\"position\":2,\"name\":\"En Italia, el idioma no fue barrera\"}]},{\"@type\":\"WebSite\",\"@id\":\"https:\/\/protegetucorazon.com\/#website\",\"url\":\"https:\/\/protegetucorazon.com\/\",\"name\":\"Protege tu corazon\",\"description\":\"Programa de educaci\u00f3n de la sexualidad basado en la formaci\u00f3n del car\u00e1cter\",\"publisher\":{\"@id\":\"https:\/\/protegetucorazon.com\/#organization\"},\"potentialAction\":[{\"@type\":\"SearchAction\",\"target\":{\"@type\":\"EntryPoint\",\"urlTemplate\":\"https:\/\/protegetucorazon.com\/?s={search_term_string}\"},\"query-input\":\"required name=search_term_string\"}],\"inLanguage\":\"en-US\"},{\"@type\":\"Organization\",\"@id\":\"https:\/\/protegetucorazon.com\/#organization\",\"name\":\"Protege tu corazon\",\"url\":\"https:\/\/protegetucorazon.com\/\",\"logo\":{\"@type\":\"ImageObject\",\"inLanguage\":\"en-US\",\"@id\":\"https:\/\/protegetucorazon.com\/#\/schema\/logo\/image\/\",\"url\":\"https:\/\/protegetucorazon.com\/wp-content\/uploads\/2020\/06\/protege-tu-corazon-color.png\",\"contentUrl\":\"https:\/\/protegetucorazon.com\/wp-content\/uploads\/2020\/06\/protege-tu-corazon-color.png\",\"width\":256,\"height\":90,\"caption\":\"Protege tu corazon\"},\"image\":{\"@id\":\"https:\/\/protegetucorazon.com\/#\/schema\/logo\/image\/\"}},{\"@type\":\"Person\",\"@id\":\"https:\/\/protegetucorazon.com\/#\/schema\/person\/fe40036747dc22da99d555e763b905a7\",\"name\":\"protege2020\",\"image\":{\"@type\":\"ImageObject\",\"inLanguage\":\"en-US\",\"@id\":\"https:\/\/protegetucorazon.com\/#\/schema\/person\/image\/\",\"url\":\"https:\/\/secure.gravatar.com\/avatar\/bae55470a3bfbad875b95ad324b52db8?s=96&d=mm&r=g\",\"contentUrl\":\"https:\/\/secure.gravatar.com\/avatar\/bae55470a3bfbad875b95ad324b52db8?s=96&d=mm&r=g\",\"caption\":\"protege2020\"},\"sameAs\":[\"https:\/\/protegetucorazon.com\"],\"url\":\"https:\/\/protegetucorazon.com\/en\/author\/protege2020\/\"}]}<\/script>\n<!-- \/ Yoast SEO plugin. -->","yoast_head_json":{"title":"En Italia, el idioma no fue barrera - Protege tu corazon","robots":{"index":"index","follow":"follow","max-snippet":"max-snippet:-1","max-image-preview":"max-image-preview:large","max-video-preview":"max-video-preview:-1"},"canonical":"https:\/\/protegetucorazon.com\/en\/en-italia-el-idioma-no-fue-barrera\/","og_locale":"en_US","og_type":"article","og_title":"En Italia, el idioma no fue barrera - Protege tu corazon","og_description":"Capacitaci\u00f3n del PTC en Italia.","og_url":"https:\/\/protegetucorazon.com\/en\/en-italia-el-idioma-no-fue-barrera\/","og_site_name":"Protege tu corazon","article_published_time":"2006-06-03T20:07:03+00:00","og_image":[{"width":200,"height":103,"url":"https:\/\/protegetucorazon.com\/wp-content\/uploads\/2012\/02\/milan2-e1330027406604.jpg","type":"image\/jpeg"}],"author":"protege2020","twitter_card":"summary_large_image","twitter_misc":{"Written by":"protege2020","Est. reading time":"1 minute"},"schema":{"@context":"https:\/\/schema.org","@graph":[{"@type":"Article","@id":"https:\/\/protegetucorazon.com\/en-italia-el-idioma-no-fue-barrera\/#article","isPartOf":{"@id":"https:\/\/protegetucorazon.com\/en-italia-el-idioma-no-fue-barrera\/"},"author":{"name":"protege2020","@id":"https:\/\/protegetucorazon.com\/#\/schema\/person\/fe40036747dc22da99d555e763b905a7"},"headline":"En Italia, el idioma no fue barrera","datePublished":"2006-06-03T20:07:03+00:00","dateModified":"2006-06-03T20:07:03+00:00","mainEntityOfPage":{"@id":"https:\/\/protegetucorazon.com\/en-italia-el-idioma-no-fue-barrera\/"},"wordCount":115,"commentCount":0,"publisher":{"@id":"https:\/\/protegetucorazon.com\/#organization"},"image":{"@id":"https:\/\/protegetucorazon.com\/en-italia-el-idioma-no-fue-barrera\/#primaryimage"},"thumbnailUrl":"https:\/\/protegetucorazon.com\/wp-content\/uploads\/2012\/02\/milan2-e1330027406604.jpg","articleSection":["Noticias"],"inLanguage":"en-US","potentialAction":[{"@type":"CommentAction","name":"Comment","target":["https:\/\/protegetucorazon.com\/en-italia-el-idioma-no-fue-barrera\/#respond"]}]},{"@type":"WebPage","@id":"https:\/\/protegetucorazon.com\/en-italia-el-idioma-no-fue-barrera\/","url":"https:\/\/protegetucorazon.com\/en-italia-el-idioma-no-fue-barrera\/","name":"En Italia, el idioma no fue barrera - Protege tu corazon","isPartOf":{"@id":"https:\/\/protegetucorazon.com\/#website"},"primaryImageOfPage":{"@id":"https:\/\/protegetucorazon.com\/en-italia-el-idioma-no-fue-barrera\/#primaryimage"},"image":{"@id":"https:\/\/protegetucorazon.com\/en-italia-el-idioma-no-fue-barrera\/#primaryimage"},"thumbnailUrl":"https:\/\/protegetucorazon.com\/wp-content\/uploads\/2012\/02\/milan2-e1330027406604.jpg","datePublished":"2006-06-03T20:07:03+00:00","dateModified":"2006-06-03T20:07:03+00:00","breadcrumb":{"@id":"https:\/\/protegetucorazon.com\/en-italia-el-idioma-no-fue-barrera\/#breadcrumb"},"inLanguage":"en-US","potentialAction":[{"@type":"ReadAction","target":["https:\/\/protegetucorazon.com\/en-italia-el-idioma-no-fue-barrera\/"]}]},{"@type":"ImageObject","inLanguage":"en-US","@id":"https:\/\/protegetucorazon.com\/en-italia-el-idioma-no-fue-barrera\/#primaryimage","url":"https:\/\/protegetucorazon.com\/wp-content\/uploads\/2012\/02\/milan2-e1330027406604.jpg","contentUrl":"https:\/\/protegetucorazon.com\/wp-content\/uploads\/2012\/02\/milan2-e1330027406604.jpg","width":200,"height":103},{"@type":"BreadcrumbList","@id":"https:\/\/protegetucorazon.com\/en-italia-el-idioma-no-fue-barrera\/#breadcrumb","itemListElement":[{"@type":"ListItem","position":1,"name":"Portada","item":"https:\/\/protegetucorazon.com\/"},{"@type":"ListItem","position":2,"name":"En Italia, el idioma no fue barrera"}]},{"@type":"WebSite","@id":"https:\/\/protegetucorazon.com\/#website","url":"https:\/\/protegetucorazon.com\/","name":"Protege tu corazon","description":"Programa de educaci\u00f3n de la sexualidad basado en la formaci\u00f3n del car\u00e1cter","publisher":{"@id":"https:\/\/protegetucorazon.com\/#organization"},"potentialAction":[{"@type":"SearchAction","target":{"@type":"EntryPoint","urlTemplate":"https:\/\/protegetucorazon.com\/?s={search_term_string}"},"query-input":"required name=search_term_string"}],"inLanguage":"en-US"},{"@type":"Organization","@id":"https:\/\/protegetucorazon.com\/#organization","name":"Protege tu corazon","url":"https:\/\/protegetucorazon.com\/","logo":{"@type":"ImageObject","inLanguage":"en-US","@id":"https:\/\/protegetucorazon.com\/#\/schema\/logo\/image\/","url":"https:\/\/protegetucorazon.com\/wp-content\/uploads\/2020\/06\/protege-tu-corazon-color.png","contentUrl":"https:\/\/protegetucorazon.com\/wp-content\/uploads\/2020\/06\/protege-tu-corazon-color.png","width":256,"height":90,"caption":"Protege tu corazon"},"image":{"@id":"https:\/\/protegetucorazon.com\/#\/schema\/logo\/image\/"}},{"@type":"Person","@id":"https:\/\/protegetucorazon.com\/#\/schema\/person\/fe40036747dc22da99d555e763b905a7","name":"protege2020","image":{"@type":"ImageObject","inLanguage":"en-US","@id":"https:\/\/protegetucorazon.com\/#\/schema\/person\/image\/","url":"https:\/\/secure.gravatar.com\/avatar\/bae55470a3bfbad875b95ad324b52db8?s=96&d=mm&r=g","contentUrl":"https:\/\/secure.gravatar.com\/avatar\/bae55470a3bfbad875b95ad324b52db8?s=96&d=mm&r=g","caption":"protege2020"},"sameAs":["https:\/\/protegetucorazon.com"],"url":"https:\/\/protegetucorazon.com\/en\/author\/protege2020\/"}]}},"_links":{"self":[{"href":"https:\/\/protegetucorazon.com\/en\/wp-json\/wp\/v2\/posts\/2067"}],"collection":[{"href":"https:\/\/protegetucorazon.com\/en\/wp-json\/wp\/v2\/posts"}],"about":[{"href":"https:\/\/protegetucorazon.com\/en\/wp-json\/wp\/v2\/types\/post"}],"author":[{"embeddable":true,"href":"https:\/\/protegetucorazon.com\/en\/wp-json\/wp\/v2\/users\/1"}],"replies":[{"embeddable":true,"href":"https:\/\/protegetucorazon.com\/en\/wp-json\/wp\/v2\/comments?post=2067"}],"version-history":[{"count":0,"href":"https:\/\/protegetucorazon.com\/en\/wp-json\/wp\/v2\/posts\/2067\/revisions"}],"wp:featuredmedia":[{"embeddable":true,"href":"https:\/\/protegetucorazon.com\/en\/wp-json\/wp\/v2\/media\/2069"}],"wp:attachment":[{"href":"https:\/\/protegetucorazon.com\/en\/wp-json\/wp\/v2\/media?parent=2067"}],"wp:term":[{"taxonomy":"category","embeddable":true,"href":"https:\/\/protegetucorazon.com\/en\/wp-json\/wp\/v2\/categories?post=2067"},{"taxonomy":"post_tag","embeddable":true,"href":"https:\/\/protegetucorazon.com\/en\/wp-json\/wp\/v2\/tags?post=2067"}],"curies":[{"name":"wp","href":"https:\/\/api.w.org\/{rel}","templated":true}]}}