      
            
            
            
      {"id":2119,"date":"2006-02-23T15:56:04","date_gmt":"2006-02-23T21:56:04","guid":{"rendered":"http:\/\/clients.bangbang.mx\/corazon\/?p=2119"},"modified":"2006-02-23T15:56:04","modified_gmt":"2006-02-23T21:56:04","slug":"gimnasio-la-montana-bogota-colombia","status":"publish","type":"post","link":"https:\/\/protegetucorazon.com\/en\/gimnasio-la-montana-bogota-colombia\/","title":{"rendered":"Gimnasio La Monta\u00f1a, Bogot\u00e1, Colombia"},"content":{"rendered":"<table border=\"1\">\n<tbody>\n<tr>\n<td>Evento acerca de la Identificaci\u00f3n Sexual<\/td>\n<\/tr>\n<\/tbody>\n<\/table>\n<p style=\"text-align: justify;\"><img loading=\"lazy\" decoding=\"async\" class=\"alignleft size-full wp-image-2122\" src=\"https:\/\/protegetucorazon.com\/wp-content\/uploads\/2012\/02\/gimlamontana.jpg\" alt=\"\" width=\"140\" height=\"105\" \/>En medio de un invierno sin tregua que no nos detuvo, cuatro tutores de PTC Colombia dedicaron una semana para impartir el seminario a los alumnos del gimnasio La Monta\u00f1a, desde 5\u00b0 hasta 11\u00b0, se not\u00f3 nuevamente el nivel acad\u00e9mico, cultural y de calidad humana de este colegio que es un faro en Bogot\u00e1 para las instituciones educativas. Se desarroll\u00f3 entre los mayores, de 9\u00b0 a 11\u00b0 un tema nuevo que Andr\u00e9s Mauricio Cano ha estado estudiando durante a\u00f1o y medio: \u201cIdentificaci\u00f3n sexual\u201d. El resultado fue mejor de lo que esper\u00e1bamos, siendo un asunto tan delicado de tratar en estos momentos, en el mundo entero, Algunos comentarios de los alumnos y alumnas fueron:<\/p>\n<p>&nbsp;<\/p>\n<p style=\"text-align: justify;\"><img loading=\"lazy\" decoding=\"async\" class=\"alignleft size-full wp-image-2123\" src=\"https:\/\/protegetucorazon.com\/wp-content\/uploads\/2012\/02\/gimlamontana2.jpg\" alt=\"\" width=\"140\" height=\"105\" \/>\u201cLa castidad nos da herramientas para tener una sexualidad sana, me pareci\u00f3 muy interesante la sesi\u00f3n dio an\u00e9cdotas y datos muy interesantes, respondi\u00f3 todas las dudas, la orientaci\u00f3n adecuada hacia el comportamiento natural humano\u201d.<\/p>\n<p style=\"text-align: justify;\">\u201cMuy completa, muy buena y animada, explic\u00f3 muy bien todos los temas que tienen que ver con la identidad sexual y los posibles comportamientos, fue clara, completa, muy buena presentaci\u00f3n, dej\u00f3 muy claros todos los argumentos, el \u00fanico problema es que no estoy de acuerdo con la castidad\u201d.<\/p>\n<p style=\"text-align: justify;\"><img loading=\"lazy\" decoding=\"async\" class=\"alignright size-full wp-image-2121\" style=\"border-style: initial; border-color: initial;\" src=\"https:\/\/protegetucorazon.com\/wp-content\/uploads\/2012\/02\/gimlamontana-1.jpg\" alt=\"\" width=\"140\" height=\"105\" \/>\u201cInteresante, entendible y qued\u00f3 claro,\u201d.\u00a0\u201cLo felicito, bien informado\u201d.<\/p>\n<p style=\"text-align: justify;\">En 5\u00b0, con unos ni\u00f1os inquietos, con muchas ganas de saber cosas nuevas, pero con gran dificultad de concentrarse, encontramos el entusiasmo necesario para hacer del tema \u201cYo antes de nacer\u201d, toda una aventura, en la cual todos, tutora y alumnos, salimos felices y un poco cansados\u2026 con muchos conocimientos nuevos y premios para los mejores fetos.<\/p>","protected":false},"excerpt":{"rendered":"<p>Evento acerca de la Identificaci\u00f3n Sexual<\/p>","protected":false},"author":1,"featured_media":2121,"comment_status":"open","ping_status":"open","sticky":false,"template":"","format":"standard","meta":{"_bbp_topic_count":0,"_bbp_reply_count":0,"_bbp_total_topic_count":0,"_bbp_total_reply_count":0,"_bbp_voice_count":0,"_bbp_anonymous_reply_count":0,"_bbp_topic_count_hidden":0,"_bbp_reply_count_hidden":0,"_bbp_forum_subforum_count":0,"footnotes":""},"categories":[53],"tags":[],"yoast_head":"<!-- This site is optimized with the Yoast SEO plugin v23.0 - https:\/\/yoast.com\/wordpress\/plugins\/seo\/ -->\n<title>Gimnasio La Monta\u00f1a, Bogot\u00e1, Colombia - Protege tu corazon<\/title>\n<meta name=\"robots\" content=\"index, follow, max-snippet:-1, max-image-preview:large, max-video-preview:-1\" \/>\n<link rel=\"canonical\" href=\"https:\/\/protegetucorazon.com\/en\/gimnasio-la-montana-bogota-colombia\/\" \/>\n<meta property=\"og:locale\" content=\"en_US\" \/>\n<meta property=\"og:type\" content=\"article\" \/>\n<meta property=\"og:title\" content=\"Gimnasio La Monta\u00f1a, Bogot\u00e1, Colombia - Protege tu corazon\" \/>\n<meta property=\"og:description\" content=\"Evento acerca de la Identificaci\u00f3n Sexual\" \/>\n<meta property=\"og:url\" content=\"https:\/\/protegetucorazon.com\/en\/gimnasio-la-montana-bogota-colombia\/\" \/>\n<meta property=\"og:site_name\" content=\"Protege tu corazon\" \/>\n<meta property=\"article:published_time\" content=\"2006-02-23T21:56:04+00:00\" \/>\n<meta property=\"og:image\" content=\"https:\/\/protegetucorazon.com\/wp-content\/uploads\/2012\/02\/gimlamontana-1.jpg\" \/>\n\t<meta property=\"og:image:width\" content=\"140\" \/>\n\t<meta property=\"og:image:height\" content=\"105\" \/>\n\t<meta property=\"og:image:type\" content=\"image\/jpeg\" \/>\n<meta name=\"author\" content=\"protege2020\" \/>\n<meta name=\"twitter:card\" content=\"summary_large_image\" \/>\n<meta name=\"twitter:label1\" content=\"Written by\" \/>\n\t<meta name=\"twitter:data1\" content=\"protege2020\" \/>\n\t<meta name=\"twitter:label2\" content=\"Est. reading time\" \/>\n\t<meta name=\"twitter:data2\" content=\"1 minute\" \/>\n<script type=\"application\/ld+json\" class=\"yoast-schema-graph\">{\"@context\":\"https:\/\/schema.org\",\"@graph\":[{\"@type\":\"Article\",\"@id\":\"https:\/\/protegetucorazon.com\/gimnasio-la-montana-bogota-colombia\/#article\",\"isPartOf\":{\"@id\":\"https:\/\/protegetucorazon.com\/gimnasio-la-montana-bogota-colombia\/\"},\"author\":{\"name\":\"protege2020\",\"@id\":\"https:\/\/protegetucorazon.com\/#\/schema\/person\/fe40036747dc22da99d555e763b905a7\"},\"headline\":\"Gimnasio La Monta\u00f1a, Bogot\u00e1, Colombia\",\"datePublished\":\"2006-02-23T21:56:04+00:00\",\"dateModified\":\"2006-02-23T21:56:04+00:00\",\"mainEntityOfPage\":{\"@id\":\"https:\/\/protegetucorazon.com\/gimnasio-la-montana-bogota-colombia\/\"},\"wordCount\":281,\"commentCount\":0,\"publisher\":{\"@id\":\"https:\/\/protegetucorazon.com\/#organization\"},\"image\":{\"@id\":\"https:\/\/protegetucorazon.com\/gimnasio-la-montana-bogota-colombia\/#primaryimage\"},\"thumbnailUrl\":\"https:\/\/protegetucorazon.com\/wp-content\/uploads\/2012\/02\/gimlamontana-1.jpg\",\"articleSection\":[\"Noticias\"],\"inLanguage\":\"en-US\",\"potentialAction\":[{\"@type\":\"CommentAction\",\"name\":\"Comment\",\"target\":[\"https:\/\/protegetucorazon.com\/gimnasio-la-montana-bogota-colombia\/#respond\"]}]},{\"@type\":\"WebPage\",\"@id\":\"https:\/\/protegetucorazon.com\/gimnasio-la-montana-bogota-colombia\/\",\"url\":\"https:\/\/protegetucorazon.com\/gimnasio-la-montana-bogota-colombia\/\",\"name\":\"Gimnasio La Monta\u00f1a, Bogot\u00e1, Colombia - Protege tu corazon\",\"isPartOf\":{\"@id\":\"https:\/\/protegetucorazon.com\/#website\"},\"primaryImageOfPage\":{\"@id\":\"https:\/\/protegetucorazon.com\/gimnasio-la-montana-bogota-colombia\/#primaryimage\"},\"image\":{\"@id\":\"https:\/\/protegetucorazon.com\/gimnasio-la-montana-bogota-colombia\/#primaryimage\"},\"thumbnailUrl\":\"https:\/\/protegetucorazon.com\/wp-content\/uploads\/2012\/02\/gimlamontana-1.jpg\",\"datePublished\":\"2006-02-23T21:56:04+00:00\",\"dateModified\":\"2006-02-23T21:56:04+00:00\",\"breadcrumb\":{\"@id\":\"https:\/\/protegetucorazon.com\/gimnasio-la-montana-bogota-colombia\/#breadcrumb\"},\"inLanguage\":\"en-US\",\"potentialAction\":[{\"@type\":\"ReadAction\",\"target\":[\"https:\/\/protegetucorazon.com\/gimnasio-la-montana-bogota-colombia\/\"]}]},{\"@type\":\"ImageObject\",\"inLanguage\":\"en-US\",\"@id\":\"https:\/\/protegetucorazon.com\/gimnasio-la-montana-bogota-colombia\/#primaryimage\",\"url\":\"https:\/\/protegetucorazon.com\/wp-content\/uploads\/2012\/02\/gimlamontana-1.jpg\",\"contentUrl\":\"https:\/\/protegetucorazon.com\/wp-content\/uploads\/2012\/02\/gimlamontana-1.jpg\",\"width\":140,\"height\":105},{\"@type\":\"BreadcrumbList\",\"@id\":\"https:\/\/protegetucorazon.com\/gimnasio-la-montana-bogota-colombia\/#breadcrumb\",\"itemListElement\":[{\"@type\":\"ListItem\",\"position\":1,\"name\":\"Portada\",\"item\":\"https:\/\/protegetucorazon.com\/\"},{\"@type\":\"ListItem\",\"position\":2,\"name\":\"Gimnasio La Monta\u00f1a, Bogot\u00e1, Colombia\"}]},{\"@type\":\"WebSite\",\"@id\":\"https:\/\/protegetucorazon.com\/#website\",\"url\":\"https:\/\/protegetucorazon.com\/\",\"name\":\"Protege tu corazon\",\"description\":\"Programa de educaci\u00f3n de la sexualidad basado en la formaci\u00f3n del car\u00e1cter\",\"publisher\":{\"@id\":\"https:\/\/protegetucorazon.com\/#organization\"},\"potentialAction\":[{\"@type\":\"SearchAction\",\"target\":{\"@type\":\"EntryPoint\",\"urlTemplate\":\"https:\/\/protegetucorazon.com\/?s={search_term_string}\"},\"query-input\":\"required name=search_term_string\"}],\"inLanguage\":\"en-US\"},{\"@type\":\"Organization\",\"@id\":\"https:\/\/protegetucorazon.com\/#organization\",\"name\":\"Protege tu corazon\",\"url\":\"https:\/\/protegetucorazon.com\/\",\"logo\":{\"@type\":\"ImageObject\",\"inLanguage\":\"en-US\",\"@id\":\"https:\/\/protegetucorazon.com\/#\/schema\/logo\/image\/\",\"url\":\"https:\/\/protegetucorazon.com\/wp-content\/uploads\/2020\/06\/protege-tu-corazon-color.png\",\"contentUrl\":\"https:\/\/protegetucorazon.com\/wp-content\/uploads\/2020\/06\/protege-tu-corazon-color.png\",\"width\":256,\"height\":90,\"caption\":\"Protege tu corazon\"},\"image\":{\"@id\":\"https:\/\/protegetucorazon.com\/#\/schema\/logo\/image\/\"}},{\"@type\":\"Person\",\"@id\":\"https:\/\/protegetucorazon.com\/#\/schema\/person\/fe40036747dc22da99d555e763b905a7\",\"name\":\"protege2020\",\"image\":{\"@type\":\"ImageObject\",\"inLanguage\":\"en-US\",\"@id\":\"https:\/\/protegetucorazon.com\/#\/schema\/person\/image\/\",\"url\":\"https:\/\/secure.gravatar.com\/avatar\/bae55470a3bfbad875b95ad324b52db8?s=96&d=mm&r=g\",\"contentUrl\":\"https:\/\/secure.gravatar.com\/avatar\/bae55470a3bfbad875b95ad324b52db8?s=96&d=mm&r=g\",\"caption\":\"protege2020\"},\"sameAs\":[\"https:\/\/protegetucorazon.com\"],\"url\":\"https:\/\/protegetucorazon.com\/en\/author\/protege2020\/\"}]}<\/script>\n<!-- \/ Yoast SEO plugin. -->","yoast_head_json":{"title":"Gimnasio La Monta\u00f1a, Bogot\u00e1, Colombia - Protege tu corazon","robots":{"index":"index","follow":"follow","max-snippet":"max-snippet:-1","max-image-preview":"max-image-preview:large","max-video-preview":"max-video-preview:-1"},"canonical":"https:\/\/protegetucorazon.com\/en\/gimnasio-la-montana-bogota-colombia\/","og_locale":"en_US","og_type":"article","og_title":"Gimnasio La Monta\u00f1a, Bogot\u00e1, Colombia - Protege tu corazon","og_description":"Evento acerca de la Identificaci\u00f3n Sexual","og_url":"https:\/\/protegetucorazon.com\/en\/gimnasio-la-montana-bogota-colombia\/","og_site_name":"Protege tu corazon","article_published_time":"2006-02-23T21:56:04+00:00","og_image":[{"width":140,"height":105,"url":"https:\/\/protegetucorazon.com\/wp-content\/uploads\/2012\/02\/gimlamontana-1.jpg","type":"image\/jpeg"}],"author":"protege2020","twitter_card":"summary_large_image","twitter_misc":{"Written by":"protege2020","Est. reading time":"1 minute"},"schema":{"@context":"https:\/\/schema.org","@graph":[{"@type":"Article","@id":"https:\/\/protegetucorazon.com\/gimnasio-la-montana-bogota-colombia\/#article","isPartOf":{"@id":"https:\/\/protegetucorazon.com\/gimnasio-la-montana-bogota-colombia\/"},"author":{"name":"protege2020","@id":"https:\/\/protegetucorazon.com\/#\/schema\/person\/fe40036747dc22da99d555e763b905a7"},"headline":"Gimnasio La Monta\u00f1a, Bogot\u00e1, Colombia","datePublished":"2006-02-23T21:56:04+00:00","dateModified":"2006-02-23T21:56:04+00:00","mainEntityOfPage":{"@id":"https:\/\/protegetucorazon.com\/gimnasio-la-montana-bogota-colombia\/"},"wordCount":281,"commentCount":0,"publisher":{"@id":"https:\/\/protegetucorazon.com\/#organization"},"image":{"@id":"https:\/\/protegetucorazon.com\/gimnasio-la-montana-bogota-colombia\/#primaryimage"},"thumbnailUrl":"https:\/\/protegetucorazon.com\/wp-content\/uploads\/2012\/02\/gimlamontana-1.jpg","articleSection":["Noticias"],"inLanguage":"en-US","potentialAction":[{"@type":"CommentAction","name":"Comment","target":["https:\/\/protegetucorazon.com\/gimnasio-la-montana-bogota-colombia\/#respond"]}]},{"@type":"WebPage","@id":"https:\/\/protegetucorazon.com\/gimnasio-la-montana-bogota-colombia\/","url":"https:\/\/protegetucorazon.com\/gimnasio-la-montana-bogota-colombia\/","name":"Gimnasio La Monta\u00f1a, Bogot\u00e1, Colombia - Protege tu corazon","isPartOf":{"@id":"https:\/\/protegetucorazon.com\/#website"},"primaryImageOfPage":{"@id":"https:\/\/protegetucorazon.com\/gimnasio-la-montana-bogota-colombia\/#primaryimage"},"image":{"@id":"https:\/\/protegetucorazon.com\/gimnasio-la-montana-bogota-colombia\/#primaryimage"},"thumbnailUrl":"https:\/\/protegetucorazon.com\/wp-content\/uploads\/2012\/02\/gimlamontana-1.jpg","datePublished":"2006-02-23T21:56:04+00:00","dateModified":"2006-02-23T21:56:04+00:00","breadcrumb":{"@id":"https:\/\/protegetucorazon.com\/gimnasio-la-montana-bogota-colombia\/#breadcrumb"},"inLanguage":"en-US","potentialAction":[{"@type":"ReadAction","target":["https:\/\/protegetucorazon.com\/gimnasio-la-montana-bogota-colombia\/"]}]},{"@type":"ImageObject","inLanguage":"en-US","@id":"https:\/\/protegetucorazon.com\/gimnasio-la-montana-bogota-colombia\/#primaryimage","url":"https:\/\/protegetucorazon.com\/wp-content\/uploads\/2012\/02\/gimlamontana-1.jpg","contentUrl":"https:\/\/protegetucorazon.com\/wp-content\/uploads\/2012\/02\/gimlamontana-1.jpg","width":140,"height":105},{"@type":"BreadcrumbList","@id":"https:\/\/protegetucorazon.com\/gimnasio-la-montana-bogota-colombia\/#breadcrumb","itemListElement":[{"@type":"ListItem","position":1,"name":"Portada","item":"https:\/\/protegetucorazon.com\/"},{"@type":"ListItem","position":2,"name":"Gimnasio La Monta\u00f1a, Bogot\u00e1, Colombia"}]},{"@type":"WebSite","@id":"https:\/\/protegetucorazon.com\/#website","url":"https:\/\/protegetucorazon.com\/","name":"Protege tu corazon","description":"Programa de educaci\u00f3n de la sexualidad basado en la formaci\u00f3n del car\u00e1cter","publisher":{"@id":"https:\/\/protegetucorazon.com\/#organization"},"potentialAction":[{"@type":"SearchAction","target":{"@type":"EntryPoint","urlTemplate":"https:\/\/protegetucorazon.com\/?s={search_term_string}"},"query-input":"required name=search_term_string"}],"inLanguage":"en-US"},{"@type":"Organization","@id":"https:\/\/protegetucorazon.com\/#organization","name":"Protege tu corazon","url":"https:\/\/protegetucorazon.com\/","logo":{"@type":"ImageObject","inLanguage":"en-US","@id":"https:\/\/protegetucorazon.com\/#\/schema\/logo\/image\/","url":"https:\/\/protegetucorazon.com\/wp-content\/uploads\/2020\/06\/protege-tu-corazon-color.png","contentUrl":"https:\/\/protegetucorazon.com\/wp-content\/uploads\/2020\/06\/protege-tu-corazon-color.png","width":256,"height":90,"caption":"Protege tu corazon"},"image":{"@id":"https:\/\/protegetucorazon.com\/#\/schema\/logo\/image\/"}},{"@type":"Person","@id":"https:\/\/protegetucorazon.com\/#\/schema\/person\/fe40036747dc22da99d555e763b905a7","name":"protege2020","image":{"@type":"ImageObject","inLanguage":"en-US","@id":"https:\/\/protegetucorazon.com\/#\/schema\/person\/image\/","url":"https:\/\/secure.gravatar.com\/avatar\/bae55470a3bfbad875b95ad324b52db8?s=96&d=mm&r=g","contentUrl":"https:\/\/secure.gravatar.com\/avatar\/bae55470a3bfbad875b95ad324b52db8?s=96&d=mm&r=g","caption":"protege2020"},"sameAs":["https:\/\/protegetucorazon.com"],"url":"https:\/\/protegetucorazon.com\/en\/author\/protege2020\/"}]}},"_links":{"self":[{"href":"https:\/\/protegetucorazon.com\/en\/wp-json\/wp\/v2\/posts\/2119"}],"collection":[{"href":"https:\/\/protegetucorazon.com\/en\/wp-json\/wp\/v2\/posts"}],"about":[{"href":"https:\/\/protegetucorazon.com\/en\/wp-json\/wp\/v2\/types\/post"}],"author":[{"embeddable":true,"href":"https:\/\/protegetucorazon.com\/en\/wp-json\/wp\/v2\/users\/1"}],"replies":[{"embeddable":true,"href":"https:\/\/protegetucorazon.com\/en\/wp-json\/wp\/v2\/comments?post=2119"}],"version-history":[{"count":0,"href":"https:\/\/protegetucorazon.com\/en\/wp-json\/wp\/v2\/posts\/2119\/revisions"}],"wp:featuredmedia":[{"embeddable":true,"href":"https:\/\/protegetucorazon.com\/en\/wp-json\/wp\/v2\/media\/2121"}],"wp:attachment":[{"href":"https:\/\/protegetucorazon.com\/en\/wp-json\/wp\/v2\/media?parent=2119"}],"wp:term":[{"taxonomy":"category","embeddable":true,"href":"https:\/\/protegetucorazon.com\/en\/wp-json\/wp\/v2\/categories?post=2119"},{"taxonomy":"post_tag","embeddable":true,"href":"https:\/\/protegetucorazon.com\/en\/wp-json\/wp\/v2\/tags?post=2119"}],"curies":[{"name":"wp","href":"https:\/\/api.w.org\/{rel}","templated":true}]}}