      
            
            
            
      {"id":2139,"date":"2006-05-15T16:11:59","date_gmt":"2006-05-15T22:11:59","guid":{"rendered":"http:\/\/clients.bangbang.mx\/corazon\/?p=2139"},"modified":"2006-05-15T16:11:59","modified_gmt":"2006-05-15T22:11:59","slug":"primer-encuentro-internacional-sobre-la-educacion-de-la-afectividad-y-la-sexualidad","status":"publish","type":"post","link":"https:\/\/protegetucorazon.com\/en\/primer-encuentro-internacional-sobre-la-educacion-de-la-afectividad-y-la-sexualidad\/","title":{"rendered":"Primer Encuentro Internacional sobre la Educaci\u00f3n de la Afectividad y la Sexualidad"},"content":{"rendered":"<table border=\"1\">\n<tbody>\n<tr>\n<td>Evento Amor y Sexualidad<\/td>\n<\/tr>\n<\/tbody>\n<\/table>\n<p style=\"text-align: justify;\"><img loading=\"lazy\" decoding=\"async\" class=\"alignleft size-full wp-image-2146\" src=\"https:\/\/protegetucorazon.com\/wp-content\/uploads\/2012\/02\/nov_encuentroays.gif\" alt=\"\" width=\"154\" height=\"143\" \/>&#8220;Por el redescubrimiento de la afectividad y los sentimientos&#8221; es el lema que mueve a los organizadores del primer Encuentro Internacional sobre la Educaci\u00f3n de la Afectividad y la Sexualidad, que se realizar\u00e1 en M\u00e9xico DF, los d\u00edas 19, 20 y 21 de mayo. El Encuentro es organizado por INTERMEDIA Consulting, la Asociaci\u00f3n para la Familia y la Educaci\u00f3n (AMFE) y la Asociaci\u00f3n Latinoamericana de Centros de Educaci\u00f3n Diferenciada (ALCED).<\/p>\n<p style=\"text-align: justify;\">Con el Encuentro se busca encarar el analfabetismo afectivo, -responsable de muchos de los problemas actuales-, brindando herramientas que lleven al conocimiento de la realidad de la persona, protejan la sensibilidad, incrementen la madurez sentimental y eduquen la inteligencia y la voluntad para amar de verdad.<\/p>\n<p style=\"text-align: justify;\">Uno de los objetivos del evento es mostrar soluciones precisas a problemas concretos. En ese marco se dar\u00e1n a conocer diversos programas y propuestas que est\u00e1n dando resultados positivos en Europa, Asia y Am\u00e9rica. Es el caso de PROTEGE TU CORAZ\u00d3N (presente en 9 pa\u00edses), Aprendiendo a querer (Venezuela), Sex Respect (USA) , I am Strong (Filipinas).<\/p>\n<p style=\"text-align: justify;\">Todas las ponencias disponibles en <a href=\"\/en\/www.encuentroays.com\/\" target=\"_blank\" rel=\"noopener noreferrer\">www.encuentroays.com<\/a><\/p>","protected":false},"excerpt":{"rendered":"<p>Evento Amor y Sexualidad<\/p>","protected":false},"author":1,"featured_media":2146,"comment_status":"open","ping_status":"open","sticky":false,"template":"","format":"standard","meta":{"_bbp_topic_count":0,"_bbp_reply_count":0,"_bbp_total_topic_count":0,"_bbp_total_reply_count":0,"_bbp_voice_count":0,"_bbp_anonymous_reply_count":0,"_bbp_topic_count_hidden":0,"_bbp_reply_count_hidden":0,"_bbp_forum_subforum_count":0,"footnotes":""},"categories":[53],"tags":[],"yoast_head":"<!-- This site is optimized with the Yoast SEO plugin v23.0 - https:\/\/yoast.com\/wordpress\/plugins\/seo\/ -->\n<title>Primer Encuentro Internacional sobre la Educaci\u00f3n de la Afectividad y la Sexualidad - Protege tu corazon<\/title>\n<meta name=\"robots\" content=\"index, follow, max-snippet:-1, max-image-preview:large, max-video-preview:-1\" \/>\n<link rel=\"canonical\" href=\"https:\/\/protegetucorazon.com\/en\/primer-encuentro-internacional-sobre-la-educacion-de-la-afectividad-y-la-sexualidad\/\" \/>\n<meta property=\"og:locale\" content=\"en_US\" \/>\n<meta property=\"og:type\" content=\"article\" \/>\n<meta property=\"og:title\" content=\"Primer Encuentro Internacional sobre la Educaci\u00f3n de la Afectividad y la Sexualidad - Protege tu corazon\" \/>\n<meta property=\"og:description\" content=\"Evento Amor y Sexualidad\" \/>\n<meta property=\"og:url\" content=\"https:\/\/protegetucorazon.com\/en\/primer-encuentro-internacional-sobre-la-educacion-de-la-afectividad-y-la-sexualidad\/\" \/>\n<meta property=\"og:site_name\" content=\"Protege tu corazon\" \/>\n<meta property=\"article:published_time\" content=\"2006-05-15T22:11:59+00:00\" \/>\n<meta property=\"og:image\" content=\"https:\/\/protegetucorazon.com\/wp-content\/uploads\/2012\/02\/nov_encuentroays.gif\" \/>\n\t<meta property=\"og:image:width\" content=\"154\" \/>\n\t<meta property=\"og:image:height\" content=\"143\" \/>\n\t<meta property=\"og:image:type\" content=\"image\/gif\" \/>\n<meta name=\"author\" content=\"protege2020\" \/>\n<meta name=\"twitter:card\" content=\"summary_large_image\" \/>\n<meta name=\"twitter:label1\" content=\"Written by\" \/>\n\t<meta name=\"twitter:data1\" content=\"protege2020\" \/>\n\t<meta name=\"twitter:label2\" content=\"Est. reading time\" \/>\n\t<meta name=\"twitter:data2\" content=\"1 minute\" \/>\n<script type=\"application\/ld+json\" class=\"yoast-schema-graph\">{\"@context\":\"https:\/\/schema.org\",\"@graph\":[{\"@type\":\"Article\",\"@id\":\"https:\/\/protegetucorazon.com\/primer-encuentro-internacional-sobre-la-educacion-de-la-afectividad-y-la-sexualidad\/#article\",\"isPartOf\":{\"@id\":\"https:\/\/protegetucorazon.com\/primer-encuentro-internacional-sobre-la-educacion-de-la-afectividad-y-la-sexualidad\/\"},\"author\":{\"name\":\"protege2020\",\"@id\":\"https:\/\/protegetucorazon.com\/#\/schema\/person\/fe40036747dc22da99d555e763b905a7\"},\"headline\":\"Primer Encuentro Internacional sobre la Educaci\u00f3n de la Afectividad y la Sexualidad\",\"datePublished\":\"2006-05-15T22:11:59+00:00\",\"dateModified\":\"2006-05-15T22:11:59+00:00\",\"mainEntityOfPage\":{\"@id\":\"https:\/\/protegetucorazon.com\/primer-encuentro-internacional-sobre-la-educacion-de-la-afectividad-y-la-sexualidad\/\"},\"wordCount\":205,\"commentCount\":0,\"publisher\":{\"@id\":\"https:\/\/protegetucorazon.com\/#organization\"},\"image\":{\"@id\":\"https:\/\/protegetucorazon.com\/primer-encuentro-internacional-sobre-la-educacion-de-la-afectividad-y-la-sexualidad\/#primaryimage\"},\"thumbnailUrl\":\"https:\/\/protegetucorazon.com\/wp-content\/uploads\/2012\/02\/nov_encuentroays.gif\",\"articleSection\":[\"Noticias\"],\"inLanguage\":\"en-US\",\"potentialAction\":[{\"@type\":\"CommentAction\",\"name\":\"Comment\",\"target\":[\"https:\/\/protegetucorazon.com\/primer-encuentro-internacional-sobre-la-educacion-de-la-afectividad-y-la-sexualidad\/#respond\"]}]},{\"@type\":\"WebPage\",\"@id\":\"https:\/\/protegetucorazon.com\/primer-encuentro-internacional-sobre-la-educacion-de-la-afectividad-y-la-sexualidad\/\",\"url\":\"https:\/\/protegetucorazon.com\/primer-encuentro-internacional-sobre-la-educacion-de-la-afectividad-y-la-sexualidad\/\",\"name\":\"Primer Encuentro Internacional sobre la Educaci\u00f3n de la Afectividad y la Sexualidad - Protege tu corazon\",\"isPartOf\":{\"@id\":\"https:\/\/protegetucorazon.com\/#website\"},\"primaryImageOfPage\":{\"@id\":\"https:\/\/protegetucorazon.com\/primer-encuentro-internacional-sobre-la-educacion-de-la-afectividad-y-la-sexualidad\/#primaryimage\"},\"image\":{\"@id\":\"https:\/\/protegetucorazon.com\/primer-encuentro-internacional-sobre-la-educacion-de-la-afectividad-y-la-sexualidad\/#primaryimage\"},\"thumbnailUrl\":\"https:\/\/protegetucorazon.com\/wp-content\/uploads\/2012\/02\/nov_encuentroays.gif\",\"datePublished\":\"2006-05-15T22:11:59+00:00\",\"dateModified\":\"2006-05-15T22:11:59+00:00\",\"breadcrumb\":{\"@id\":\"https:\/\/protegetucorazon.com\/primer-encuentro-internacional-sobre-la-educacion-de-la-afectividad-y-la-sexualidad\/#breadcrumb\"},\"inLanguage\":\"en-US\",\"potentialAction\":[{\"@type\":\"ReadAction\",\"target\":[\"https:\/\/protegetucorazon.com\/primer-encuentro-internacional-sobre-la-educacion-de-la-afectividad-y-la-sexualidad\/\"]}]},{\"@type\":\"ImageObject\",\"inLanguage\":\"en-US\",\"@id\":\"https:\/\/protegetucorazon.com\/primer-encuentro-internacional-sobre-la-educacion-de-la-afectividad-y-la-sexualidad\/#primaryimage\",\"url\":\"https:\/\/protegetucorazon.com\/wp-content\/uploads\/2012\/02\/nov_encuentroays.gif\",\"contentUrl\":\"https:\/\/protegetucorazon.com\/wp-content\/uploads\/2012\/02\/nov_encuentroays.gif\",\"width\":154,\"height\":143},{\"@type\":\"BreadcrumbList\",\"@id\":\"https:\/\/protegetucorazon.com\/primer-encuentro-internacional-sobre-la-educacion-de-la-afectividad-y-la-sexualidad\/#breadcrumb\",\"itemListElement\":[{\"@type\":\"ListItem\",\"position\":1,\"name\":\"Portada\",\"item\":\"https:\/\/protegetucorazon.com\/\"},{\"@type\":\"ListItem\",\"position\":2,\"name\":\"Primer Encuentro Internacional sobre la Educaci\u00f3n de la Afectividad y la Sexualidad\"}]},{\"@type\":\"WebSite\",\"@id\":\"https:\/\/protegetucorazon.com\/#website\",\"url\":\"https:\/\/protegetucorazon.com\/\",\"name\":\"Protege tu corazon\",\"description\":\"Programa de educaci\u00f3n de la sexualidad basado en la formaci\u00f3n del car\u00e1cter\",\"publisher\":{\"@id\":\"https:\/\/protegetucorazon.com\/#organization\"},\"potentialAction\":[{\"@type\":\"SearchAction\",\"target\":{\"@type\":\"EntryPoint\",\"urlTemplate\":\"https:\/\/protegetucorazon.com\/?s={search_term_string}\"},\"query-input\":\"required name=search_term_string\"}],\"inLanguage\":\"en-US\"},{\"@type\":\"Organization\",\"@id\":\"https:\/\/protegetucorazon.com\/#organization\",\"name\":\"Protege tu corazon\",\"url\":\"https:\/\/protegetucorazon.com\/\",\"logo\":{\"@type\":\"ImageObject\",\"inLanguage\":\"en-US\",\"@id\":\"https:\/\/protegetucorazon.com\/#\/schema\/logo\/image\/\",\"url\":\"https:\/\/protegetucorazon.com\/wp-content\/uploads\/2020\/06\/protege-tu-corazon-color.png\",\"contentUrl\":\"https:\/\/protegetucorazon.com\/wp-content\/uploads\/2020\/06\/protege-tu-corazon-color.png\",\"width\":256,\"height\":90,\"caption\":\"Protege tu corazon\"},\"image\":{\"@id\":\"https:\/\/protegetucorazon.com\/#\/schema\/logo\/image\/\"}},{\"@type\":\"Person\",\"@id\":\"https:\/\/protegetucorazon.com\/#\/schema\/person\/fe40036747dc22da99d555e763b905a7\",\"name\":\"protege2020\",\"image\":{\"@type\":\"ImageObject\",\"inLanguage\":\"en-US\",\"@id\":\"https:\/\/protegetucorazon.com\/#\/schema\/person\/image\/\",\"url\":\"https:\/\/secure.gravatar.com\/avatar\/bae55470a3bfbad875b95ad324b52db8?s=96&d=mm&r=g\",\"contentUrl\":\"https:\/\/secure.gravatar.com\/avatar\/bae55470a3bfbad875b95ad324b52db8?s=96&d=mm&r=g\",\"caption\":\"protege2020\"},\"sameAs\":[\"https:\/\/protegetucorazon.com\"],\"url\":\"https:\/\/protegetucorazon.com\/en\/author\/protege2020\/\"}]}<\/script>\n<!-- \/ Yoast SEO plugin. -->","yoast_head_json":{"title":"Primer Encuentro Internacional sobre la Educaci\u00f3n de la Afectividad y la Sexualidad - Protege tu corazon","robots":{"index":"index","follow":"follow","max-snippet":"max-snippet:-1","max-image-preview":"max-image-preview:large","max-video-preview":"max-video-preview:-1"},"canonical":"https:\/\/protegetucorazon.com\/en\/primer-encuentro-internacional-sobre-la-educacion-de-la-afectividad-y-la-sexualidad\/","og_locale":"en_US","og_type":"article","og_title":"Primer Encuentro Internacional sobre la Educaci\u00f3n de la Afectividad y la Sexualidad - Protege tu corazon","og_description":"Evento Amor y Sexualidad","og_url":"https:\/\/protegetucorazon.com\/en\/primer-encuentro-internacional-sobre-la-educacion-de-la-afectividad-y-la-sexualidad\/","og_site_name":"Protege tu corazon","article_published_time":"2006-05-15T22:11:59+00:00","og_image":[{"width":154,"height":143,"url":"https:\/\/protegetucorazon.com\/wp-content\/uploads\/2012\/02\/nov_encuentroays.gif","type":"image\/gif"}],"author":"protege2020","twitter_card":"summary_large_image","twitter_misc":{"Written by":"protege2020","Est. reading time":"1 minute"},"schema":{"@context":"https:\/\/schema.org","@graph":[{"@type":"Article","@id":"https:\/\/protegetucorazon.com\/primer-encuentro-internacional-sobre-la-educacion-de-la-afectividad-y-la-sexualidad\/#article","isPartOf":{"@id":"https:\/\/protegetucorazon.com\/primer-encuentro-internacional-sobre-la-educacion-de-la-afectividad-y-la-sexualidad\/"},"author":{"name":"protege2020","@id":"https:\/\/protegetucorazon.com\/#\/schema\/person\/fe40036747dc22da99d555e763b905a7"},"headline":"Primer Encuentro Internacional sobre la Educaci\u00f3n de la Afectividad y la Sexualidad","datePublished":"2006-05-15T22:11:59+00:00","dateModified":"2006-05-15T22:11:59+00:00","mainEntityOfPage":{"@id":"https:\/\/protegetucorazon.com\/primer-encuentro-internacional-sobre-la-educacion-de-la-afectividad-y-la-sexualidad\/"},"wordCount":205,"commentCount":0,"publisher":{"@id":"https:\/\/protegetucorazon.com\/#organization"},"image":{"@id":"https:\/\/protegetucorazon.com\/primer-encuentro-internacional-sobre-la-educacion-de-la-afectividad-y-la-sexualidad\/#primaryimage"},"thumbnailUrl":"https:\/\/protegetucorazon.com\/wp-content\/uploads\/2012\/02\/nov_encuentroays.gif","articleSection":["Noticias"],"inLanguage":"en-US","potentialAction":[{"@type":"CommentAction","name":"Comment","target":["https:\/\/protegetucorazon.com\/primer-encuentro-internacional-sobre-la-educacion-de-la-afectividad-y-la-sexualidad\/#respond"]}]},{"@type":"WebPage","@id":"https:\/\/protegetucorazon.com\/primer-encuentro-internacional-sobre-la-educacion-de-la-afectividad-y-la-sexualidad\/","url":"https:\/\/protegetucorazon.com\/primer-encuentro-internacional-sobre-la-educacion-de-la-afectividad-y-la-sexualidad\/","name":"Primer Encuentro Internacional sobre la Educaci\u00f3n de la Afectividad y la Sexualidad - Protege tu corazon","isPartOf":{"@id":"https:\/\/protegetucorazon.com\/#website"},"primaryImageOfPage":{"@id":"https:\/\/protegetucorazon.com\/primer-encuentro-internacional-sobre-la-educacion-de-la-afectividad-y-la-sexualidad\/#primaryimage"},"image":{"@id":"https:\/\/protegetucorazon.com\/primer-encuentro-internacional-sobre-la-educacion-de-la-afectividad-y-la-sexualidad\/#primaryimage"},"thumbnailUrl":"https:\/\/protegetucorazon.com\/wp-content\/uploads\/2012\/02\/nov_encuentroays.gif","datePublished":"2006-05-15T22:11:59+00:00","dateModified":"2006-05-15T22:11:59+00:00","breadcrumb":{"@id":"https:\/\/protegetucorazon.com\/primer-encuentro-internacional-sobre-la-educacion-de-la-afectividad-y-la-sexualidad\/#breadcrumb"},"inLanguage":"en-US","potentialAction":[{"@type":"ReadAction","target":["https:\/\/protegetucorazon.com\/primer-encuentro-internacional-sobre-la-educacion-de-la-afectividad-y-la-sexualidad\/"]}]},{"@type":"ImageObject","inLanguage":"en-US","@id":"https:\/\/protegetucorazon.com\/primer-encuentro-internacional-sobre-la-educacion-de-la-afectividad-y-la-sexualidad\/#primaryimage","url":"https:\/\/protegetucorazon.com\/wp-content\/uploads\/2012\/02\/nov_encuentroays.gif","contentUrl":"https:\/\/protegetucorazon.com\/wp-content\/uploads\/2012\/02\/nov_encuentroays.gif","width":154,"height":143},{"@type":"BreadcrumbList","@id":"https:\/\/protegetucorazon.com\/primer-encuentro-internacional-sobre-la-educacion-de-la-afectividad-y-la-sexualidad\/#breadcrumb","itemListElement":[{"@type":"ListItem","position":1,"name":"Portada","item":"https:\/\/protegetucorazon.com\/"},{"@type":"ListItem","position":2,"name":"Primer Encuentro Internacional sobre la Educaci\u00f3n de la Afectividad y la Sexualidad"}]},{"@type":"WebSite","@id":"https:\/\/protegetucorazon.com\/#website","url":"https:\/\/protegetucorazon.com\/","name":"Protege tu corazon","description":"Programa de educaci\u00f3n de la sexualidad basado en la formaci\u00f3n del car\u00e1cter","publisher":{"@id":"https:\/\/protegetucorazon.com\/#organization"},"potentialAction":[{"@type":"SearchAction","target":{"@type":"EntryPoint","urlTemplate":"https:\/\/protegetucorazon.com\/?s={search_term_string}"},"query-input":"required name=search_term_string"}],"inLanguage":"en-US"},{"@type":"Organization","@id":"https:\/\/protegetucorazon.com\/#organization","name":"Protege tu corazon","url":"https:\/\/protegetucorazon.com\/","logo":{"@type":"ImageObject","inLanguage":"en-US","@id":"https:\/\/protegetucorazon.com\/#\/schema\/logo\/image\/","url":"https:\/\/protegetucorazon.com\/wp-content\/uploads\/2020\/06\/protege-tu-corazon-color.png","contentUrl":"https:\/\/protegetucorazon.com\/wp-content\/uploads\/2020\/06\/protege-tu-corazon-color.png","width":256,"height":90,"caption":"Protege tu corazon"},"image":{"@id":"https:\/\/protegetucorazon.com\/#\/schema\/logo\/image\/"}},{"@type":"Person","@id":"https:\/\/protegetucorazon.com\/#\/schema\/person\/fe40036747dc22da99d555e763b905a7","name":"protege2020","image":{"@type":"ImageObject","inLanguage":"en-US","@id":"https:\/\/protegetucorazon.com\/#\/schema\/person\/image\/","url":"https:\/\/secure.gravatar.com\/avatar\/bae55470a3bfbad875b95ad324b52db8?s=96&d=mm&r=g","contentUrl":"https:\/\/secure.gravatar.com\/avatar\/bae55470a3bfbad875b95ad324b52db8?s=96&d=mm&r=g","caption":"protege2020"},"sameAs":["https:\/\/protegetucorazon.com"],"url":"https:\/\/protegetucorazon.com\/en\/author\/protege2020\/"}]}},"_links":{"self":[{"href":"https:\/\/protegetucorazon.com\/en\/wp-json\/wp\/v2\/posts\/2139"}],"collection":[{"href":"https:\/\/protegetucorazon.com\/en\/wp-json\/wp\/v2\/posts"}],"about":[{"href":"https:\/\/protegetucorazon.com\/en\/wp-json\/wp\/v2\/types\/post"}],"author":[{"embeddable":true,"href":"https:\/\/protegetucorazon.com\/en\/wp-json\/wp\/v2\/users\/1"}],"replies":[{"embeddable":true,"href":"https:\/\/protegetucorazon.com\/en\/wp-json\/wp\/v2\/comments?post=2139"}],"version-history":[{"count":0,"href":"https:\/\/protegetucorazon.com\/en\/wp-json\/wp\/v2\/posts\/2139\/revisions"}],"wp:featuredmedia":[{"embeddable":true,"href":"https:\/\/protegetucorazon.com\/en\/wp-json\/wp\/v2\/media\/2146"}],"wp:attachment":[{"href":"https:\/\/protegetucorazon.com\/en\/wp-json\/wp\/v2\/media?parent=2139"}],"wp:term":[{"taxonomy":"category","embeddable":true,"href":"https:\/\/protegetucorazon.com\/en\/wp-json\/wp\/v2\/categories?post=2139"},{"taxonomy":"post_tag","embeddable":true,"href":"https:\/\/protegetucorazon.com\/en\/wp-json\/wp\/v2\/tags?post=2139"}],"curies":[{"name":"wp","href":"https:\/\/api.w.org\/{rel}","templated":true}]}}