      
            
            
            
            
            
            
            
            
            
            
            
      {"id":2152,"date":"2006-05-23T16:18:32","date_gmt":"2006-05-23T22:18:32","guid":{"rendered":"http:\/\/clients.bangbang.mx\/corazon\/?p=2152"},"modified":"2006-05-23T16:18:32","modified_gmt":"2006-05-23T22:18:32","slug":"exito-total-en-el-primer-encuentro-internacional-en-ciudad-de-mexico","status":"publish","type":"post","link":"https:\/\/protegetucorazon.com\/en\/exito-total-en-el-primer-encuentro-internacional-en-ciudad-de-mexico\/","title":{"rendered":"\u00c9xito total en el primer encuentro internacional en Ciudad de M\u00e9xico"},"content":{"rendered":"<p style=\"text-align: justify;\"><img loading=\"lazy\" decoding=\"async\" class=\"alignleft  wp-image-1671\" src=\"https:\/\/protegetucorazon.com\/wp-content\/uploads\/2012\/02\/bck_celeste.gif\" alt=\"\" width=\"134\" height=\"134\" \/>Durante tres d\u00edas se dieron cita 750 personas, la mitad de ellas procedentes de 20 pa\u00edses, para conocer y compartir diferentes iniciativas en torno a la educaci\u00f3n de la afectividad y la sexualidad. Juan Francisco V\u00e9lez, fundador de PTC, ante un numeroso p\u00fablico destac\u00f3 los embarazos de adolescentes, el impacto emocional de las relaciones sexuales antes del matrimonio, los efectos sociales e intelectuales posibles, el aumento del consumo de drogas, alcohol y pornograf\u00eda, el incremento de ETS y el debilitamiento de la capacidad de amar, como se\u00f1ales de alarma en el mundo contempor\u00e1neo, que reflejan un malestar afectivo en los j\u00f3venes.<\/p>\n<p style=\"text-align: justify;\">Despu\u00e9s compar\u00f3 enfoques educativos que buscan soluci\u00f3n a estos problemas destacando que PTC considera al adolescente como un ser inteligente capaz de vivir el autocontrol como herramienta clave para su progreso personal. Por \u00faltimo expuso las carencias que el programa busca convertir en habilidades del car\u00e1cter y los retos que ha logrado alcanzar en estos a\u00f1os.<\/p>\n<p style=\"text-align: center;\"><img loading=\"lazy\" decoding=\"async\" class=\"alignnone size-full wp-image-2153\" src=\"https:\/\/protegetucorazon.com\/wp-content\/uploads\/2012\/02\/encuentroasys2.jpg\" alt=\"\" width=\"225\" height=\"104\" \/> <img loading=\"lazy\" decoding=\"async\" class=\"alignnone size-full wp-image-2154\" src=\"https:\/\/protegetucorazon.com\/wp-content\/uploads\/2012\/02\/encuentroasys3.jpg\" alt=\"\" width=\"225\" height=\"104\" \/><\/p>","protected":false},"excerpt":{"rendered":"<p>Durante tres d\u00edas se dieron cita 750 personas, la mitad de ellas procedentes de 20 pa\u00edses, para conocer y compartir diferentes iniciativas en torno a la educaci\u00f3n de la afectividad y la sexualidad. Juan Francisco V\u00e9lez, fundador de PTC, ante un numeroso p\u00fablico destac\u00f3 los embarazos de adolescentes, el impacto emocional de las relaciones sexuales&#8230;<\/p>","protected":false},"author":1,"featured_media":1671,"comment_status":"open","ping_status":"open","sticky":false,"template":"","format":"standard","meta":{"_bbp_topic_count":0,"_bbp_reply_count":0,"_bbp_total_topic_count":0,"_bbp_total_reply_count":0,"_bbp_voice_count":0,"_bbp_anonymous_reply_count":0,"_bbp_topic_count_hidden":0,"_bbp_reply_count_hidden":0,"_bbp_forum_subforum_count":0,"footnotes":""},"categories":[53],"tags":[],"yoast_head":"<!-- This site is optimized with the Yoast SEO plugin v23.0 - https:\/\/yoast.com\/wordpress\/plugins\/seo\/ -->\n<title>\u00c9xito total en el primer encuentro internacional en Ciudad de M\u00e9xico - Protege tu corazon<\/title>\n<meta name=\"robots\" content=\"index, follow, max-snippet:-1, max-image-preview:large, max-video-preview:-1\" \/>\n<link rel=\"canonical\" href=\"https:\/\/protegetucorazon.com\/en\/exito-total-en-el-primer-encuentro-internacional-en-ciudad-de-mexico\/\" \/>\n<meta property=\"og:locale\" content=\"en_US\" \/>\n<meta property=\"og:type\" content=\"article\" \/>\n<meta property=\"og:title\" content=\"\u00c9xito total en el primer encuentro internacional en Ciudad de M\u00e9xico - Protege tu corazon\" \/>\n<meta property=\"og:description\" content=\"Durante tres d\u00edas se dieron cita 750 personas, la mitad de ellas procedentes de 20 pa\u00edses, para conocer y compartir diferentes iniciativas en torno a la educaci\u00f3n de la afectividad y la sexualidad. Juan Francisco V\u00e9lez, fundador de PTC, ante un numeroso p\u00fablico destac\u00f3 los embarazos de adolescentes, el impacto emocional de las relaciones sexuales...\" \/>\n<meta property=\"og:url\" content=\"https:\/\/protegetucorazon.com\/en\/exito-total-en-el-primer-encuentro-internacional-en-ciudad-de-mexico\/\" \/>\n<meta property=\"og:site_name\" content=\"Protege tu corazon\" \/>\n<meta property=\"article:published_time\" content=\"2006-05-23T22:18:32+00:00\" \/>\n<meta property=\"og:image\" content=\"https:\/\/protegetucorazon.com\/wp-content\/uploads\/2012\/02\/bck_celeste.gif\" \/>\n\t<meta property=\"og:image:width\" content=\"149\" \/>\n\t<meta property=\"og:image:height\" content=\"149\" \/>\n\t<meta property=\"og:image:type\" content=\"image\/gif\" \/>\n<meta name=\"author\" content=\"protege2020\" \/>\n<meta name=\"twitter:card\" content=\"summary_large_image\" \/>\n<meta name=\"twitter:label1\" content=\"Written by\" \/>\n\t<meta name=\"twitter:data1\" content=\"protege2020\" \/>\n\t<meta name=\"twitter:label2\" content=\"Est. reading time\" \/>\n\t<meta name=\"twitter:data2\" content=\"1 minute\" \/>\n<script type=\"application\/ld+json\" class=\"yoast-schema-graph\">{\"@context\":\"https:\/\/schema.org\",\"@graph\":[{\"@type\":\"Article\",\"@id\":\"https:\/\/protegetucorazon.com\/exito-total-en-el-primer-encuentro-internacional-en-ciudad-de-mexico\/#article\",\"isPartOf\":{\"@id\":\"https:\/\/protegetucorazon.com\/exito-total-en-el-primer-encuentro-internacional-en-ciudad-de-mexico\/\"},\"author\":{\"name\":\"protege2020\",\"@id\":\"https:\/\/protegetucorazon.com\/#\/schema\/person\/fe40036747dc22da99d555e763b905a7\"},\"headline\":\"\u00c9xito total en el primer encuentro internacional en Ciudad de M\u00e9xico\",\"datePublished\":\"2006-05-23T22:18:32+00:00\",\"dateModified\":\"2006-05-23T22:18:32+00:00\",\"mainEntityOfPage\":{\"@id\":\"https:\/\/protegetucorazon.com\/exito-total-en-el-primer-encuentro-internacional-en-ciudad-de-mexico\/\"},\"wordCount\":180,\"commentCount\":0,\"publisher\":{\"@id\":\"https:\/\/protegetucorazon.com\/#organization\"},\"image\":{\"@id\":\"https:\/\/protegetucorazon.com\/exito-total-en-el-primer-encuentro-internacional-en-ciudad-de-mexico\/#primaryimage\"},\"thumbnailUrl\":\"https:\/\/protegetucorazon.com\/wp-content\/uploads\/2012\/02\/bck_celeste.gif\",\"articleSection\":[\"Noticias\"],\"inLanguage\":\"en-US\",\"potentialAction\":[{\"@type\":\"CommentAction\",\"name\":\"Comment\",\"target\":[\"https:\/\/protegetucorazon.com\/exito-total-en-el-primer-encuentro-internacional-en-ciudad-de-mexico\/#respond\"]}]},{\"@type\":\"WebPage\",\"@id\":\"https:\/\/protegetucorazon.com\/exito-total-en-el-primer-encuentro-internacional-en-ciudad-de-mexico\/\",\"url\":\"https:\/\/protegetucorazon.com\/exito-total-en-el-primer-encuentro-internacional-en-ciudad-de-mexico\/\",\"name\":\"\u00c9xito total en el primer encuentro internacional en Ciudad de M\u00e9xico - Protege tu corazon\",\"isPartOf\":{\"@id\":\"https:\/\/protegetucorazon.com\/#website\"},\"primaryImageOfPage\":{\"@id\":\"https:\/\/protegetucorazon.com\/exito-total-en-el-primer-encuentro-internacional-en-ciudad-de-mexico\/#primaryimage\"},\"image\":{\"@id\":\"https:\/\/protegetucorazon.com\/exito-total-en-el-primer-encuentro-internacional-en-ciudad-de-mexico\/#primaryimage\"},\"thumbnailUrl\":\"https:\/\/protegetucorazon.com\/wp-content\/uploads\/2012\/02\/bck_celeste.gif\",\"datePublished\":\"2006-05-23T22:18:32+00:00\",\"dateModified\":\"2006-05-23T22:18:32+00:00\",\"breadcrumb\":{\"@id\":\"https:\/\/protegetucorazon.com\/exito-total-en-el-primer-encuentro-internacional-en-ciudad-de-mexico\/#breadcrumb\"},\"inLanguage\":\"en-US\",\"potentialAction\":[{\"@type\":\"ReadAction\",\"target\":[\"https:\/\/protegetucorazon.com\/exito-total-en-el-primer-encuentro-internacional-en-ciudad-de-mexico\/\"]}]},{\"@type\":\"ImageObject\",\"inLanguage\":\"en-US\",\"@id\":\"https:\/\/protegetucorazon.com\/exito-total-en-el-primer-encuentro-internacional-en-ciudad-de-mexico\/#primaryimage\",\"url\":\"https:\/\/protegetucorazon.com\/wp-content\/uploads\/2012\/02\/bck_celeste.gif\",\"contentUrl\":\"https:\/\/protegetucorazon.com\/wp-content\/uploads\/2012\/02\/bck_celeste.gif\",\"width\":149,\"height\":149},{\"@type\":\"BreadcrumbList\",\"@id\":\"https:\/\/protegetucorazon.com\/exito-total-en-el-primer-encuentro-internacional-en-ciudad-de-mexico\/#breadcrumb\",\"itemListElement\":[{\"@type\":\"ListItem\",\"position\":1,\"name\":\"Portada\",\"item\":\"https:\/\/protegetucorazon.com\/\"},{\"@type\":\"ListItem\",\"position\":2,\"name\":\"\u00c9xito total en el primer encuentro internacional en Ciudad de M\u00e9xico\"}]},{\"@type\":\"WebSite\",\"@id\":\"https:\/\/protegetucorazon.com\/#website\",\"url\":\"https:\/\/protegetucorazon.com\/\",\"name\":\"Protege tu corazon\",\"description\":\"Programa de educaci\u00f3n de la sexualidad basado en la formaci\u00f3n del car\u00e1cter\",\"publisher\":{\"@id\":\"https:\/\/protegetucorazon.com\/#organization\"},\"potentialAction\":[{\"@type\":\"SearchAction\",\"target\":{\"@type\":\"EntryPoint\",\"urlTemplate\":\"https:\/\/protegetucorazon.com\/?s={search_term_string}\"},\"query-input\":\"required name=search_term_string\"}],\"inLanguage\":\"en-US\"},{\"@type\":\"Organization\",\"@id\":\"https:\/\/protegetucorazon.com\/#organization\",\"name\":\"Protege tu corazon\",\"url\":\"https:\/\/protegetucorazon.com\/\",\"logo\":{\"@type\":\"ImageObject\",\"inLanguage\":\"en-US\",\"@id\":\"https:\/\/protegetucorazon.com\/#\/schema\/logo\/image\/\",\"url\":\"https:\/\/protegetucorazon.com\/wp-content\/uploads\/2020\/06\/protege-tu-corazon-color.png\",\"contentUrl\":\"https:\/\/protegetucorazon.com\/wp-content\/uploads\/2020\/06\/protege-tu-corazon-color.png\",\"width\":256,\"height\":90,\"caption\":\"Protege tu corazon\"},\"image\":{\"@id\":\"https:\/\/protegetucorazon.com\/#\/schema\/logo\/image\/\"}},{\"@type\":\"Person\",\"@id\":\"https:\/\/protegetucorazon.com\/#\/schema\/person\/fe40036747dc22da99d555e763b905a7\",\"name\":\"protege2020\",\"image\":{\"@type\":\"ImageObject\",\"inLanguage\":\"en-US\",\"@id\":\"https:\/\/protegetucorazon.com\/#\/schema\/person\/image\/\",\"url\":\"https:\/\/secure.gravatar.com\/avatar\/bae55470a3bfbad875b95ad324b52db8?s=96&d=mm&r=g\",\"contentUrl\":\"https:\/\/secure.gravatar.com\/avatar\/bae55470a3bfbad875b95ad324b52db8?s=96&d=mm&r=g\",\"caption\":\"protege2020\"},\"sameAs\":[\"https:\/\/protegetucorazon.com\"],\"url\":\"https:\/\/protegetucorazon.com\/en\/author\/protege2020\/\"}]}<\/script>\n<!-- \/ Yoast SEO plugin. -->","yoast_head_json":{"title":"\u00c9xito total en el primer encuentro internacional en Ciudad de M\u00e9xico - Protege tu corazon","robots":{"index":"index","follow":"follow","max-snippet":"max-snippet:-1","max-image-preview":"max-image-preview:large","max-video-preview":"max-video-preview:-1"},"canonical":"https:\/\/protegetucorazon.com\/en\/exito-total-en-el-primer-encuentro-internacional-en-ciudad-de-mexico\/","og_locale":"en_US","og_type":"article","og_title":"\u00c9xito total en el primer encuentro internacional en Ciudad de M\u00e9xico - Protege tu corazon","og_description":"Durante tres d\u00edas se dieron cita 750 personas, la mitad de ellas procedentes de 20 pa\u00edses, para conocer y compartir diferentes iniciativas en torno a la educaci\u00f3n de la afectividad y la sexualidad. Juan Francisco V\u00e9lez, fundador de PTC, ante un numeroso p\u00fablico destac\u00f3 los embarazos de adolescentes, el impacto emocional de las relaciones sexuales...","og_url":"https:\/\/protegetucorazon.com\/en\/exito-total-en-el-primer-encuentro-internacional-en-ciudad-de-mexico\/","og_site_name":"Protege tu corazon","article_published_time":"2006-05-23T22:18:32+00:00","og_image":[{"width":149,"height":149,"url":"https:\/\/protegetucorazon.com\/wp-content\/uploads\/2012\/02\/bck_celeste.gif","type":"image\/gif"}],"author":"protege2020","twitter_card":"summary_large_image","twitter_misc":{"Written by":"protege2020","Est. reading time":"1 minute"},"schema":{"@context":"https:\/\/schema.org","@graph":[{"@type":"Article","@id":"https:\/\/protegetucorazon.com\/exito-total-en-el-primer-encuentro-internacional-en-ciudad-de-mexico\/#article","isPartOf":{"@id":"https:\/\/protegetucorazon.com\/exito-total-en-el-primer-encuentro-internacional-en-ciudad-de-mexico\/"},"author":{"name":"protege2020","@id":"https:\/\/protegetucorazon.com\/#\/schema\/person\/fe40036747dc22da99d555e763b905a7"},"headline":"\u00c9xito total en el primer encuentro internacional en Ciudad de M\u00e9xico","datePublished":"2006-05-23T22:18:32+00:00","dateModified":"2006-05-23T22:18:32+00:00","mainEntityOfPage":{"@id":"https:\/\/protegetucorazon.com\/exito-total-en-el-primer-encuentro-internacional-en-ciudad-de-mexico\/"},"wordCount":180,"commentCount":0,"publisher":{"@id":"https:\/\/protegetucorazon.com\/#organization"},"image":{"@id":"https:\/\/protegetucorazon.com\/exito-total-en-el-primer-encuentro-internacional-en-ciudad-de-mexico\/#primaryimage"},"thumbnailUrl":"https:\/\/protegetucorazon.com\/wp-content\/uploads\/2012\/02\/bck_celeste.gif","articleSection":["Noticias"],"inLanguage":"en-US","potentialAction":[{"@type":"CommentAction","name":"Comment","target":["https:\/\/protegetucorazon.com\/exito-total-en-el-primer-encuentro-internacional-en-ciudad-de-mexico\/#respond"]}]},{"@type":"WebPage","@id":"https:\/\/protegetucorazon.com\/exito-total-en-el-primer-encuentro-internacional-en-ciudad-de-mexico\/","url":"https:\/\/protegetucorazon.com\/exito-total-en-el-primer-encuentro-internacional-en-ciudad-de-mexico\/","name":"\u00c9xito total en el primer encuentro internacional en Ciudad de M\u00e9xico - Protege tu corazon","isPartOf":{"@id":"https:\/\/protegetucorazon.com\/#website"},"primaryImageOfPage":{"@id":"https:\/\/protegetucorazon.com\/exito-total-en-el-primer-encuentro-internacional-en-ciudad-de-mexico\/#primaryimage"},"image":{"@id":"https:\/\/protegetucorazon.com\/exito-total-en-el-primer-encuentro-internacional-en-ciudad-de-mexico\/#primaryimage"},"thumbnailUrl":"https:\/\/protegetucorazon.com\/wp-content\/uploads\/2012\/02\/bck_celeste.gif","datePublished":"2006-05-23T22:18:32+00:00","dateModified":"2006-05-23T22:18:32+00:00","breadcrumb":{"@id":"https:\/\/protegetucorazon.com\/exito-total-en-el-primer-encuentro-internacional-en-ciudad-de-mexico\/#breadcrumb"},"inLanguage":"en-US","potentialAction":[{"@type":"ReadAction","target":["https:\/\/protegetucorazon.com\/exito-total-en-el-primer-encuentro-internacional-en-ciudad-de-mexico\/"]}]},{"@type":"ImageObject","inLanguage":"en-US","@id":"https:\/\/protegetucorazon.com\/exito-total-en-el-primer-encuentro-internacional-en-ciudad-de-mexico\/#primaryimage","url":"https:\/\/protegetucorazon.com\/wp-content\/uploads\/2012\/02\/bck_celeste.gif","contentUrl":"https:\/\/protegetucorazon.com\/wp-content\/uploads\/2012\/02\/bck_celeste.gif","width":149,"height":149},{"@type":"BreadcrumbList","@id":"https:\/\/protegetucorazon.com\/exito-total-en-el-primer-encuentro-internacional-en-ciudad-de-mexico\/#breadcrumb","itemListElement":[{"@type":"ListItem","position":1,"name":"Portada","item":"https:\/\/protegetucorazon.com\/"},{"@type":"ListItem","position":2,"name":"\u00c9xito total en el primer encuentro internacional en Ciudad de M\u00e9xico"}]},{"@type":"WebSite","@id":"https:\/\/protegetucorazon.com\/#website","url":"https:\/\/protegetucorazon.com\/","name":"Protege tu corazon","description":"Programa de educaci\u00f3n de la sexualidad basado en la formaci\u00f3n del car\u00e1cter","publisher":{"@id":"https:\/\/protegetucorazon.com\/#organization"},"potentialAction":[{"@type":"SearchAction","target":{"@type":"EntryPoint","urlTemplate":"https:\/\/protegetucorazon.com\/?s={search_term_string}"},"query-input":"required name=search_term_string"}],"inLanguage":"en-US"},{"@type":"Organization","@id":"https:\/\/protegetucorazon.com\/#organization","name":"Protege tu corazon","url":"https:\/\/protegetucorazon.com\/","logo":{"@type":"ImageObject","inLanguage":"en-US","@id":"https:\/\/protegetucorazon.com\/#\/schema\/logo\/image\/","url":"https:\/\/protegetucorazon.com\/wp-content\/uploads\/2020\/06\/protege-tu-corazon-color.png","contentUrl":"https:\/\/protegetucorazon.com\/wp-content\/uploads\/2020\/06\/protege-tu-corazon-color.png","width":256,"height":90,"caption":"Protege tu corazon"},"image":{"@id":"https:\/\/protegetucorazon.com\/#\/schema\/logo\/image\/"}},{"@type":"Person","@id":"https:\/\/protegetucorazon.com\/#\/schema\/person\/fe40036747dc22da99d555e763b905a7","name":"protege2020","image":{"@type":"ImageObject","inLanguage":"en-US","@id":"https:\/\/protegetucorazon.com\/#\/schema\/person\/image\/","url":"https:\/\/secure.gravatar.com\/avatar\/bae55470a3bfbad875b95ad324b52db8?s=96&d=mm&r=g","contentUrl":"https:\/\/secure.gravatar.com\/avatar\/bae55470a3bfbad875b95ad324b52db8?s=96&d=mm&r=g","caption":"protege2020"},"sameAs":["https:\/\/protegetucorazon.com"],"url":"https:\/\/protegetucorazon.com\/en\/author\/protege2020\/"}]}},"_links":{"self":[{"href":"https:\/\/protegetucorazon.com\/en\/wp-json\/wp\/v2\/posts\/2152"}],"collection":[{"href":"https:\/\/protegetucorazon.com\/en\/wp-json\/wp\/v2\/posts"}],"about":[{"href":"https:\/\/protegetucorazon.com\/en\/wp-json\/wp\/v2\/types\/post"}],"author":[{"embeddable":true,"href":"https:\/\/protegetucorazon.com\/en\/wp-json\/wp\/v2\/users\/1"}],"replies":[{"embeddable":true,"href":"https:\/\/protegetucorazon.com\/en\/wp-json\/wp\/v2\/comments?post=2152"}],"version-history":[{"count":0,"href":"https:\/\/protegetucorazon.com\/en\/wp-json\/wp\/v2\/posts\/2152\/revisions"}],"wp:featuredmedia":[{"embeddable":true,"href":"https:\/\/protegetucorazon.com\/en\/wp-json\/wp\/v2\/media\/1671"}],"wp:attachment":[{"href":"https:\/\/protegetucorazon.com\/en\/wp-json\/wp\/v2\/media?parent=2152"}],"wp:term":[{"taxonomy":"category","embeddable":true,"href":"https:\/\/protegetucorazon.com\/en\/wp-json\/wp\/v2\/categories?post=2152"},{"taxonomy":"post_tag","embeddable":true,"href":"https:\/\/protegetucorazon.com\/en\/wp-json\/wp\/v2\/tags?post=2152"}],"curies":[{"name":"wp","href":"https:\/\/api.w.org\/{rel}","templated":true}]}}