      
            
            
            
      {"id":2168,"date":"2005-10-29T16:37:40","date_gmt":"2005-10-29T22:37:40","guid":{"rendered":"http:\/\/clients.bangbang.mx\/corazon\/?p=2168"},"modified":"2005-10-29T16:37:40","modified_gmt":"2005-10-29T22:37:40","slug":"ptc-en-el-colegio-benedictino","status":"publish","type":"post","link":"https:\/\/protegetucorazon.com\/en\/ptc-en-el-colegio-benedictino\/","title":{"rendered":"PTC en el Colegio Benedictino"},"content":{"rendered":"<table border=\"1\">\n<tbody>\n<tr>\n<td>Seminario sobre el matrimonio en el colegio Benedictino, en Medell\u00edn, Colombia.<\/td>\n<\/tr>\n<\/tbody>\n<\/table>\n<p style=\"text-align: justify;\"><a ref=\"magnificPopup\" href=\"https:\/\/protegetucorazon.com\/wp-content\/uploads\/2012\/02\/noticias_3.jpg\"><img loading=\"lazy\" decoding=\"async\" class=\"alignleft  wp-image-2169\" title=\"noticias_3\" src=\"https:\/\/protegetucorazon.com\/wp-content\/uploads\/2012\/02\/noticias_3.jpg\" alt=\"\" width=\"144\" height=\"144\" srcset=\"https:\/\/protegetucorazon.com\/wp-content\/uploads\/2012\/02\/noticias_3.jpg 250w, https:\/\/protegetucorazon.com\/wp-content\/uploads\/2012\/02\/noticias_3-150x150.jpg 150w\" sizes=\"(max-width: 144px) 100vw, 144px\" \/><\/a><br \/>\nEl colegio Benedictino suele hacer un seminario anual, al cual invita a sus padres de familia y a los rectores de los colegios de la ciudad. Tambi\u00e9n se invitan sic\u00f3logos, orientadores, de otros colegios, que puedan tener inter\u00e9s en el tema espec\u00edfico.<\/p>\n<p style=\"text-align: justify;\">En esta ocasi\u00f3n PTC fue el responsable de este seminario, que se desarroll\u00f3 en las ma\u00f1anas de dos s\u00e1bados consecutivos. Los temas tratados, fueron:<\/p>\n<p>&nbsp;<\/p>\n<div style=\"border: 1px solid #dcdcdc; padding: 9px; background-color: #fffff4; width: 95%; margin-left: 5px;\">\n<p>\u2022 Comunicaci\u00f3n de coraz\u00f3n a coraz\u00f3n<\/p>\n<p>\u2022 C\u00f3mo conservar la intimidad<\/p>\n<p>\u2022 Manejo de conflictos<\/p>\n<p>\u2022 Vida sexual en el matrimonio<\/p>\n<\/div>\n<p>&nbsp;<\/p>\n<p style=\"text-align: justify;\">La asistencia fue excelente, se llen\u00f3 el Coliseo del colegio. Se logr\u00f3 hacer realmente un SEMINARIO: con talleres para cada tema, con posibilidad de reflexi\u00f3n personal entre los dos conyuges&#8230; Lo ideal, -dec\u00eda una asistente-, ser\u00eda un sitio m\u00e1s privado, pues el coliseo tan abierto y grande no es el ambiente m\u00e1s adecuado para abrir la intimidad al otro y ventilar asuntos delicados, pero aun as\u00ed, me removi\u00f3 y nos sirvi\u00f3 much\u00edsimo&#8221;. Se trataba de cuestionar, de sacar de manera positiva asuntos que generalmente no se hablan en el d\u00eda a d\u00eda, de &#8220;tanquear con gasolina premium&#8221; a los matrimonios que estuvieron presentes. La gente percibi\u00f3 un trato delicado de temas como los conflictos y la sexualidad. &#8220;Se dijeron las cosas sin herir, nos fueron llevando a hablar de muchos asuntos a los que les hu\u00edamos, sin agresividad ni prevenci\u00f3n&#8230;&#8221;.<\/p>\n<p style=\"text-align: justify;\">Un matrimonio que al inicio hab\u00eda comentado sobre su dificultad para la comunicaci\u00f3n, una semana despu\u00e9s nos dijo en un encuentro casual: &#8220;muchos ejercicios no fuimos capaces de hacerlos durante el seminario, lo que a mi me dej\u00f3 un poco frustrada, pensando que hab\u00edamos perdido el tiempo. Pero en esta semana han salido ya varias cosas en las que hemos dicho. &#8211; &#8220;s\u00ed, de esto tenemos que hablar, nos hace falta. \u00a1Hag\u00e1moslo ya!&#8230;&#8221;<\/p>\n<p style=\"text-align: justify;\">Presentamos algunos ejemplos de los ejercicios que se hicieron:<\/p>\n<p style=\"text-align: justify;\">AUTENTICIDAD Y COHERENCIA: Expresi\u00f3n externa del interior<br \/>\nQuiero decirte nuevamente, lo que siento por ti<br \/>\n&#8212;&#8212;&#8212;&#8212;&#8212;&#8212;&#8212;&#8212;&#8212;&#8212;&#8212;&#8212;&#8212;&#8212;&#8212;&#8212;&#8212;&#8211;<br \/>\n&#8212;&#8212;&#8212;&#8212;&#8212;&#8212;&#8212;&#8212;&#8212;&#8212;&#8212;&#8212;&#8212;&#8212;&#8212;&#8212;&#8212;&#8211;<br \/>\nMe gusta cuando me dices que:<br \/>\n&#8212;&#8212;&#8212;&#8212;&#8212;&#8212;&#8212;&#8212;&#8212;&#8212;&#8212;&#8212;&#8212;&#8212;&#8212;&#8212;&#8212;&#8212;<br \/>\n&#8212;&#8212;&#8212;&#8212;&#8212;&#8212;&#8212;&#8212;&#8212;&#8212;&#8212;&#8212;&#8212;&#8212;&#8212;&#8212;&#8212;&#8212;<\/p>\n<p style=\"text-align: justify;\">RESPETO: A la imagen frente a los hijos y a los amigos, a las diferencias hombre\/ mujer en lo sensorial, en las expresiones de afecto, en la respuesta sexual<br \/>\nQuiero ser m\u00e1s delicado\/a contigo en estos aspectos:<br \/>\n&#8212;&#8212;&#8212;&#8212;&#8212;&#8212;&#8212;&#8212;&#8212;&#8212;&#8212;&#8212;&#8212;&#8212;&#8212;&#8212;&#8212;&#8212;<br \/>\n&#8212;&#8212;&#8212;&#8212;&#8212;&#8212;&#8212;&#8212;&#8212;&#8212;&#8212;&#8212;&#8212;&#8212;&#8212;&#8212;&#8212;&#8212;<br \/>\nMe gustar\u00eda que fueras m\u00e1s delicado\/a conmigo en estos aspectos :<br \/>\n&#8212;&#8212;&#8212;&#8212;&#8212;&#8212;&#8212;&#8212;&#8212;&#8212;&#8212;&#8212;&#8212;&#8212;&#8212;&#8212;&#8212;&#8212;<br \/>\n&#8212;&#8212;&#8212;&#8212;&#8212;&#8212;&#8212;&#8212;&#8212;&#8212;&#8212;&#8212;&#8212;&#8212;&#8212;&#8212;&#8212;&#8212;<\/p>\n<p style=\"text-align: justify;\">LAS COSAS PEQUE\u00d1AS: Las que nos negamos a cambiar porque nos parecen tontas aunque el otro insista en que no lo son, o que, a pesar de serlo le incomodan<br \/>\nQuiero intentar cambiar estos detalles que te molestan de mi:<br \/>\n&#8212;&#8212;&#8212;&#8212;&#8212;&#8212;&#8212;&#8212;&#8212;&#8212;&#8212;&#8212;&#8212;&#8212;&#8212;&#8212;&#8212;&#8212;&#8212;&#8212;&#8212;<br \/>\nMe gustar\u00eda que intentaras cambiar estos detalles:<br \/>\n&#8212;&#8212;&#8212;&#8212;&#8212;&#8212;&#8212;&#8212;&#8212;&#8212;&#8212;&#8212;&#8212;&#8212;&#8212;&#8212;&#8212;&#8212;&#8212;&#8212;&#8212;-<\/p>\n<p style=\"text-align: justify;\">Creo que los motivos de ROCE m\u00e1s frecuentes entre nosotros son:<\/p>\n<p style=\"text-align: justify;\">&#8212;&#8212;&#8212;&#8212;&#8212;&#8212;&#8212;&#8212;&#8212;&#8212;&#8212;&#8212;&#8212;&#8212;&#8211;<br \/>\n&#8212;&#8212;&#8212;&#8212;&#8212;&#8212;&#8212;&#8212;&#8212;&#8212;&#8212;&#8212;&#8212;&#8212;&#8211;<br \/>\n&#8212;&#8212;&#8212;&#8212;&#8212;&#8212;&#8212;&#8212;&#8212;&#8212;&#8212;&#8212;&#8212;&#8212;-<br \/>\n&#8212;&#8212;&#8212;&#8212;&#8212;&#8212;&#8212;&#8212;&#8212;&#8212;&#8212;&#8212;&#8212;&#8212;&#8211;<br \/>\n&#8212;&#8212;&#8212;&#8212;&#8212;&#8212;&#8212;&#8212;&#8212;&#8212;&#8212;&#8212;&#8212;&#8212;&#8211;<br \/>\nCreo que los motivos de CHOQUE m\u00e1s frecuentes entre nosotros son:<\/p>\n<p style=\"text-align: justify;\">&#8212;&#8212;&#8212;&#8212;&#8212;&#8212;&#8212;&#8212;&#8212;&#8212;&#8212;&#8212;&#8212;&#8212;&#8211;<br \/>\n&#8212;&#8212;&#8212;&#8212;&#8212;&#8212;&#8212;&#8212;&#8212;&#8212;&#8212;&#8212;&#8212;&#8212;&#8211;<br \/>\n&#8212;&#8212;&#8212;&#8212;&#8212;&#8212;&#8212;&#8212;&#8212;&#8212;&#8212;&#8212;&#8212;&#8212;-<br \/>\n&#8212;&#8212;&#8212;&#8212;&#8212;&#8212;&#8212;&#8212;&#8212;&#8212;&#8212;&#8212;&#8212;&#8212;&#8211;<br \/>\n&#8212;&#8212;&#8212;&#8212;&#8212;&#8212;&#8212;&#8212;&#8212;&#8212;&#8212;&#8212;&#8212;&#8212;&#8211;<\/p>\n<p style=\"text-align: justify;\">ASUNTOS EMOCIONALES QUE CREAN CONFLICTOS<\/p>\n<p style=\"text-align: justify;\">\u2022 Asuntos de poder: derivados de la necesidad de controlar a los dem\u00e1s e influir<br \/>\n\u2022 Asuntos de aprobaci\u00f3n: derivados de la necesidad de recibir afecto y agradar<br \/>\n\u2022 Asuntos de inclusi\u00f3n: derivados de la necesidad de encontrar aceptaci\u00f3n en los grupos sociales<br \/>\n\u2022 Asuntos de justicia: derivados de la necesidad de recibir un tratamiento justo<br \/>\n\u2022 Asuntos de identidad: derivados de la necesidad de autonom\u00eda, amor propio, autodeterminaci\u00f3n.<\/p>\n<p style=\"text-align: justify;\">Los asuntos emocionales que m\u00e1s veo en M\u00cd al momento de resolver un conflicto contigo, son:<br \/>\n&#8212;&#8212;&#8212;&#8212;&#8212;&#8212;&#8212;&#8212;&#8212;&#8212;&#8212;&#8212;&#8212;&#8212;&#8211;<br \/>\n&#8212;&#8212;&#8212;&#8212;&#8212;&#8212;&#8212;&#8212;&#8212;&#8212;&#8212;&#8212;&#8212;&#8212;&#8211;<br \/>\n&#8212;&#8212;&#8212;&#8212;&#8212;&#8212;&#8212;&#8212;&#8212;&#8212;&#8212;&#8212;&#8212;&#8212;-<br \/>\n&#8212;&#8212;&#8212;&#8212;&#8212;&#8212;&#8212;&#8212;&#8212;&#8212;&#8212;&#8212;&#8212;&#8212;&#8211;<br \/>\n&#8212;&#8212;&#8212;&#8212;&#8212;&#8212;&#8212;&#8212;&#8212;&#8212;&#8212;&#8212;&#8212;&#8212;&#8211;<br \/>\nLos asuntos emocionales que m\u00e1s veo en TI al momento de resolver un conflicto conmigo, son:<br \/>\n&#8212;&#8212;&#8212;&#8212;&#8212;&#8212;&#8212;&#8212;&#8212;&#8212;&#8212;&#8212;&#8212;&#8212;&#8211;<br \/>\n&#8212;&#8212;&#8212;&#8212;&#8212;&#8212;&#8212;&#8212;&#8212;&#8212;&#8212;&#8212;&#8212;&#8212;&#8211;<br \/>\n&#8212;&#8212;&#8212;&#8212;&#8212;&#8212;&#8212;&#8212;&#8212;&#8212;&#8212;&#8212;&#8212;&#8212;-<br \/>\n&#8212;&#8212;&#8212;&#8212;&#8212;&#8212;&#8212;&#8212;&#8212;&#8212;&#8212;&#8212;&#8212;&#8212;&#8211;<br \/>\n&#8212;&#8212;&#8212;&#8212;&#8212;&#8212;&#8212;&#8212;&#8212;&#8212;&#8212;&#8212;&#8212;&#8212;&#8211;<\/p>\n<p style=\"text-align: justify;\">Algunos de los participantes, vinculados con otros colegios, han pedido segmentos de este seminario para sus padres de familia. Esperamos seguir aportando al fortalecimiento de las parejas, pilar fundamental en la educaci\u00f3n de los adolescentes.<\/p>","protected":false},"excerpt":{"rendered":"<p>Seminario sobre el matrimonio en el colegio Benedictino, en Medell\u00edn, Colombia.<\/p>","protected":false},"author":1,"featured_media":2169,"comment_status":"open","ping_status":"open","sticky":false,"template":"","format":"standard","meta":{"_bbp_topic_count":0,"_bbp_reply_count":0,"_bbp_total_topic_count":0,"_bbp_total_reply_count":0,"_bbp_voice_count":0,"_bbp_anonymous_reply_count":0,"_bbp_topic_count_hidden":0,"_bbp_reply_count_hidden":0,"_bbp_forum_subforum_count":0,"footnotes":""},"categories":[53],"tags":[],"yoast_head":"<!-- This site is optimized with the Yoast SEO plugin v23.0 - https:\/\/yoast.com\/wordpress\/plugins\/seo\/ -->\n<title>PTC en el Colegio Benedictino - Protege tu corazon<\/title>\n<meta name=\"robots\" content=\"index, follow, max-snippet:-1, max-image-preview:large, max-video-preview:-1\" \/>\n<link rel=\"canonical\" href=\"https:\/\/protegetucorazon.com\/en\/ptc-en-el-colegio-benedictino\/\" \/>\n<meta property=\"og:locale\" content=\"en_US\" \/>\n<meta property=\"og:type\" content=\"article\" \/>\n<meta property=\"og:title\" content=\"PTC en el Colegio Benedictino - Protege tu corazon\" \/>\n<meta property=\"og:description\" content=\"Seminario sobre el matrimonio en el colegio Benedictino, en Medell\u00edn, Colombia.\" \/>\n<meta property=\"og:url\" content=\"https:\/\/protegetucorazon.com\/en\/ptc-en-el-colegio-benedictino\/\" \/>\n<meta property=\"og:site_name\" content=\"Protege tu corazon\" \/>\n<meta property=\"article:published_time\" content=\"2005-10-29T22:37:40+00:00\" \/>\n<meta property=\"og:image\" content=\"https:\/\/protegetucorazon.com\/wp-content\/uploads\/2012\/02\/noticias_3.jpg\" \/>\n\t<meta property=\"og:image:width\" content=\"250\" \/>\n\t<meta property=\"og:image:height\" content=\"250\" \/>\n\t<meta property=\"og:image:type\" content=\"image\/jpeg\" \/>\n<meta name=\"author\" content=\"protege2020\" \/>\n<meta name=\"twitter:card\" content=\"summary_large_image\" \/>\n<meta name=\"twitter:label1\" content=\"Written by\" \/>\n\t<meta name=\"twitter:data1\" content=\"protege2020\" \/>\n\t<meta name=\"twitter:label2\" content=\"Est. reading time\" \/>\n\t<meta name=\"twitter:data2\" content=\"3 minutes\" \/>\n<script type=\"application\/ld+json\" class=\"yoast-schema-graph\">{\"@context\":\"https:\/\/schema.org\",\"@graph\":[{\"@type\":\"Article\",\"@id\":\"https:\/\/protegetucorazon.com\/ptc-en-el-colegio-benedictino\/#article\",\"isPartOf\":{\"@id\":\"https:\/\/protegetucorazon.com\/ptc-en-el-colegio-benedictino\/\"},\"author\":{\"name\":\"protege2020\",\"@id\":\"https:\/\/protegetucorazon.com\/#\/schema\/person\/fe40036747dc22da99d555e763b905a7\"},\"headline\":\"PTC en el Colegio Benedictino\",\"datePublished\":\"2005-10-29T22:37:40+00:00\",\"dateModified\":\"2005-10-29T22:37:40+00:00\",\"mainEntityOfPage\":{\"@id\":\"https:\/\/protegetucorazon.com\/ptc-en-el-colegio-benedictino\/\"},\"wordCount\":672,\"commentCount\":0,\"publisher\":{\"@id\":\"https:\/\/protegetucorazon.com\/#organization\"},\"image\":{\"@id\":\"https:\/\/protegetucorazon.com\/ptc-en-el-colegio-benedictino\/#primaryimage\"},\"thumbnailUrl\":\"https:\/\/protegetucorazon.com\/wp-content\/uploads\/2012\/02\/noticias_3.jpg\",\"articleSection\":[\"Noticias\"],\"inLanguage\":\"en-US\",\"potentialAction\":[{\"@type\":\"CommentAction\",\"name\":\"Comment\",\"target\":[\"https:\/\/protegetucorazon.com\/ptc-en-el-colegio-benedictino\/#respond\"]}]},{\"@type\":\"WebPage\",\"@id\":\"https:\/\/protegetucorazon.com\/ptc-en-el-colegio-benedictino\/\",\"url\":\"https:\/\/protegetucorazon.com\/ptc-en-el-colegio-benedictino\/\",\"name\":\"PTC en el Colegio Benedictino - Protege tu corazon\",\"isPartOf\":{\"@id\":\"https:\/\/protegetucorazon.com\/#website\"},\"primaryImageOfPage\":{\"@id\":\"https:\/\/protegetucorazon.com\/ptc-en-el-colegio-benedictino\/#primaryimage\"},\"image\":{\"@id\":\"https:\/\/protegetucorazon.com\/ptc-en-el-colegio-benedictino\/#primaryimage\"},\"thumbnailUrl\":\"https:\/\/protegetucorazon.com\/wp-content\/uploads\/2012\/02\/noticias_3.jpg\",\"datePublished\":\"2005-10-29T22:37:40+00:00\",\"dateModified\":\"2005-10-29T22:37:40+00:00\",\"breadcrumb\":{\"@id\":\"https:\/\/protegetucorazon.com\/ptc-en-el-colegio-benedictino\/#breadcrumb\"},\"inLanguage\":\"en-US\",\"potentialAction\":[{\"@type\":\"ReadAction\",\"target\":[\"https:\/\/protegetucorazon.com\/ptc-en-el-colegio-benedictino\/\"]}]},{\"@type\":\"ImageObject\",\"inLanguage\":\"en-US\",\"@id\":\"https:\/\/protegetucorazon.com\/ptc-en-el-colegio-benedictino\/#primaryimage\",\"url\":\"https:\/\/protegetucorazon.com\/wp-content\/uploads\/2012\/02\/noticias_3.jpg\",\"contentUrl\":\"https:\/\/protegetucorazon.com\/wp-content\/uploads\/2012\/02\/noticias_3.jpg\",\"width\":250,\"height\":250},{\"@type\":\"BreadcrumbList\",\"@id\":\"https:\/\/protegetucorazon.com\/ptc-en-el-colegio-benedictino\/#breadcrumb\",\"itemListElement\":[{\"@type\":\"ListItem\",\"position\":1,\"name\":\"Portada\",\"item\":\"https:\/\/protegetucorazon.com\/\"},{\"@type\":\"ListItem\",\"position\":2,\"name\":\"PTC en el Colegio Benedictino\"}]},{\"@type\":\"WebSite\",\"@id\":\"https:\/\/protegetucorazon.com\/#website\",\"url\":\"https:\/\/protegetucorazon.com\/\",\"name\":\"Protege tu corazon\",\"description\":\"Programa de educaci\u00f3n de la sexualidad basado en la formaci\u00f3n del car\u00e1cter\",\"publisher\":{\"@id\":\"https:\/\/protegetucorazon.com\/#organization\"},\"potentialAction\":[{\"@type\":\"SearchAction\",\"target\":{\"@type\":\"EntryPoint\",\"urlTemplate\":\"https:\/\/protegetucorazon.com\/?s={search_term_string}\"},\"query-input\":\"required name=search_term_string\"}],\"inLanguage\":\"en-US\"},{\"@type\":\"Organization\",\"@id\":\"https:\/\/protegetucorazon.com\/#organization\",\"name\":\"Protege tu corazon\",\"url\":\"https:\/\/protegetucorazon.com\/\",\"logo\":{\"@type\":\"ImageObject\",\"inLanguage\":\"en-US\",\"@id\":\"https:\/\/protegetucorazon.com\/#\/schema\/logo\/image\/\",\"url\":\"https:\/\/protegetucorazon.com\/wp-content\/uploads\/2020\/06\/protege-tu-corazon-color.png\",\"contentUrl\":\"https:\/\/protegetucorazon.com\/wp-content\/uploads\/2020\/06\/protege-tu-corazon-color.png\",\"width\":256,\"height\":90,\"caption\":\"Protege tu corazon\"},\"image\":{\"@id\":\"https:\/\/protegetucorazon.com\/#\/schema\/logo\/image\/\"}},{\"@type\":\"Person\",\"@id\":\"https:\/\/protegetucorazon.com\/#\/schema\/person\/fe40036747dc22da99d555e763b905a7\",\"name\":\"protege2020\",\"image\":{\"@type\":\"ImageObject\",\"inLanguage\":\"en-US\",\"@id\":\"https:\/\/protegetucorazon.com\/#\/schema\/person\/image\/\",\"url\":\"https:\/\/secure.gravatar.com\/avatar\/bae55470a3bfbad875b95ad324b52db8?s=96&d=mm&r=g\",\"contentUrl\":\"https:\/\/secure.gravatar.com\/avatar\/bae55470a3bfbad875b95ad324b52db8?s=96&d=mm&r=g\",\"caption\":\"protege2020\"},\"sameAs\":[\"https:\/\/protegetucorazon.com\"],\"url\":\"https:\/\/protegetucorazon.com\/en\/author\/protege2020\/\"}]}<\/script>\n<!-- \/ Yoast SEO plugin. -->","yoast_head_json":{"title":"PTC en el Colegio Benedictino - Protege tu corazon","robots":{"index":"index","follow":"follow","max-snippet":"max-snippet:-1","max-image-preview":"max-image-preview:large","max-video-preview":"max-video-preview:-1"},"canonical":"https:\/\/protegetucorazon.com\/en\/ptc-en-el-colegio-benedictino\/","og_locale":"en_US","og_type":"article","og_title":"PTC en el Colegio Benedictino - Protege tu corazon","og_description":"Seminario sobre el matrimonio en el colegio Benedictino, en Medell\u00edn, Colombia.","og_url":"https:\/\/protegetucorazon.com\/en\/ptc-en-el-colegio-benedictino\/","og_site_name":"Protege tu corazon","article_published_time":"2005-10-29T22:37:40+00:00","og_image":[{"width":250,"height":250,"url":"https:\/\/protegetucorazon.com\/wp-content\/uploads\/2012\/02\/noticias_3.jpg","type":"image\/jpeg"}],"author":"protege2020","twitter_card":"summary_large_image","twitter_misc":{"Written by":"protege2020","Est. reading time":"3 minutes"},"schema":{"@context":"https:\/\/schema.org","@graph":[{"@type":"Article","@id":"https:\/\/protegetucorazon.com\/ptc-en-el-colegio-benedictino\/#article","isPartOf":{"@id":"https:\/\/protegetucorazon.com\/ptc-en-el-colegio-benedictino\/"},"author":{"name":"protege2020","@id":"https:\/\/protegetucorazon.com\/#\/schema\/person\/fe40036747dc22da99d555e763b905a7"},"headline":"PTC en el Colegio Benedictino","datePublished":"2005-10-29T22:37:40+00:00","dateModified":"2005-10-29T22:37:40+00:00","mainEntityOfPage":{"@id":"https:\/\/protegetucorazon.com\/ptc-en-el-colegio-benedictino\/"},"wordCount":672,"commentCount":0,"publisher":{"@id":"https:\/\/protegetucorazon.com\/#organization"},"image":{"@id":"https:\/\/protegetucorazon.com\/ptc-en-el-colegio-benedictino\/#primaryimage"},"thumbnailUrl":"https:\/\/protegetucorazon.com\/wp-content\/uploads\/2012\/02\/noticias_3.jpg","articleSection":["Noticias"],"inLanguage":"en-US","potentialAction":[{"@type":"CommentAction","name":"Comment","target":["https:\/\/protegetucorazon.com\/ptc-en-el-colegio-benedictino\/#respond"]}]},{"@type":"WebPage","@id":"https:\/\/protegetucorazon.com\/ptc-en-el-colegio-benedictino\/","url":"https:\/\/protegetucorazon.com\/ptc-en-el-colegio-benedictino\/","name":"PTC en el Colegio Benedictino - Protege tu corazon","isPartOf":{"@id":"https:\/\/protegetucorazon.com\/#website"},"primaryImageOfPage":{"@id":"https:\/\/protegetucorazon.com\/ptc-en-el-colegio-benedictino\/#primaryimage"},"image":{"@id":"https:\/\/protegetucorazon.com\/ptc-en-el-colegio-benedictino\/#primaryimage"},"thumbnailUrl":"https:\/\/protegetucorazon.com\/wp-content\/uploads\/2012\/02\/noticias_3.jpg","datePublished":"2005-10-29T22:37:40+00:00","dateModified":"2005-10-29T22:37:40+00:00","breadcrumb":{"@id":"https:\/\/protegetucorazon.com\/ptc-en-el-colegio-benedictino\/#breadcrumb"},"inLanguage":"en-US","potentialAction":[{"@type":"ReadAction","target":["https:\/\/protegetucorazon.com\/ptc-en-el-colegio-benedictino\/"]}]},{"@type":"ImageObject","inLanguage":"en-US","@id":"https:\/\/protegetucorazon.com\/ptc-en-el-colegio-benedictino\/#primaryimage","url":"https:\/\/protegetucorazon.com\/wp-content\/uploads\/2012\/02\/noticias_3.jpg","contentUrl":"https:\/\/protegetucorazon.com\/wp-content\/uploads\/2012\/02\/noticias_3.jpg","width":250,"height":250},{"@type":"BreadcrumbList","@id":"https:\/\/protegetucorazon.com\/ptc-en-el-colegio-benedictino\/#breadcrumb","itemListElement":[{"@type":"ListItem","position":1,"name":"Portada","item":"https:\/\/protegetucorazon.com\/"},{"@type":"ListItem","position":2,"name":"PTC en el Colegio Benedictino"}]},{"@type":"WebSite","@id":"https:\/\/protegetucorazon.com\/#website","url":"https:\/\/protegetucorazon.com\/","name":"Protege tu corazon","description":"Programa de educaci\u00f3n de la sexualidad basado en la formaci\u00f3n del car\u00e1cter","publisher":{"@id":"https:\/\/protegetucorazon.com\/#organization"},"potentialAction":[{"@type":"SearchAction","target":{"@type":"EntryPoint","urlTemplate":"https:\/\/protegetucorazon.com\/?s={search_term_string}"},"query-input":"required name=search_term_string"}],"inLanguage":"en-US"},{"@type":"Organization","@id":"https:\/\/protegetucorazon.com\/#organization","name":"Protege tu corazon","url":"https:\/\/protegetucorazon.com\/","logo":{"@type":"ImageObject","inLanguage":"en-US","@id":"https:\/\/protegetucorazon.com\/#\/schema\/logo\/image\/","url":"https:\/\/protegetucorazon.com\/wp-content\/uploads\/2020\/06\/protege-tu-corazon-color.png","contentUrl":"https:\/\/protegetucorazon.com\/wp-content\/uploads\/2020\/06\/protege-tu-corazon-color.png","width":256,"height":90,"caption":"Protege tu corazon"},"image":{"@id":"https:\/\/protegetucorazon.com\/#\/schema\/logo\/image\/"}},{"@type":"Person","@id":"https:\/\/protegetucorazon.com\/#\/schema\/person\/fe40036747dc22da99d555e763b905a7","name":"protege2020","image":{"@type":"ImageObject","inLanguage":"en-US","@id":"https:\/\/protegetucorazon.com\/#\/schema\/person\/image\/","url":"https:\/\/secure.gravatar.com\/avatar\/bae55470a3bfbad875b95ad324b52db8?s=96&d=mm&r=g","contentUrl":"https:\/\/secure.gravatar.com\/avatar\/bae55470a3bfbad875b95ad324b52db8?s=96&d=mm&r=g","caption":"protege2020"},"sameAs":["https:\/\/protegetucorazon.com"],"url":"https:\/\/protegetucorazon.com\/en\/author\/protege2020\/"}]}},"_links":{"self":[{"href":"https:\/\/protegetucorazon.com\/en\/wp-json\/wp\/v2\/posts\/2168"}],"collection":[{"href":"https:\/\/protegetucorazon.com\/en\/wp-json\/wp\/v2\/posts"}],"about":[{"href":"https:\/\/protegetucorazon.com\/en\/wp-json\/wp\/v2\/types\/post"}],"author":[{"embeddable":true,"href":"https:\/\/protegetucorazon.com\/en\/wp-json\/wp\/v2\/users\/1"}],"replies":[{"embeddable":true,"href":"https:\/\/protegetucorazon.com\/en\/wp-json\/wp\/v2\/comments?post=2168"}],"version-history":[{"count":0,"href":"https:\/\/protegetucorazon.com\/en\/wp-json\/wp\/v2\/posts\/2168\/revisions"}],"wp:featuredmedia":[{"embeddable":true,"href":"https:\/\/protegetucorazon.com\/en\/wp-json\/wp\/v2\/media\/2169"}],"wp:attachment":[{"href":"https:\/\/protegetucorazon.com\/en\/wp-json\/wp\/v2\/media?parent=2168"}],"wp:term":[{"taxonomy":"category","embeddable":true,"href":"https:\/\/protegetucorazon.com\/en\/wp-json\/wp\/v2\/categories?post=2168"},{"taxonomy":"post_tag","embeddable":true,"href":"https:\/\/protegetucorazon.com\/en\/wp-json\/wp\/v2\/tags?post=2168"}],"curies":[{"name":"wp","href":"https:\/\/api.w.org\/{rel}","templated":true}]}}