      
            
            
            
      {"id":3048,"date":"2012-03-07T17:47:03","date_gmt":"2012-03-07T23:47:03","guid":{"rendered":"http:\/\/clients.bangbang.mx\/corazon\/?p=3048"},"modified":"2012-03-07T17:47:03","modified_gmt":"2012-03-07T23:47:03","slug":"querer-es-poder","status":"publish","type":"post","link":"https:\/\/protegetucorazon.com\/en\/querer-es-poder\/","title":{"rendered":"Querer es poder"},"content":{"rendered":"<table border=\"1\">\n<tbody>\n<tr>\n<td>PTC por primera vez en Mexicali.<\/td>\n<\/tr>\n<\/tbody>\n<\/table>\n<p style=\"text-align: justify;\"><img loading=\"lazy\" decoding=\"async\" class=\"alignleft  wp-image-3050\" src=\"https:\/\/protegetucorazon.com\/wp-content\/uploads\/2012\/03\/PTCMexicali-300x225.jpg\" alt=\"\" width=\"240\" height=\"180\" srcset=\"https:\/\/protegetucorazon.com\/wp-content\/uploads\/2012\/03\/PTCMexicali-300x225.jpg 300w, https:\/\/protegetucorazon.com\/wp-content\/uploads\/2012\/03\/PTCMexicali-600x450.jpg 600w, https:\/\/protegetucorazon.com\/wp-content\/uploads\/2012\/03\/PTCMexicali-1024x768.jpg 1024w, https:\/\/protegetucorazon.com\/wp-content\/uploads\/2012\/03\/PTCMexicali-1536x1152.jpg 1536w, https:\/\/protegetucorazon.com\/wp-content\/uploads\/2012\/03\/PTCMexicali.jpg 2048w\" sizes=\"(max-width: 240px) 100vw, 240px\" \/>\u201cQuiero que vengan a Mexicali a dar los cursos. Yo les ayudo a juntar el grupo necesario. Cont\u00e1ctenme lo antes posible. Soy de Monterrey y tengo tres ni\u00f1as, Claudia B\u201d. Este fue el correo que recibimos en agosto de 2008 mientras dict\u00e1bamos un seminario de Protege tu coraz\u00f3n en Asunci\u00f3n, Paraguay. A su remitente la conocimos en abril de 2010 porque a ra\u00edz del terremoto vino a Monterrey a casa de sus pap\u00e1s unos d\u00edas y aprovech\u00f3 para visitarnos en la oficina de PTC para concretar el plan.<\/p>\n<p style=\"text-align: justify;\">Aunque las cosas no se dieron de manera inmediata, llegamos a Mexicali la semana pasada, terminando febrero de 2012. Tomamos un vuelo de Aerom\u00e9xico con escala en Hermosillo, otra ciudad en el oeste de M\u00e9xico donde el programa se ha impartido muchas veces en el Colegio Campogrande y en el Thezia. Finalmente llegamos a nuestro destino despu\u00e9s de 4 horas de viaje.<\/p>\n<p style=\"text-align: justify;\">Mexicali es la capital del estado de Baja California, ciudad fronteriza que limita con Calexico ubicada en el estado de California, Estados Unidos. Sus habitantes disfrutan la comida oriental en m\u00e1s de doscientos restaurantes chinos, se precian de tener cerca la nieve de la Rumorosa, el mar de Ensenada y los exquisitos quesos y vinos del Valle de Guadalupe. El clima de Febrero es fresco y a ratos fr\u00edo, pero muy agradable. A pesar de haber sido duramente golpeada por un terremoto se ha ido levantando y funciona con normalidad.<\/p>\n<p style=\"text-align: justify;\">Que PTC llegara a Mexicali no fue f\u00e1cil. El equipo promotor debi\u00f3 sortear dificultades y conseguir los recursos para pagar los boletos de avi\u00f3n, la estad\u00eda en el hotel, contar con las instalaciones del CETYS, una universidad privada de prestigio y otros gastos. Y por encima de todo, reunir un grupo de asistentes que anotaron sus nombres hasta llenar los cupos.<\/p>\n<p style=\"text-align: justify;\">El programa se desarroll\u00f3 con dos talleres para padres solos, tres para padres con hijos y seis sesiones con adolescentes en edades comprendidas entre los 12 y los 17 a\u00f1os distribuidos en diferentes grupos. Se inici\u00f3 con el taller \u201cC\u00f3mo, cu\u00e1ndo, qu\u00e9 hablar de sexualidad con tus hijos\u201d al que asistieron 150 padres de familia. Y se clausur\u00f3 con otro titulado \u201cVale la pena esperar\u201d al que asistieron adolescentes entre 15 y 17 a\u00f1os con sus pap\u00e1s. Al terminar, una madre de familia coment\u00f3: \u201cMuchas gracias por ponernos a pensar a nosotros y hacer pensar a nuestros hijos\u2026\u201d. Otra, con l\u00e1grimas en los ojos dec\u00eda con dificultad: \u201cQue alegr\u00eda haber estado con mis hijos escuchando y platicando de este tema con ellos\u2026 Ha sido un privilegio\u201d.<\/p>\n<p style=\"text-align: justify;\">El colegio Anglo Americano nos invit\u00f3 a dar dos talleres para ni\u00f1as y ni\u00f1os de 5\u00ba de primaria con sus padres sobre los cambios de la pubertad, la fertilidad y los retos de crecer: \u201cSorpresa, te espera un gran regalo\u201d y \u201cSorpresa, grandes cambios en tu vida\u201d. Al final de uno de ellos, un padre de familia expres\u00f3: \u201cGracias por compartir con nosotros todo lo que saben. Yo hab\u00eda intentado abordar estos temas con mis hijos y no hallaba la manera&#8230;\u201d<\/p>\n<p style=\"text-align: justify;\">Al despedirnos, los anfitriones nos regalaron d\u00e1tiles con chocolate y vino, productos t\u00edpicos de la regi\u00f3n. Seguramente volveremos porque varios colegios quedaron interesados en implementar a PTC. El vuelo de regreso dur\u00f3 casi 5 horas y disfrutamos del paisaje des\u00e9rtico que bordea las playas del majestuoso mar de Cort\u00e9s y otros escenarios de esta maravillosa tierra mexicana. Al llegar a casa, abrimos la caja de d\u00e1tiles con chocolate y ya en la primera probada quedaban muy pocos&#8230; \u00a1Mexicali y su gente nos robaron el coraz\u00f3n!<\/p>","protected":false},"excerpt":{"rendered":"<p>PTC por primera vez en Mexicali.<\/p>","protected":false},"author":1,"featured_media":3050,"comment_status":"open","ping_status":"open","sticky":true,"template":"","format":"standard","meta":{"_bbp_topic_count":0,"_bbp_reply_count":0,"_bbp_total_topic_count":0,"_bbp_total_reply_count":0,"_bbp_voice_count":0,"_bbp_anonymous_reply_count":0,"_bbp_topic_count_hidden":0,"_bbp_reply_count_hidden":0,"_bbp_forum_subforum_count":0,"footnotes":""},"categories":[53],"tags":[],"yoast_head":"<!-- This site is optimized with the Yoast SEO plugin v23.0 - https:\/\/yoast.com\/wordpress\/plugins\/seo\/ -->\n<title>Querer es poder - Protege tu corazon<\/title>\n<meta name=\"robots\" content=\"index, follow, max-snippet:-1, max-image-preview:large, max-video-preview:-1\" \/>\n<link rel=\"canonical\" href=\"https:\/\/protegetucorazon.com\/en\/querer-es-poder\/\" \/>\n<meta property=\"og:locale\" content=\"en_US\" \/>\n<meta property=\"og:type\" content=\"article\" \/>\n<meta property=\"og:title\" content=\"Querer es poder - Protege tu corazon\" \/>\n<meta property=\"og:description\" content=\"PTC por primera vez en Mexicali.\" \/>\n<meta property=\"og:url\" content=\"https:\/\/protegetucorazon.com\/en\/querer-es-poder\/\" \/>\n<meta property=\"og:site_name\" content=\"Protege tu corazon\" \/>\n<meta property=\"article:published_time\" content=\"2012-03-07T23:47:03+00:00\" \/>\n<meta property=\"og:image\" content=\"https:\/\/protegetucorazon.com\/wp-content\/uploads\/2012\/03\/PTCMexicali.jpg\" \/>\n\t<meta property=\"og:image:width\" content=\"2048\" \/>\n\t<meta property=\"og:image:height\" content=\"1536\" \/>\n\t<meta property=\"og:image:type\" content=\"image\/jpeg\" \/>\n<meta name=\"author\" content=\"protege2020\" \/>\n<meta name=\"twitter:card\" content=\"summary_large_image\" \/>\n<meta name=\"twitter:label1\" content=\"Written by\" \/>\n\t<meta name=\"twitter:data1\" content=\"protege2020\" \/>\n\t<meta name=\"twitter:label2\" content=\"Est. reading time\" \/>\n\t<meta name=\"twitter:data2\" content=\"3 minutes\" \/>\n<script type=\"application\/ld+json\" class=\"yoast-schema-graph\">{\"@context\":\"https:\/\/schema.org\",\"@graph\":[{\"@type\":\"Article\",\"@id\":\"https:\/\/protegetucorazon.com\/querer-es-poder\/#article\",\"isPartOf\":{\"@id\":\"https:\/\/protegetucorazon.com\/querer-es-poder\/\"},\"author\":{\"name\":\"protege2020\",\"@id\":\"https:\/\/protegetucorazon.com\/#\/schema\/person\/fe40036747dc22da99d555e763b905a7\"},\"headline\":\"Querer es poder\",\"datePublished\":\"2012-03-07T23:47:03+00:00\",\"dateModified\":\"2012-03-07T23:47:03+00:00\",\"mainEntityOfPage\":{\"@id\":\"https:\/\/protegetucorazon.com\/querer-es-poder\/\"},\"wordCount\":625,\"commentCount\":4,\"publisher\":{\"@id\":\"https:\/\/protegetucorazon.com\/#organization\"},\"image\":{\"@id\":\"https:\/\/protegetucorazon.com\/querer-es-poder\/#primaryimage\"},\"thumbnailUrl\":\"https:\/\/protegetucorazon.com\/wp-content\/uploads\/2012\/03\/PTCMexicali.jpg\",\"articleSection\":[\"Noticias\"],\"inLanguage\":\"en-US\",\"potentialAction\":[{\"@type\":\"CommentAction\",\"name\":\"Comment\",\"target\":[\"https:\/\/protegetucorazon.com\/querer-es-poder\/#respond\"]}]},{\"@type\":\"WebPage\",\"@id\":\"https:\/\/protegetucorazon.com\/querer-es-poder\/\",\"url\":\"https:\/\/protegetucorazon.com\/querer-es-poder\/\",\"name\":\"Querer es poder - Protege tu corazon\",\"isPartOf\":{\"@id\":\"https:\/\/protegetucorazon.com\/#website\"},\"primaryImageOfPage\":{\"@id\":\"https:\/\/protegetucorazon.com\/querer-es-poder\/#primaryimage\"},\"image\":{\"@id\":\"https:\/\/protegetucorazon.com\/querer-es-poder\/#primaryimage\"},\"thumbnailUrl\":\"https:\/\/protegetucorazon.com\/wp-content\/uploads\/2012\/03\/PTCMexicali.jpg\",\"datePublished\":\"2012-03-07T23:47:03+00:00\",\"dateModified\":\"2012-03-07T23:47:03+00:00\",\"breadcrumb\":{\"@id\":\"https:\/\/protegetucorazon.com\/querer-es-poder\/#breadcrumb\"},\"inLanguage\":\"en-US\",\"potentialAction\":[{\"@type\":\"ReadAction\",\"target\":[\"https:\/\/protegetucorazon.com\/querer-es-poder\/\"]}]},{\"@type\":\"ImageObject\",\"inLanguage\":\"en-US\",\"@id\":\"https:\/\/protegetucorazon.com\/querer-es-poder\/#primaryimage\",\"url\":\"https:\/\/protegetucorazon.com\/wp-content\/uploads\/2012\/03\/PTCMexicali.jpg\",\"contentUrl\":\"https:\/\/protegetucorazon.com\/wp-content\/uploads\/2012\/03\/PTCMexicali.jpg\",\"width\":2048,\"height\":1536},{\"@type\":\"BreadcrumbList\",\"@id\":\"https:\/\/protegetucorazon.com\/querer-es-poder\/#breadcrumb\",\"itemListElement\":[{\"@type\":\"ListItem\",\"position\":1,\"name\":\"Portada\",\"item\":\"https:\/\/protegetucorazon.com\/\"},{\"@type\":\"ListItem\",\"position\":2,\"name\":\"Querer es poder\"}]},{\"@type\":\"WebSite\",\"@id\":\"https:\/\/protegetucorazon.com\/#website\",\"url\":\"https:\/\/protegetucorazon.com\/\",\"name\":\"Protege tu corazon\",\"description\":\"Programa de educaci\u00f3n de la sexualidad basado en la formaci\u00f3n del car\u00e1cter\",\"publisher\":{\"@id\":\"https:\/\/protegetucorazon.com\/#organization\"},\"potentialAction\":[{\"@type\":\"SearchAction\",\"target\":{\"@type\":\"EntryPoint\",\"urlTemplate\":\"https:\/\/protegetucorazon.com\/?s={search_term_string}\"},\"query-input\":\"required name=search_term_string\"}],\"inLanguage\":\"en-US\"},{\"@type\":\"Organization\",\"@id\":\"https:\/\/protegetucorazon.com\/#organization\",\"name\":\"Protege tu corazon\",\"url\":\"https:\/\/protegetucorazon.com\/\",\"logo\":{\"@type\":\"ImageObject\",\"inLanguage\":\"en-US\",\"@id\":\"https:\/\/protegetucorazon.com\/#\/schema\/logo\/image\/\",\"url\":\"https:\/\/protegetucorazon.com\/wp-content\/uploads\/2020\/06\/protege-tu-corazon-color.png\",\"contentUrl\":\"https:\/\/protegetucorazon.com\/wp-content\/uploads\/2020\/06\/protege-tu-corazon-color.png\",\"width\":256,\"height\":90,\"caption\":\"Protege tu corazon\"},\"image\":{\"@id\":\"https:\/\/protegetucorazon.com\/#\/schema\/logo\/image\/\"}},{\"@type\":\"Person\",\"@id\":\"https:\/\/protegetucorazon.com\/#\/schema\/person\/fe40036747dc22da99d555e763b905a7\",\"name\":\"protege2020\",\"image\":{\"@type\":\"ImageObject\",\"inLanguage\":\"en-US\",\"@id\":\"https:\/\/protegetucorazon.com\/#\/schema\/person\/image\/\",\"url\":\"https:\/\/secure.gravatar.com\/avatar\/bae55470a3bfbad875b95ad324b52db8?s=96&d=mm&r=g\",\"contentUrl\":\"https:\/\/secure.gravatar.com\/avatar\/bae55470a3bfbad875b95ad324b52db8?s=96&d=mm&r=g\",\"caption\":\"protege2020\"},\"sameAs\":[\"https:\/\/protegetucorazon.com\"],\"url\":\"https:\/\/protegetucorazon.com\/en\/author\/protege2020\/\"}]}<\/script>\n<!-- \/ Yoast SEO plugin. -->","yoast_head_json":{"title":"Querer es poder - Protege tu corazon","robots":{"index":"index","follow":"follow","max-snippet":"max-snippet:-1","max-image-preview":"max-image-preview:large","max-video-preview":"max-video-preview:-1"},"canonical":"https:\/\/protegetucorazon.com\/en\/querer-es-poder\/","og_locale":"en_US","og_type":"article","og_title":"Querer es poder - Protege tu corazon","og_description":"PTC por primera vez en Mexicali.","og_url":"https:\/\/protegetucorazon.com\/en\/querer-es-poder\/","og_site_name":"Protege tu corazon","article_published_time":"2012-03-07T23:47:03+00:00","og_image":[{"width":2048,"height":1536,"url":"https:\/\/protegetucorazon.com\/wp-content\/uploads\/2012\/03\/PTCMexicali.jpg","type":"image\/jpeg"}],"author":"protege2020","twitter_card":"summary_large_image","twitter_misc":{"Written by":"protege2020","Est. reading time":"3 minutes"},"schema":{"@context":"https:\/\/schema.org","@graph":[{"@type":"Article","@id":"https:\/\/protegetucorazon.com\/querer-es-poder\/#article","isPartOf":{"@id":"https:\/\/protegetucorazon.com\/querer-es-poder\/"},"author":{"name":"protege2020","@id":"https:\/\/protegetucorazon.com\/#\/schema\/person\/fe40036747dc22da99d555e763b905a7"},"headline":"Querer es poder","datePublished":"2012-03-07T23:47:03+00:00","dateModified":"2012-03-07T23:47:03+00:00","mainEntityOfPage":{"@id":"https:\/\/protegetucorazon.com\/querer-es-poder\/"},"wordCount":625,"commentCount":4,"publisher":{"@id":"https:\/\/protegetucorazon.com\/#organization"},"image":{"@id":"https:\/\/protegetucorazon.com\/querer-es-poder\/#primaryimage"},"thumbnailUrl":"https:\/\/protegetucorazon.com\/wp-content\/uploads\/2012\/03\/PTCMexicali.jpg","articleSection":["Noticias"],"inLanguage":"en-US","potentialAction":[{"@type":"CommentAction","name":"Comment","target":["https:\/\/protegetucorazon.com\/querer-es-poder\/#respond"]}]},{"@type":"WebPage","@id":"https:\/\/protegetucorazon.com\/querer-es-poder\/","url":"https:\/\/protegetucorazon.com\/querer-es-poder\/","name":"Querer es poder - Protege tu corazon","isPartOf":{"@id":"https:\/\/protegetucorazon.com\/#website"},"primaryImageOfPage":{"@id":"https:\/\/protegetucorazon.com\/querer-es-poder\/#primaryimage"},"image":{"@id":"https:\/\/protegetucorazon.com\/querer-es-poder\/#primaryimage"},"thumbnailUrl":"https:\/\/protegetucorazon.com\/wp-content\/uploads\/2012\/03\/PTCMexicali.jpg","datePublished":"2012-03-07T23:47:03+00:00","dateModified":"2012-03-07T23:47:03+00:00","breadcrumb":{"@id":"https:\/\/protegetucorazon.com\/querer-es-poder\/#breadcrumb"},"inLanguage":"en-US","potentialAction":[{"@type":"ReadAction","target":["https:\/\/protegetucorazon.com\/querer-es-poder\/"]}]},{"@type":"ImageObject","inLanguage":"en-US","@id":"https:\/\/protegetucorazon.com\/querer-es-poder\/#primaryimage","url":"https:\/\/protegetucorazon.com\/wp-content\/uploads\/2012\/03\/PTCMexicali.jpg","contentUrl":"https:\/\/protegetucorazon.com\/wp-content\/uploads\/2012\/03\/PTCMexicali.jpg","width":2048,"height":1536},{"@type":"BreadcrumbList","@id":"https:\/\/protegetucorazon.com\/querer-es-poder\/#breadcrumb","itemListElement":[{"@type":"ListItem","position":1,"name":"Portada","item":"https:\/\/protegetucorazon.com\/"},{"@type":"ListItem","position":2,"name":"Querer es poder"}]},{"@type":"WebSite","@id":"https:\/\/protegetucorazon.com\/#website","url":"https:\/\/protegetucorazon.com\/","name":"Protege tu corazon","description":"Programa de educaci\u00f3n de la sexualidad basado en la formaci\u00f3n del car\u00e1cter","publisher":{"@id":"https:\/\/protegetucorazon.com\/#organization"},"potentialAction":[{"@type":"SearchAction","target":{"@type":"EntryPoint","urlTemplate":"https:\/\/protegetucorazon.com\/?s={search_term_string}"},"query-input":"required name=search_term_string"}],"inLanguage":"en-US"},{"@type":"Organization","@id":"https:\/\/protegetucorazon.com\/#organization","name":"Protege tu corazon","url":"https:\/\/protegetucorazon.com\/","logo":{"@type":"ImageObject","inLanguage":"en-US","@id":"https:\/\/protegetucorazon.com\/#\/schema\/logo\/image\/","url":"https:\/\/protegetucorazon.com\/wp-content\/uploads\/2020\/06\/protege-tu-corazon-color.png","contentUrl":"https:\/\/protegetucorazon.com\/wp-content\/uploads\/2020\/06\/protege-tu-corazon-color.png","width":256,"height":90,"caption":"Protege tu corazon"},"image":{"@id":"https:\/\/protegetucorazon.com\/#\/schema\/logo\/image\/"}},{"@type":"Person","@id":"https:\/\/protegetucorazon.com\/#\/schema\/person\/fe40036747dc22da99d555e763b905a7","name":"protege2020","image":{"@type":"ImageObject","inLanguage":"en-US","@id":"https:\/\/protegetucorazon.com\/#\/schema\/person\/image\/","url":"https:\/\/secure.gravatar.com\/avatar\/bae55470a3bfbad875b95ad324b52db8?s=96&d=mm&r=g","contentUrl":"https:\/\/secure.gravatar.com\/avatar\/bae55470a3bfbad875b95ad324b52db8?s=96&d=mm&r=g","caption":"protege2020"},"sameAs":["https:\/\/protegetucorazon.com"],"url":"https:\/\/protegetucorazon.com\/en\/author\/protege2020\/"}]}},"_links":{"self":[{"href":"https:\/\/protegetucorazon.com\/en\/wp-json\/wp\/v2\/posts\/3048"}],"collection":[{"href":"https:\/\/protegetucorazon.com\/en\/wp-json\/wp\/v2\/posts"}],"about":[{"href":"https:\/\/protegetucorazon.com\/en\/wp-json\/wp\/v2\/types\/post"}],"author":[{"embeddable":true,"href":"https:\/\/protegetucorazon.com\/en\/wp-json\/wp\/v2\/users\/1"}],"replies":[{"embeddable":true,"href":"https:\/\/protegetucorazon.com\/en\/wp-json\/wp\/v2\/comments?post=3048"}],"version-history":[{"count":0,"href":"https:\/\/protegetucorazon.com\/en\/wp-json\/wp\/v2\/posts\/3048\/revisions"}],"wp:featuredmedia":[{"embeddable":true,"href":"https:\/\/protegetucorazon.com\/en\/wp-json\/wp\/v2\/media\/3050"}],"wp:attachment":[{"href":"https:\/\/protegetucorazon.com\/en\/wp-json\/wp\/v2\/media?parent=3048"}],"wp:term":[{"taxonomy":"category","embeddable":true,"href":"https:\/\/protegetucorazon.com\/en\/wp-json\/wp\/v2\/categories?post=3048"},{"taxonomy":"post_tag","embeddable":true,"href":"https:\/\/protegetucorazon.com\/en\/wp-json\/wp\/v2\/tags?post=3048"}],"curies":[{"name":"wp","href":"https:\/\/api.w.org\/{rel}","templated":true}]}}