      
            
            
            
      {"id":7114,"date":"2008-11-30T15:44:44","date_gmt":"2008-11-30T21:44:44","guid":{"rendered":"http:\/\/clients.bangbang.mx\/corazon\/?p=498"},"modified":"2008-11-30T15:44:44","modified_gmt":"2008-11-30T21:44:44","slug":"sao-paulo-por-segunda-vez","status":"publish","type":"post","link":"https:\/\/protegetucorazon.com\/en\/sao-paulo-por-segunda-vez\/","title":{"rendered":"Sao Paulo por segunda vez"},"content":{"rendered":"<table border=\"1\">\n<tbody>\n<tr>\n<td>Seminarios de PTC en Sao Paulo, Brasil.<\/td>\n<\/tr>\n<\/tbody>\n<\/table>\n<p style=\"text-align: justify;\"><img loading=\"lazy\" decoding=\"async\" class=\"alignleft size-full wp-image-2205\" src=\"https:\/\/protegetucorazon.com\/wp-content\/uploads\/2012\/02\/IMG_0324t.jpg\" alt=\"\" width=\"220\" height=\"220\" srcset=\"https:\/\/protegetucorazon.com\/wp-content\/uploads\/2012\/02\/IMG_0324t.jpg 220w, https:\/\/protegetucorazon.com\/wp-content\/uploads\/2012\/02\/IMG_0324t-150x150.jpg 150w\" sizes=\"(max-width: 220px) 100vw, 220px\" \/>Con la intenci\u00f3n de reforzar el desarrollo de PTC en Sao Paulo viajaron Juan Francisco y Mar\u00eda Luisa de V\u00e9lez en septiembre. Un grupo de empresarios ha ofrecido una importante ayuda para llevar a cabo un plan de trabajo en escuelas p\u00fablicas durante cinco a\u00f1os y la oportunidad deb\u00eda aprovecharse tambi\u00e9n para formar a nuevos instructores. El seminario se desarroll\u00f3 durante tres d\u00edas en la sede de una Escuela de Moda, lo cual dio un tono especial al encuentro por el exquisito ambiente y la decoraci\u00f3n.<\/p>\n<p style=\"text-align: justify;\">Las oficinas de PTC en Sao Paulo est\u00e1n ubicadas en un peque\u00f1a casa de dos plantas con un ambiente muy acogedor que invita a grandes sue\u00f1os. All\u00ed se planearon nuevas estrategias para llegar a m\u00e1s colegios, vimos los ejemplares de la revista Ser Familia recientemente lanzada, con diagramaci\u00f3n y dise\u00f1o muy atractivos y con muchos art\u00edculos inspirados en los temas de PTC.<\/p>\n<p style=\"text-align: justify;\">Dentro del seminario se dio entre otros, el tema &#8220;Ser irresistibles: vida sexual en el matrimonio&#8221;, el cual tuvo una excelente acogida por parte de los participantes. La revista Ser Familia quiso publicar un art\u00edculo relacionado con el tema en su n\u00famero de octubre.<\/p>","protected":false},"excerpt":{"rendered":"<p>Seminarios de PTC en Sao Paulo, Brasil. <\/p>","protected":false},"author":1,"featured_media":2205,"comment_status":"open","ping_status":"open","sticky":false,"template":"","format":"standard","meta":{"_bbp_topic_count":0,"_bbp_reply_count":0,"_bbp_total_topic_count":0,"_bbp_total_reply_count":0,"_bbp_voice_count":0,"_bbp_anonymous_reply_count":0,"_bbp_topic_count_hidden":0,"_bbp_reply_count_hidden":0,"_bbp_forum_subforum_count":0,"footnotes":""},"categories":[53],"tags":[],"yoast_head":"<!-- This site is optimized with the Yoast SEO plugin v23.0 - https:\/\/yoast.com\/wordpress\/plugins\/seo\/ -->\n<title>Sao Paulo por segunda vez - Protege tu corazon<\/title>\n<meta name=\"robots\" content=\"index, follow, max-snippet:-1, max-image-preview:large, max-video-preview:-1\" \/>\n<link rel=\"canonical\" href=\"https:\/\/protegetucorazon.com\/en\/sao-paulo-por-segunda-vez\/\" \/>\n<meta property=\"og:locale\" content=\"en_US\" \/>\n<meta property=\"og:type\" content=\"article\" \/>\n<meta property=\"og:title\" content=\"Sao Paulo por segunda vez - Protege tu corazon\" \/>\n<meta property=\"og:description\" content=\"Seminarios de PTC en Sao Paulo, Brasil.\" \/>\n<meta property=\"og:url\" content=\"https:\/\/protegetucorazon.com\/en\/sao-paulo-por-segunda-vez\/\" \/>\n<meta property=\"og:site_name\" content=\"Protege tu corazon\" \/>\n<meta property=\"article:published_time\" content=\"2008-11-30T21:44:44+00:00\" \/>\n<meta property=\"og:image\" content=\"https:\/\/protegetucorazon.com\/wp-content\/uploads\/2012\/02\/IMG_0324t.jpg\" \/>\n\t<meta property=\"og:image:width\" content=\"220\" \/>\n\t<meta property=\"og:image:height\" content=\"220\" \/>\n\t<meta property=\"og:image:type\" content=\"image\/jpeg\" \/>\n<meta name=\"author\" content=\"protege2020\" \/>\n<meta name=\"twitter:card\" content=\"summary_large_image\" \/>\n<meta name=\"twitter:label1\" content=\"Written by\" \/>\n\t<meta name=\"twitter:data1\" content=\"protege2020\" \/>\n\t<meta name=\"twitter:label2\" content=\"Est. reading time\" \/>\n\t<meta name=\"twitter:data2\" content=\"1 minute\" \/>\n<script type=\"application\/ld+json\" class=\"yoast-schema-graph\">{\"@context\":\"https:\/\/schema.org\",\"@graph\":[{\"@type\":\"Article\",\"@id\":\"https:\/\/protegetucorazon.com\/sao-paulo-por-segunda-vez\/#article\",\"isPartOf\":{\"@id\":\"https:\/\/protegetucorazon.com\/sao-paulo-por-segunda-vez\/\"},\"author\":{\"name\":\"protege2020\",\"@id\":\"https:\/\/protegetucorazon.com\/#\/schema\/person\/fe40036747dc22da99d555e763b905a7\"},\"headline\":\"Sao Paulo por segunda vez\",\"datePublished\":\"2008-11-30T21:44:44+00:00\",\"dateModified\":\"2008-11-30T21:44:44+00:00\",\"mainEntityOfPage\":{\"@id\":\"https:\/\/protegetucorazon.com\/sao-paulo-por-segunda-vez\/\"},\"wordCount\":222,\"commentCount\":0,\"publisher\":{\"@id\":\"https:\/\/protegetucorazon.com\/#organization\"},\"image\":{\"@id\":\"https:\/\/protegetucorazon.com\/sao-paulo-por-segunda-vez\/#primaryimage\"},\"thumbnailUrl\":\"https:\/\/protegetucorazon.com\/wp-content\/uploads\/2012\/02\/IMG_0324t.jpg\",\"articleSection\":[\"Noticias\"],\"inLanguage\":\"en-US\",\"potentialAction\":[{\"@type\":\"CommentAction\",\"name\":\"Comment\",\"target\":[\"https:\/\/protegetucorazon.com\/sao-paulo-por-segunda-vez\/#respond\"]}]},{\"@type\":\"WebPage\",\"@id\":\"https:\/\/protegetucorazon.com\/sao-paulo-por-segunda-vez\/\",\"url\":\"https:\/\/protegetucorazon.com\/sao-paulo-por-segunda-vez\/\",\"name\":\"Sao Paulo por segunda vez - Protege tu corazon\",\"isPartOf\":{\"@id\":\"https:\/\/protegetucorazon.com\/#website\"},\"primaryImageOfPage\":{\"@id\":\"https:\/\/protegetucorazon.com\/sao-paulo-por-segunda-vez\/#primaryimage\"},\"image\":{\"@id\":\"https:\/\/protegetucorazon.com\/sao-paulo-por-segunda-vez\/#primaryimage\"},\"thumbnailUrl\":\"https:\/\/protegetucorazon.com\/wp-content\/uploads\/2012\/02\/IMG_0324t.jpg\",\"datePublished\":\"2008-11-30T21:44:44+00:00\",\"dateModified\":\"2008-11-30T21:44:44+00:00\",\"breadcrumb\":{\"@id\":\"https:\/\/protegetucorazon.com\/sao-paulo-por-segunda-vez\/#breadcrumb\"},\"inLanguage\":\"en-US\",\"potentialAction\":[{\"@type\":\"ReadAction\",\"target\":[\"https:\/\/protegetucorazon.com\/sao-paulo-por-segunda-vez\/\"]}]},{\"@type\":\"ImageObject\",\"inLanguage\":\"en-US\",\"@id\":\"https:\/\/protegetucorazon.com\/sao-paulo-por-segunda-vez\/#primaryimage\",\"url\":\"https:\/\/protegetucorazon.com\/wp-content\/uploads\/2012\/02\/IMG_0324t.jpg\",\"contentUrl\":\"https:\/\/protegetucorazon.com\/wp-content\/uploads\/2012\/02\/IMG_0324t.jpg\",\"width\":220,\"height\":220},{\"@type\":\"BreadcrumbList\",\"@id\":\"https:\/\/protegetucorazon.com\/sao-paulo-por-segunda-vez\/#breadcrumb\",\"itemListElement\":[{\"@type\":\"ListItem\",\"position\":1,\"name\":\"Portada\",\"item\":\"https:\/\/protegetucorazon.com\/\"},{\"@type\":\"ListItem\",\"position\":2,\"name\":\"Sao Paulo por segunda vez\"}]},{\"@type\":\"WebSite\",\"@id\":\"https:\/\/protegetucorazon.com\/#website\",\"url\":\"https:\/\/protegetucorazon.com\/\",\"name\":\"Protege tu corazon\",\"description\":\"Programa de educaci\u00f3n de la sexualidad basado en la formaci\u00f3n del car\u00e1cter\",\"publisher\":{\"@id\":\"https:\/\/protegetucorazon.com\/#organization\"},\"potentialAction\":[{\"@type\":\"SearchAction\",\"target\":{\"@type\":\"EntryPoint\",\"urlTemplate\":\"https:\/\/protegetucorazon.com\/?s={search_term_string}\"},\"query-input\":\"required name=search_term_string\"}],\"inLanguage\":\"en-US\"},{\"@type\":\"Organization\",\"@id\":\"https:\/\/protegetucorazon.com\/#organization\",\"name\":\"Protege tu corazon\",\"url\":\"https:\/\/protegetucorazon.com\/\",\"logo\":{\"@type\":\"ImageObject\",\"inLanguage\":\"en-US\",\"@id\":\"https:\/\/protegetucorazon.com\/#\/schema\/logo\/image\/\",\"url\":\"https:\/\/protegetucorazon.com\/wp-content\/uploads\/2020\/06\/protege-tu-corazon-color.png\",\"contentUrl\":\"https:\/\/protegetucorazon.com\/wp-content\/uploads\/2020\/06\/protege-tu-corazon-color.png\",\"width\":256,\"height\":90,\"caption\":\"Protege tu corazon\"},\"image\":{\"@id\":\"https:\/\/protegetucorazon.com\/#\/schema\/logo\/image\/\"}},{\"@type\":\"Person\",\"@id\":\"https:\/\/protegetucorazon.com\/#\/schema\/person\/fe40036747dc22da99d555e763b905a7\",\"name\":\"protege2020\",\"image\":{\"@type\":\"ImageObject\",\"inLanguage\":\"en-US\",\"@id\":\"https:\/\/protegetucorazon.com\/#\/schema\/person\/image\/\",\"url\":\"https:\/\/secure.gravatar.com\/avatar\/bae55470a3bfbad875b95ad324b52db8?s=96&d=mm&r=g\",\"contentUrl\":\"https:\/\/secure.gravatar.com\/avatar\/bae55470a3bfbad875b95ad324b52db8?s=96&d=mm&r=g\",\"caption\":\"protege2020\"},\"sameAs\":[\"https:\/\/protegetucorazon.com\"],\"url\":\"https:\/\/protegetucorazon.com\/en\/author\/protege2020\/\"}]}<\/script>\n<!-- \/ Yoast SEO plugin. -->","yoast_head_json":{"title":"Sao Paulo por segunda vez - Protege tu corazon","robots":{"index":"index","follow":"follow","max-snippet":"max-snippet:-1","max-image-preview":"max-image-preview:large","max-video-preview":"max-video-preview:-1"},"canonical":"https:\/\/protegetucorazon.com\/en\/sao-paulo-por-segunda-vez\/","og_locale":"en_US","og_type":"article","og_title":"Sao Paulo por segunda vez - Protege tu corazon","og_description":"Seminarios de PTC en Sao Paulo, Brasil.","og_url":"https:\/\/protegetucorazon.com\/en\/sao-paulo-por-segunda-vez\/","og_site_name":"Protege tu corazon","article_published_time":"2008-11-30T21:44:44+00:00","og_image":[{"width":220,"height":220,"url":"https:\/\/protegetucorazon.com\/wp-content\/uploads\/2012\/02\/IMG_0324t.jpg","type":"image\/jpeg"}],"author":"protege2020","twitter_card":"summary_large_image","twitter_misc":{"Written by":"protege2020","Est. reading time":"1 minute"},"schema":{"@context":"https:\/\/schema.org","@graph":[{"@type":"Article","@id":"https:\/\/protegetucorazon.com\/sao-paulo-por-segunda-vez\/#article","isPartOf":{"@id":"https:\/\/protegetucorazon.com\/sao-paulo-por-segunda-vez\/"},"author":{"name":"protege2020","@id":"https:\/\/protegetucorazon.com\/#\/schema\/person\/fe40036747dc22da99d555e763b905a7"},"headline":"Sao Paulo por segunda vez","datePublished":"2008-11-30T21:44:44+00:00","dateModified":"2008-11-30T21:44:44+00:00","mainEntityOfPage":{"@id":"https:\/\/protegetucorazon.com\/sao-paulo-por-segunda-vez\/"},"wordCount":222,"commentCount":0,"publisher":{"@id":"https:\/\/protegetucorazon.com\/#organization"},"image":{"@id":"https:\/\/protegetucorazon.com\/sao-paulo-por-segunda-vez\/#primaryimage"},"thumbnailUrl":"https:\/\/protegetucorazon.com\/wp-content\/uploads\/2012\/02\/IMG_0324t.jpg","articleSection":["Noticias"],"inLanguage":"en-US","potentialAction":[{"@type":"CommentAction","name":"Comment","target":["https:\/\/protegetucorazon.com\/sao-paulo-por-segunda-vez\/#respond"]}]},{"@type":"WebPage","@id":"https:\/\/protegetucorazon.com\/sao-paulo-por-segunda-vez\/","url":"https:\/\/protegetucorazon.com\/sao-paulo-por-segunda-vez\/","name":"Sao Paulo por segunda vez - Protege tu corazon","isPartOf":{"@id":"https:\/\/protegetucorazon.com\/#website"},"primaryImageOfPage":{"@id":"https:\/\/protegetucorazon.com\/sao-paulo-por-segunda-vez\/#primaryimage"},"image":{"@id":"https:\/\/protegetucorazon.com\/sao-paulo-por-segunda-vez\/#primaryimage"},"thumbnailUrl":"https:\/\/protegetucorazon.com\/wp-content\/uploads\/2012\/02\/IMG_0324t.jpg","datePublished":"2008-11-30T21:44:44+00:00","dateModified":"2008-11-30T21:44:44+00:00","breadcrumb":{"@id":"https:\/\/protegetucorazon.com\/sao-paulo-por-segunda-vez\/#breadcrumb"},"inLanguage":"en-US","potentialAction":[{"@type":"ReadAction","target":["https:\/\/protegetucorazon.com\/sao-paulo-por-segunda-vez\/"]}]},{"@type":"ImageObject","inLanguage":"en-US","@id":"https:\/\/protegetucorazon.com\/sao-paulo-por-segunda-vez\/#primaryimage","url":"https:\/\/protegetucorazon.com\/wp-content\/uploads\/2012\/02\/IMG_0324t.jpg","contentUrl":"https:\/\/protegetucorazon.com\/wp-content\/uploads\/2012\/02\/IMG_0324t.jpg","width":220,"height":220},{"@type":"BreadcrumbList","@id":"https:\/\/protegetucorazon.com\/sao-paulo-por-segunda-vez\/#breadcrumb","itemListElement":[{"@type":"ListItem","position":1,"name":"Portada","item":"https:\/\/protegetucorazon.com\/"},{"@type":"ListItem","position":2,"name":"Sao Paulo por segunda vez"}]},{"@type":"WebSite","@id":"https:\/\/protegetucorazon.com\/#website","url":"https:\/\/protegetucorazon.com\/","name":"Protege tu corazon","description":"Programa de educaci\u00f3n de la sexualidad basado en la formaci\u00f3n del car\u00e1cter","publisher":{"@id":"https:\/\/protegetucorazon.com\/#organization"},"potentialAction":[{"@type":"SearchAction","target":{"@type":"EntryPoint","urlTemplate":"https:\/\/protegetucorazon.com\/?s={search_term_string}"},"query-input":"required name=search_term_string"}],"inLanguage":"en-US"},{"@type":"Organization","@id":"https:\/\/protegetucorazon.com\/#organization","name":"Protege tu corazon","url":"https:\/\/protegetucorazon.com\/","logo":{"@type":"ImageObject","inLanguage":"en-US","@id":"https:\/\/protegetucorazon.com\/#\/schema\/logo\/image\/","url":"https:\/\/protegetucorazon.com\/wp-content\/uploads\/2020\/06\/protege-tu-corazon-color.png","contentUrl":"https:\/\/protegetucorazon.com\/wp-content\/uploads\/2020\/06\/protege-tu-corazon-color.png","width":256,"height":90,"caption":"Protege tu corazon"},"image":{"@id":"https:\/\/protegetucorazon.com\/#\/schema\/logo\/image\/"}},{"@type":"Person","@id":"https:\/\/protegetucorazon.com\/#\/schema\/person\/fe40036747dc22da99d555e763b905a7","name":"protege2020","image":{"@type":"ImageObject","inLanguage":"en-US","@id":"https:\/\/protegetucorazon.com\/#\/schema\/person\/image\/","url":"https:\/\/secure.gravatar.com\/avatar\/bae55470a3bfbad875b95ad324b52db8?s=96&d=mm&r=g","contentUrl":"https:\/\/secure.gravatar.com\/avatar\/bae55470a3bfbad875b95ad324b52db8?s=96&d=mm&r=g","caption":"protege2020"},"sameAs":["https:\/\/protegetucorazon.com"],"url":"https:\/\/protegetucorazon.com\/en\/author\/protege2020\/"}]}},"_links":{"self":[{"href":"https:\/\/protegetucorazon.com\/en\/wp-json\/wp\/v2\/posts\/7114"}],"collection":[{"href":"https:\/\/protegetucorazon.com\/en\/wp-json\/wp\/v2\/posts"}],"about":[{"href":"https:\/\/protegetucorazon.com\/en\/wp-json\/wp\/v2\/types\/post"}],"author":[{"embeddable":true,"href":"https:\/\/protegetucorazon.com\/en\/wp-json\/wp\/v2\/users\/1"}],"replies":[{"embeddable":true,"href":"https:\/\/protegetucorazon.com\/en\/wp-json\/wp\/v2\/comments?post=7114"}],"version-history":[{"count":0,"href":"https:\/\/protegetucorazon.com\/en\/wp-json\/wp\/v2\/posts\/7114\/revisions"}],"wp:featuredmedia":[{"embeddable":true,"href":"https:\/\/protegetucorazon.com\/en\/wp-json\/wp\/v2\/media\/2205"}],"wp:attachment":[{"href":"https:\/\/protegetucorazon.com\/en\/wp-json\/wp\/v2\/media?parent=7114"}],"wp:term":[{"taxonomy":"category","embeddable":true,"href":"https:\/\/protegetucorazon.com\/en\/wp-json\/wp\/v2\/categories?post=7114"},{"taxonomy":"post_tag","embeddable":true,"href":"https:\/\/protegetucorazon.com\/en\/wp-json\/wp\/v2\/tags?post=7114"}],"curies":[{"name":"wp","href":"https:\/\/api.w.org\/{rel}","templated":true}]}}