      
            
            
            
      {"id":7120,"date":"2008-09-21T17:13:44","date_gmt":"2008-09-21T23:13:44","guid":{"rendered":"http:\/\/clients.bangbang.mx\/corazon\/?p=574"},"modified":"2008-09-21T17:13:44","modified_gmt":"2008-09-21T23:13:44","slug":"jornada-de-actualizacion-en-buenos-aires","status":"publish","type":"post","link":"https:\/\/protegetucorazon.com\/en\/jornada-de-actualizacion-en-buenos-aires\/","title":{"rendered":"Jornada de actualizaci\u00f3n en Buenos Aires"},"content":{"rendered":"<table border=\"1\">\n<tbody>\n<tr>\n<td>Con el fin de seguir al d\u00eda, en uni\u00f3n constante, en d\u00edas pasados se llev\u00f3 a cabo la jornada de actualizaci\u00f3n para los instructores de PTC en Argentina.<\/td>\n<\/tr>\n<\/tbody>\n<\/table>\n<p><img loading=\"lazy\" decoding=\"async\" class=\"alignleft size-full wp-image-2224\" src=\"https:\/\/protegetucorazon.com\/wp-content\/uploads\/2012\/02\/jornadaba.jpg\" alt=\"\" width=\"193\" height=\"193\" srcset=\"https:\/\/protegetucorazon.com\/wp-content\/uploads\/2012\/02\/jornadaba.jpg 193w, https:\/\/protegetucorazon.com\/wp-content\/uploads\/2012\/02\/jornadaba-150x150.jpg 150w\" sizes=\"(max-width: 193px) 100vw, 193px\" \/><\/p>\n<p style=\"text-align: justify;\">Cuarenta instructores de diferentes provincias y ciudades se reunieron en Buenos Aires, con los fundadores de PTC para una jornada pedag\u00f3gica de actualizaci\u00f3n. &#8220;Esta jornada fue un empuj\u00f3n, comenta Marcela Zimmermann directora de PTC en Argentina, que sirvi\u00f3 para intercambiar experiencias de Mar de Plata, Jujuy, Salta, Tandil, La Paz (Bolivia), La Plata y obviamente la Capital Federal&#8221;.<\/p>\n<p style=\"text-align: justify;\">Se desarrollaron temas relacionados con la estructura pedag\u00f3gica de las sesiones del programa, se definieron nuevas estrategias de trabajo y promoci\u00f3n, se hizo hincapi\u00e9 en el estilo propositivo del instructor y en la contribuci\u00f3n de cada uno al prestigio del programa, con lo cual se acrecienta la influencia positiva sobre los j\u00f3venes. Adem\u00e1s de profundizar en la necesidad de estar al d\u00eda y de mejorar continuamente la calidad de las sesiones impartidas. Los instructores argentinos pudieron conocer de primera mano an\u00e9cdotas, vivencias y detalles acerca de la expansi\u00f3n de PTC por el mundo que este a\u00f1o llega a los 17 pa\u00edses de Am\u00e9rica, Europa y Asia.<\/p>\n<p style=\"text-align: justify;\">Para cerrar la jornada, de manera conjunta, el matrimonio V\u00e9lez imparti\u00f3 la conferencia Ser Irresistibles: Sexualidad en el matrimonio.<\/p>\n<p style=\"text-align: justify;\">Marcela Zimmermann destac\u00f3 la vibraci\u00f3n y el entusiasmo con que volvi\u00f3 cada uno de los instructores a su regi\u00f3n. Este correo enviado a PTC por una de las asistentes lo confirma: &#8220;les escribo estas lineas para agradecerles el riquisimo seminario de ayer,me sirvio mucho, primero personalmente, para con nuestro matrimonio y nuestras hijas y como instructora principiante del Programa. Traje conceptos muy claros que los repito todo el dia y ya empec\u00e9 a transmitirlos en el grupo de estudio. Mi proyecto es dedicarme full time al Programa, cada dia estoy m\u00e1s convencida que lo necesitan j\u00f3venes,padres y docentes de hoy, porque es un estilo de vida que hace verdaderamente feliz&#8230;. Muchas gracias!!!!!!!!!!&#8221;<\/p>","protected":false},"excerpt":{"rendered":"<p>Con el fin de seguir al d\u00eda, en uni\u00f3n constante, en d\u00edas pasados se llev\u00f3 a cabo la jornada de actualizaci\u00f3n para los instructores de PTC en Argentina.<\/p>","protected":false},"author":1,"featured_media":2224,"comment_status":"open","ping_status":"open","sticky":false,"template":"","format":"standard","meta":{"_bbp_topic_count":0,"_bbp_reply_count":0,"_bbp_total_topic_count":0,"_bbp_total_reply_count":0,"_bbp_voice_count":0,"_bbp_anonymous_reply_count":0,"_bbp_topic_count_hidden":0,"_bbp_reply_count_hidden":0,"_bbp_forum_subforum_count":0,"footnotes":""},"categories":[53],"tags":[],"yoast_head":"<!-- This site is optimized with the Yoast SEO plugin v23.0 - https:\/\/yoast.com\/wordpress\/plugins\/seo\/ -->\n<title>Jornada de actualizaci\u00f3n en Buenos Aires - Protege tu corazon<\/title>\n<meta name=\"robots\" content=\"index, follow, max-snippet:-1, max-image-preview:large, max-video-preview:-1\" \/>\n<link rel=\"canonical\" href=\"https:\/\/protegetucorazon.com\/en\/jornada-de-actualizacion-en-buenos-aires\/\" \/>\n<meta property=\"og:locale\" content=\"en_US\" \/>\n<meta property=\"og:type\" content=\"article\" \/>\n<meta property=\"og:title\" content=\"Jornada de actualizaci\u00f3n en Buenos Aires - Protege tu corazon\" \/>\n<meta property=\"og:description\" content=\"Con el fin de seguir al d\u00eda, en uni\u00f3n constante, en d\u00edas pasados se llev\u00f3 a cabo la jornada de actualizaci\u00f3n para los instructores de PTC en Argentina.\" \/>\n<meta property=\"og:url\" content=\"https:\/\/protegetucorazon.com\/en\/jornada-de-actualizacion-en-buenos-aires\/\" \/>\n<meta property=\"og:site_name\" content=\"Protege tu corazon\" \/>\n<meta property=\"article:published_time\" content=\"2008-09-21T23:13:44+00:00\" \/>\n<meta property=\"og:image\" content=\"https:\/\/protegetucorazon.com\/wp-content\/uploads\/2012\/02\/jornadaba.jpg\" \/>\n\t<meta property=\"og:image:width\" content=\"193\" \/>\n\t<meta property=\"og:image:height\" content=\"193\" \/>\n\t<meta property=\"og:image:type\" content=\"image\/jpeg\" \/>\n<meta name=\"author\" content=\"protege2020\" \/>\n<meta name=\"twitter:card\" content=\"summary_large_image\" \/>\n<meta name=\"twitter:label1\" content=\"Written by\" \/>\n\t<meta name=\"twitter:data1\" content=\"protege2020\" \/>\n\t<meta name=\"twitter:label2\" content=\"Est. reading time\" \/>\n\t<meta name=\"twitter:data2\" content=\"2 minutes\" \/>\n<script type=\"application\/ld+json\" class=\"yoast-schema-graph\">{\"@context\":\"https:\/\/schema.org\",\"@graph\":[{\"@type\":\"Article\",\"@id\":\"https:\/\/protegetucorazon.com\/jornada-de-actualizacion-en-buenos-aires\/#article\",\"isPartOf\":{\"@id\":\"https:\/\/protegetucorazon.com\/jornada-de-actualizacion-en-buenos-aires\/\"},\"author\":{\"name\":\"protege2020\",\"@id\":\"https:\/\/protegetucorazon.com\/#\/schema\/person\/fe40036747dc22da99d555e763b905a7\"},\"headline\":\"Jornada de actualizaci\u00f3n en Buenos Aires\",\"datePublished\":\"2008-09-21T23:13:44+00:00\",\"dateModified\":\"2008-09-21T23:13:44+00:00\",\"mainEntityOfPage\":{\"@id\":\"https:\/\/protegetucorazon.com\/jornada-de-actualizacion-en-buenos-aires\/\"},\"wordCount\":354,\"commentCount\":0,\"publisher\":{\"@id\":\"https:\/\/protegetucorazon.com\/#organization\"},\"image\":{\"@id\":\"https:\/\/protegetucorazon.com\/jornada-de-actualizacion-en-buenos-aires\/#primaryimage\"},\"thumbnailUrl\":\"https:\/\/protegetucorazon.com\/wp-content\/uploads\/2012\/02\/jornadaba.jpg\",\"articleSection\":[\"Noticias\"],\"inLanguage\":\"en-US\",\"potentialAction\":[{\"@type\":\"CommentAction\",\"name\":\"Comment\",\"target\":[\"https:\/\/protegetucorazon.com\/jornada-de-actualizacion-en-buenos-aires\/#respond\"]}]},{\"@type\":\"WebPage\",\"@id\":\"https:\/\/protegetucorazon.com\/jornada-de-actualizacion-en-buenos-aires\/\",\"url\":\"https:\/\/protegetucorazon.com\/jornada-de-actualizacion-en-buenos-aires\/\",\"name\":\"Jornada de actualizaci\u00f3n en Buenos Aires - Protege tu corazon\",\"isPartOf\":{\"@id\":\"https:\/\/protegetucorazon.com\/#website\"},\"primaryImageOfPage\":{\"@id\":\"https:\/\/protegetucorazon.com\/jornada-de-actualizacion-en-buenos-aires\/#primaryimage\"},\"image\":{\"@id\":\"https:\/\/protegetucorazon.com\/jornada-de-actualizacion-en-buenos-aires\/#primaryimage\"},\"thumbnailUrl\":\"https:\/\/protegetucorazon.com\/wp-content\/uploads\/2012\/02\/jornadaba.jpg\",\"datePublished\":\"2008-09-21T23:13:44+00:00\",\"dateModified\":\"2008-09-21T23:13:44+00:00\",\"breadcrumb\":{\"@id\":\"https:\/\/protegetucorazon.com\/jornada-de-actualizacion-en-buenos-aires\/#breadcrumb\"},\"inLanguage\":\"en-US\",\"potentialAction\":[{\"@type\":\"ReadAction\",\"target\":[\"https:\/\/protegetucorazon.com\/jornada-de-actualizacion-en-buenos-aires\/\"]}]},{\"@type\":\"ImageObject\",\"inLanguage\":\"en-US\",\"@id\":\"https:\/\/protegetucorazon.com\/jornada-de-actualizacion-en-buenos-aires\/#primaryimage\",\"url\":\"https:\/\/protegetucorazon.com\/wp-content\/uploads\/2012\/02\/jornadaba.jpg\",\"contentUrl\":\"https:\/\/protegetucorazon.com\/wp-content\/uploads\/2012\/02\/jornadaba.jpg\",\"width\":193,\"height\":193},{\"@type\":\"BreadcrumbList\",\"@id\":\"https:\/\/protegetucorazon.com\/jornada-de-actualizacion-en-buenos-aires\/#breadcrumb\",\"itemListElement\":[{\"@type\":\"ListItem\",\"position\":1,\"name\":\"Portada\",\"item\":\"https:\/\/protegetucorazon.com\/\"},{\"@type\":\"ListItem\",\"position\":2,\"name\":\"Jornada de actualizaci\u00f3n en Buenos Aires\"}]},{\"@type\":\"WebSite\",\"@id\":\"https:\/\/protegetucorazon.com\/#website\",\"url\":\"https:\/\/protegetucorazon.com\/\",\"name\":\"Protege tu corazon\",\"description\":\"Programa de educaci\u00f3n de la sexualidad basado en la formaci\u00f3n del car\u00e1cter\",\"publisher\":{\"@id\":\"https:\/\/protegetucorazon.com\/#organization\"},\"potentialAction\":[{\"@type\":\"SearchAction\",\"target\":{\"@type\":\"EntryPoint\",\"urlTemplate\":\"https:\/\/protegetucorazon.com\/?s={search_term_string}\"},\"query-input\":\"required name=search_term_string\"}],\"inLanguage\":\"en-US\"},{\"@type\":\"Organization\",\"@id\":\"https:\/\/protegetucorazon.com\/#organization\",\"name\":\"Protege tu corazon\",\"url\":\"https:\/\/protegetucorazon.com\/\",\"logo\":{\"@type\":\"ImageObject\",\"inLanguage\":\"en-US\",\"@id\":\"https:\/\/protegetucorazon.com\/#\/schema\/logo\/image\/\",\"url\":\"https:\/\/protegetucorazon.com\/wp-content\/uploads\/2020\/06\/protege-tu-corazon-color.png\",\"contentUrl\":\"https:\/\/protegetucorazon.com\/wp-content\/uploads\/2020\/06\/protege-tu-corazon-color.png\",\"width\":256,\"height\":90,\"caption\":\"Protege tu corazon\"},\"image\":{\"@id\":\"https:\/\/protegetucorazon.com\/#\/schema\/logo\/image\/\"}},{\"@type\":\"Person\",\"@id\":\"https:\/\/protegetucorazon.com\/#\/schema\/person\/fe40036747dc22da99d555e763b905a7\",\"name\":\"protege2020\",\"image\":{\"@type\":\"ImageObject\",\"inLanguage\":\"en-US\",\"@id\":\"https:\/\/protegetucorazon.com\/#\/schema\/person\/image\/\",\"url\":\"https:\/\/secure.gravatar.com\/avatar\/bae55470a3bfbad875b95ad324b52db8?s=96&d=mm&r=g\",\"contentUrl\":\"https:\/\/secure.gravatar.com\/avatar\/bae55470a3bfbad875b95ad324b52db8?s=96&d=mm&r=g\",\"caption\":\"protege2020\"},\"sameAs\":[\"https:\/\/protegetucorazon.com\"],\"url\":\"https:\/\/protegetucorazon.com\/en\/author\/protege2020\/\"}]}<\/script>\n<!-- \/ Yoast SEO plugin. -->","yoast_head_json":{"title":"Jornada de actualizaci\u00f3n en Buenos Aires - Protege tu corazon","robots":{"index":"index","follow":"follow","max-snippet":"max-snippet:-1","max-image-preview":"max-image-preview:large","max-video-preview":"max-video-preview:-1"},"canonical":"https:\/\/protegetucorazon.com\/en\/jornada-de-actualizacion-en-buenos-aires\/","og_locale":"en_US","og_type":"article","og_title":"Jornada de actualizaci\u00f3n en Buenos Aires - Protege tu corazon","og_description":"Con el fin de seguir al d\u00eda, en uni\u00f3n constante, en d\u00edas pasados se llev\u00f3 a cabo la jornada de actualizaci\u00f3n para los instructores de PTC en Argentina.","og_url":"https:\/\/protegetucorazon.com\/en\/jornada-de-actualizacion-en-buenos-aires\/","og_site_name":"Protege tu corazon","article_published_time":"2008-09-21T23:13:44+00:00","og_image":[{"width":193,"height":193,"url":"https:\/\/protegetucorazon.com\/wp-content\/uploads\/2012\/02\/jornadaba.jpg","type":"image\/jpeg"}],"author":"protege2020","twitter_card":"summary_large_image","twitter_misc":{"Written by":"protege2020","Est. reading time":"2 minutes"},"schema":{"@context":"https:\/\/schema.org","@graph":[{"@type":"Article","@id":"https:\/\/protegetucorazon.com\/jornada-de-actualizacion-en-buenos-aires\/#article","isPartOf":{"@id":"https:\/\/protegetucorazon.com\/jornada-de-actualizacion-en-buenos-aires\/"},"author":{"name":"protege2020","@id":"https:\/\/protegetucorazon.com\/#\/schema\/person\/fe40036747dc22da99d555e763b905a7"},"headline":"Jornada de actualizaci\u00f3n en Buenos Aires","datePublished":"2008-09-21T23:13:44+00:00","dateModified":"2008-09-21T23:13:44+00:00","mainEntityOfPage":{"@id":"https:\/\/protegetucorazon.com\/jornada-de-actualizacion-en-buenos-aires\/"},"wordCount":354,"commentCount":0,"publisher":{"@id":"https:\/\/protegetucorazon.com\/#organization"},"image":{"@id":"https:\/\/protegetucorazon.com\/jornada-de-actualizacion-en-buenos-aires\/#primaryimage"},"thumbnailUrl":"https:\/\/protegetucorazon.com\/wp-content\/uploads\/2012\/02\/jornadaba.jpg","articleSection":["Noticias"],"inLanguage":"en-US","potentialAction":[{"@type":"CommentAction","name":"Comment","target":["https:\/\/protegetucorazon.com\/jornada-de-actualizacion-en-buenos-aires\/#respond"]}]},{"@type":"WebPage","@id":"https:\/\/protegetucorazon.com\/jornada-de-actualizacion-en-buenos-aires\/","url":"https:\/\/protegetucorazon.com\/jornada-de-actualizacion-en-buenos-aires\/","name":"Jornada de actualizaci\u00f3n en Buenos Aires - Protege tu corazon","isPartOf":{"@id":"https:\/\/protegetucorazon.com\/#website"},"primaryImageOfPage":{"@id":"https:\/\/protegetucorazon.com\/jornada-de-actualizacion-en-buenos-aires\/#primaryimage"},"image":{"@id":"https:\/\/protegetucorazon.com\/jornada-de-actualizacion-en-buenos-aires\/#primaryimage"},"thumbnailUrl":"https:\/\/protegetucorazon.com\/wp-content\/uploads\/2012\/02\/jornadaba.jpg","datePublished":"2008-09-21T23:13:44+00:00","dateModified":"2008-09-21T23:13:44+00:00","breadcrumb":{"@id":"https:\/\/protegetucorazon.com\/jornada-de-actualizacion-en-buenos-aires\/#breadcrumb"},"inLanguage":"en-US","potentialAction":[{"@type":"ReadAction","target":["https:\/\/protegetucorazon.com\/jornada-de-actualizacion-en-buenos-aires\/"]}]},{"@type":"ImageObject","inLanguage":"en-US","@id":"https:\/\/protegetucorazon.com\/jornada-de-actualizacion-en-buenos-aires\/#primaryimage","url":"https:\/\/protegetucorazon.com\/wp-content\/uploads\/2012\/02\/jornadaba.jpg","contentUrl":"https:\/\/protegetucorazon.com\/wp-content\/uploads\/2012\/02\/jornadaba.jpg","width":193,"height":193},{"@type":"BreadcrumbList","@id":"https:\/\/protegetucorazon.com\/jornada-de-actualizacion-en-buenos-aires\/#breadcrumb","itemListElement":[{"@type":"ListItem","position":1,"name":"Portada","item":"https:\/\/protegetucorazon.com\/"},{"@type":"ListItem","position":2,"name":"Jornada de actualizaci\u00f3n en Buenos Aires"}]},{"@type":"WebSite","@id":"https:\/\/protegetucorazon.com\/#website","url":"https:\/\/protegetucorazon.com\/","name":"Protege tu corazon","description":"Programa de educaci\u00f3n de la sexualidad basado en la formaci\u00f3n del car\u00e1cter","publisher":{"@id":"https:\/\/protegetucorazon.com\/#organization"},"potentialAction":[{"@type":"SearchAction","target":{"@type":"EntryPoint","urlTemplate":"https:\/\/protegetucorazon.com\/?s={search_term_string}"},"query-input":"required name=search_term_string"}],"inLanguage":"en-US"},{"@type":"Organization","@id":"https:\/\/protegetucorazon.com\/#organization","name":"Protege tu corazon","url":"https:\/\/protegetucorazon.com\/","logo":{"@type":"ImageObject","inLanguage":"en-US","@id":"https:\/\/protegetucorazon.com\/#\/schema\/logo\/image\/","url":"https:\/\/protegetucorazon.com\/wp-content\/uploads\/2020\/06\/protege-tu-corazon-color.png","contentUrl":"https:\/\/protegetucorazon.com\/wp-content\/uploads\/2020\/06\/protege-tu-corazon-color.png","width":256,"height":90,"caption":"Protege tu corazon"},"image":{"@id":"https:\/\/protegetucorazon.com\/#\/schema\/logo\/image\/"}},{"@type":"Person","@id":"https:\/\/protegetucorazon.com\/#\/schema\/person\/fe40036747dc22da99d555e763b905a7","name":"protege2020","image":{"@type":"ImageObject","inLanguage":"en-US","@id":"https:\/\/protegetucorazon.com\/#\/schema\/person\/image\/","url":"https:\/\/secure.gravatar.com\/avatar\/bae55470a3bfbad875b95ad324b52db8?s=96&d=mm&r=g","contentUrl":"https:\/\/secure.gravatar.com\/avatar\/bae55470a3bfbad875b95ad324b52db8?s=96&d=mm&r=g","caption":"protege2020"},"sameAs":["https:\/\/protegetucorazon.com"],"url":"https:\/\/protegetucorazon.com\/en\/author\/protege2020\/"}]}},"_links":{"self":[{"href":"https:\/\/protegetucorazon.com\/en\/wp-json\/wp\/v2\/posts\/7120"}],"collection":[{"href":"https:\/\/protegetucorazon.com\/en\/wp-json\/wp\/v2\/posts"}],"about":[{"href":"https:\/\/protegetucorazon.com\/en\/wp-json\/wp\/v2\/types\/post"}],"author":[{"embeddable":true,"href":"https:\/\/protegetucorazon.com\/en\/wp-json\/wp\/v2\/users\/1"}],"replies":[{"embeddable":true,"href":"https:\/\/protegetucorazon.com\/en\/wp-json\/wp\/v2\/comments?post=7120"}],"version-history":[{"count":0,"href":"https:\/\/protegetucorazon.com\/en\/wp-json\/wp\/v2\/posts\/7120\/revisions"}],"wp:featuredmedia":[{"embeddable":true,"href":"https:\/\/protegetucorazon.com\/en\/wp-json\/wp\/v2\/media\/2224"}],"wp:attachment":[{"href":"https:\/\/protegetucorazon.com\/en\/wp-json\/wp\/v2\/media?parent=7120"}],"wp:term":[{"taxonomy":"category","embeddable":true,"href":"https:\/\/protegetucorazon.com\/en\/wp-json\/wp\/v2\/categories?post=7120"},{"taxonomy":"post_tag","embeddable":true,"href":"https:\/\/protegetucorazon.com\/en\/wp-json\/wp\/v2\/tags?post=7120"}],"curies":[{"name":"wp","href":"https:\/\/api.w.org\/{rel}","templated":true}]}}