      
            
            
            
      {"id":7124,"date":"2007-12-05T16:51:17","date_gmt":"2007-12-05T22:51:17","guid":{"rendered":"http:\/\/clients.bangbang.mx\/corazon\/?p=617"},"modified":"2007-12-05T16:51:17","modified_gmt":"2007-12-05T22:51:17","slug":"yo-elijo-vivir-un-amor-verdadero","status":"publish","type":"post","link":"https:\/\/protegetucorazon.com\/en\/yo-elijo-vivir-un-amor-verdadero\/","title":{"rendered":"\u00a1Yo elijo vivir un amor verdadero!"},"content":{"rendered":"<p>Por Reynaldo Rivera de INTERMEDIA CONSULTING<\/p>\n<table border=\"1\">\n<tbody>\n<tr>\n<td>Acerca del segundo congreso de afectividad<\/td>\n<\/tr>\n<\/tbody>\n<\/table>\n<p><img loading=\"lazy\" decoding=\"async\" class=\"alignleft size-full wp-image-2247\" src=\"https:\/\/protegetucorazon.com\/wp-content\/uploads\/2012\/02\/edicong.jpg\" alt=\"\" width=\"256\" height=\"192\" \/><\/p>\n<p style=\"text-align: justify;\">Cuando en Mayo del 2.006, Antonio Torralba anunciaba que el Segundo Congreso Internacional ser\u00eda en Manila, muchos pensaban que era una ilusi\u00f3n. Meses despu\u00e9s, otros dudaban de las posibilidades reales de un proyecto de esa magnitud. Para todos ellos, tengo malas noticias\u2026los hechos han demostrado lo contrario.<\/p>\n<p style=\"text-align: justify;\">Wikipedia dice que una Revoluci\u00f3n es el cambio o transformaci\u00f3n radical y profunda respecto al pasado inmediato. Los cambios revolucionarios, adem\u00e1s de traer consecuencias trascendentales, han de percibirse como s\u00fabitos y violentos, como una ruptura del orden establecido o una discontinuidad evidente con el estado anterior de las cosas.<br \/>\nEn Manila, a metros del centro comercial m\u00e1s grande de Asia (Mall of Asia), m\u00e1s de 1.000 adolescentes han declarado su compromiso para iniciar una revoluci\u00f3n cultural: I Keep Love Real Revolution, en espa\u00f1ol: &#8220;Yo elijo vivir un amor verdadero&#8221;, que desde Asia se expanda por todo el mundo.<\/p>\n<p style=\"text-align: justify;\">El 22 de noviembre de 3:00 a 6:00 de la tarde el equipo organizador del Segundo Congreso Internacional de la Educaci\u00f3n de la Afectividad (Intermedia Consulting, I am STRONG, Educhild y DAWV); congreg\u00f3 en \u201cLe Pavilli\u00f3n\u201d a adolescentes de colegios p\u00fablicos y privados de Filipinas, que, junto con sus docentes, asistieron no s\u00f3lo a un concierto (hubo famosos rock y pop stars) sino tambi\u00e9n a un talk show de alto contenido formativo. A las presentaciones breves sobre temas como:<br \/>\n-amor humano y el papel de los sentimientos, y<br \/>\n-c\u00f3mo vivir la castidad en el mundo de hoy;<\/p>\n<p style=\"text-align: justify;\">se sumaron sesiones de preguntas y respuestas en las que se demostr\u00f3 una vez m\u00e1s que a los j\u00f3venes no les interesa saber m\u00e1s sobre sexo. Lo que quieren es informaci\u00f3n sobre el amor verdadero y c\u00f3mo manejar los sentimientos. M\u00e1s a\u00fan: han manifestado que los mass media y la publicidad no les ayudan en esos aspectos.<\/p>\n<p style=\"text-align: justify;\">Tanto las personalidades invitadas (todas ellas muy cercanas al mundo de los j\u00f3venes) como los mismos participantes manifestaron su voluntad de \u201cvivir un amor verdadero\u201d, sin caer en las trampas de un sexo desenfrenado.<\/p>\n<p style=\"text-align: justify;\">Si el n\u00famero de 1.000 adolescentes en Manila no parece importante, quiz\u00e1s los datos que siguen muestren la importancia de lo que est\u00e1 sucediendo en Filipinas:<\/p>\n<div>\n<div style=\"border: 1px solid #dcdcdc; padding: 9px; background-color: #fffff4;\">\n<p style=\"text-align: justify;\"><strong>+ 4.000 adolescentes recibieron formaci\u00f3n adecuada sobre sexualidad y estilos de vida, participando de la investigaci\u00f3n cient\u00edfica m\u00e1s importante de Filipinas de los \u00faltimos 5 a\u00f1os<\/strong><\/p>\n<\/div>\n<p>&nbsp;<\/p>\n<div>\n<div style=\"border: 1px solid #dcdcdc; padding: 9px; background-color: #fffff4;\">\n<p style=\"text-align: justify;\"><strong>+ 800 personas (de Filipinas, Singapur, Taiwan, Hong Kong, China, Australia, Malasia, Indonesia, Nigeria, Italia, Espa\u00f1a, Francia, Argentina, M\u00e9xico, El Salvador, Per\u00fa, Chile, USA, India) participaron del Congreso Internacional<\/strong><\/p>\n<\/div>\n<p>&nbsp;<\/p>\n<div>\n<div style=\"border: 1px solid #dcdcdc; padding: 9px; background-color: #fffff4;\">\n<p style=\"text-align: justify;\"><strong>+ 25 medios de comunicaci\u00f3n participaron de la Conferencia de Prensa<\/strong><\/p>\n<\/div>\n<\/div>\n<p>&nbsp;<\/p>\n<div>\n<div style=\"border: 1px solid #dcdcdc; padding: 9px; background-color: #fffff4;\">\n<p style=\"text-align: justify;\"><strong>+ Durante 15 d\u00edas, uno de los canales de Televisi\u00f3n m\u00e1s importantes de Filipinas (GMA) transmiti\u00f3 cortos publicitarios sobre el Congreso (en los que se presentaba la educaci\u00f3n del car\u00e1cter y la afectividad como necesarias para la formaci\u00f3n del adolescente)<\/strong><\/p>\n<\/div>\n<p>&nbsp;<\/p>\n<div>\n<div style=\"border: 1px solid #dcdcdc; padding: 9px; background-color: #fffff4;\"><strong>+ M\u00e1s de 1.000 adolescentes participaron del evento en Le Pavilli\u00f3n<\/strong><\/div>\n<p>&nbsp;<\/p>\n<div>\n<div style=\"border: 1px solid #dcdcdc; padding: 9px; background-color: #fffff4;\">\n<p style=\"text-align: justify;\"><strong>+ M\u00e1s de 900 adolescentes y 500 padres y docentes participaron de un encuentro con Thomas Lickona en Iloilo (Filipinas) sobre la educaci\u00f3n del car\u00e1cter y la sexualidad<\/strong><\/p>\n<\/div>\n<p>&nbsp;<\/p>\n<p style=\"text-align: justify;\">Sin considerar los impactos de prensa, se puede decir que m\u00e1s de 7.200 personas fueron alcanzadas por el mensaje del Segundo Congreso Internacional, mensaje que presenta la educaci\u00f3n del car\u00e1cter como fundamental para el arm\u00f3nico desarrollo educativo de los adolescentes; y la castidad como una virtud necesaria y posible en el mundo de hoy.<\/p>\n<p style=\"text-align: justify;\">Thomas Lickona, uno de los m\u00e1s prestigiosos expertos de educaci\u00f3n del car\u00e1cter en USA, sosten\u00eda que el Congreso hab\u00eda supuesto para \u00e9l una experiencia inolvidable. Nunca hab\u00eda aprendido tanto en un evento de esa naturaleza.<\/p>\n<p><img loading=\"lazy\" decoding=\"async\" class=\"alignleft size-full wp-image-2248\" src=\"https:\/\/protegetucorazon.com\/wp-content\/uploads\/2012\/02\/edicong2.jpg\" alt=\"\" width=\"256\" height=\"192\" \/><\/p>\n<p style=\"text-align: justify;\">Los organizadores de Edicongress (www.edicongress.com) estamos convencidos de haber hecho todo lo posible para iniciar una verdadera revoluci\u00f3n, 40 a\u00f1os despu\u00e9s de la \u201crevoluci\u00f3n de las flores\u201d o \u201cel verano del amor\u201d de USA. Fue un a\u00f1o de trabajo, con un equipo estable de 4 organizaciones diferentes, 6 personas full time y 2 part time.<\/p>\n<p style=\"text-align: justify;\">Durante estos \u00faltimos meses hemos trabajado mucho, dormido poco, cometido errores, aprendido a partir de la experiencia. Pensamos que todo ello, vali\u00f3 la pena.As\u00ed como nos sucedi\u00f3 en el Primer Congreso realizado en M\u00e9xico, volver a Roma luego de esta experiencia, ser\u00e1 dif\u00edcil. Hemos formado un Equipo de Trabajo y no es simple no seguir trabajando d\u00eda a d\u00eda con ellos. Pero estamos seguros que desde Italia podremos ayudar m\u00e1s para lograr efectos de largo plazo a partir de lo realizado.<\/p>\n<p style=\"text-align: justify;\">La investigaci\u00f3n cient\u00edfica realizada (en conjunto con la Universidad de Navarra) dar\u00e1 lugar no s\u00f3lo a una futura investigaci\u00f3n cient\u00edfica, sino tambi\u00e9n a futuras ampliaciones de los encuestados, incluyendo nuevos pa\u00edses (Espa\u00f1a, M\u00e9xico, Singapur, El Salvador, Per\u00fa y Chile).<\/p>\n<p style=\"text-align: justify;\">Muchos de los participantes y ponentes nos preguntaban: \u201cLuego del Congreso, \u00bfqu\u00e9 podemos hacer?\u201d. La respuesta no es tan sencilla, pero podemos anticipar que en los pr\u00f3ximos meses dise\u00f1aremos un plan de gesti\u00f3n para la expansi\u00f3n y el fortalecimiento de la educaci\u00f3n del car\u00e1cter y la afectividad de los adolescentes. Contamos para ello con el compromiso de dos importantes Universidades que ser\u00e1n el soporte acad\u00e9mico del proyecto.<\/p>\n<p>M\u00e1s informaci\u00f3n a trav\u00e9s de: info@intermediaconsulting.org<br \/>\nwww.edicongress.com<\/p>\n<\/div>\n<\/div>\n<\/div>\n<\/div>\n<\/div>\n<p>&nbsp;<\/p>\n<p style=\"text-align: center;\"><img loading=\"lazy\" decoding=\"async\" class=\"alignnone size-full wp-image-2249\" src=\"https:\/\/protegetucorazon.com\/wp-content\/uploads\/2012\/02\/edicong3.jpg\" alt=\"\" width=\"256\" height=\"192\" \/>\u00a0 \u00a0\u00a0 <img loading=\"lazy\" decoding=\"async\" class=\"alignnone size-full wp-image-2250\" src=\"https:\/\/protegetucorazon.com\/wp-content\/uploads\/2012\/02\/edicong4.jpg\" alt=\"\" width=\"256\" height=\"192\" \/><\/p>","protected":false},"excerpt":{"rendered":"<p>Acerca del segundo congreso de afectividad<\/p>","protected":false},"author":1,"featured_media":2250,"comment_status":"open","ping_status":"open","sticky":false,"template":"","format":"standard","meta":{"_bbp_topic_count":0,"_bbp_reply_count":0,"_bbp_total_topic_count":0,"_bbp_total_reply_count":0,"_bbp_voice_count":0,"_bbp_anonymous_reply_count":0,"_bbp_topic_count_hidden":0,"_bbp_reply_count_hidden":0,"_bbp_forum_subforum_count":0,"footnotes":""},"categories":[53],"tags":[],"yoast_head":"<!-- This site is optimized with the Yoast SEO plugin v23.0 - https:\/\/yoast.com\/wordpress\/plugins\/seo\/ -->\n<title>\u00a1Yo elijo vivir un amor verdadero! - Protege tu corazon<\/title>\n<meta name=\"robots\" content=\"index, follow, max-snippet:-1, max-image-preview:large, max-video-preview:-1\" \/>\n<link rel=\"canonical\" href=\"https:\/\/protegetucorazon.com\/en\/yo-elijo-vivir-un-amor-verdadero\/\" \/>\n<meta property=\"og:locale\" content=\"en_US\" \/>\n<meta property=\"og:type\" content=\"article\" \/>\n<meta property=\"og:title\" content=\"\u00a1Yo elijo vivir un amor verdadero! - Protege tu corazon\" \/>\n<meta property=\"og:description\" content=\"Acerca del segundo congreso de afectividad\" \/>\n<meta property=\"og:url\" content=\"https:\/\/protegetucorazon.com\/en\/yo-elijo-vivir-un-amor-verdadero\/\" \/>\n<meta property=\"og:site_name\" content=\"Protege tu corazon\" \/>\n<meta property=\"article:published_time\" content=\"2007-12-05T22:51:17+00:00\" \/>\n<meta property=\"og:image\" content=\"https:\/\/protegetucorazon.com\/wp-content\/uploads\/2012\/02\/edicong4.jpg\" \/>\n\t<meta property=\"og:image:width\" content=\"256\" \/>\n\t<meta property=\"og:image:height\" content=\"192\" \/>\n\t<meta property=\"og:image:type\" content=\"image\/jpeg\" \/>\n<meta name=\"author\" content=\"protege2020\" \/>\n<meta name=\"twitter:card\" content=\"summary_large_image\" \/>\n<meta name=\"twitter:label1\" content=\"Written by\" \/>\n\t<meta name=\"twitter:data1\" content=\"protege2020\" \/>\n\t<meta name=\"twitter:label2\" content=\"Est. reading time\" \/>\n\t<meta name=\"twitter:data2\" content=\"5 minutes\" \/>\n<script type=\"application\/ld+json\" class=\"yoast-schema-graph\">{\"@context\":\"https:\/\/schema.org\",\"@graph\":[{\"@type\":\"Article\",\"@id\":\"https:\/\/protegetucorazon.com\/yo-elijo-vivir-un-amor-verdadero\/#article\",\"isPartOf\":{\"@id\":\"https:\/\/protegetucorazon.com\/yo-elijo-vivir-un-amor-verdadero\/\"},\"author\":{\"name\":\"protege2020\",\"@id\":\"https:\/\/protegetucorazon.com\/#\/schema\/person\/fe40036747dc22da99d555e763b905a7\"},\"headline\":\"\u00a1Yo elijo vivir un amor verdadero!\",\"datePublished\":\"2007-12-05T22:51:17+00:00\",\"dateModified\":\"2007-12-05T22:51:17+00:00\",\"mainEntityOfPage\":{\"@id\":\"https:\/\/protegetucorazon.com\/yo-elijo-vivir-un-amor-verdadero\/\"},\"wordCount\":936,\"commentCount\":0,\"publisher\":{\"@id\":\"https:\/\/protegetucorazon.com\/#organization\"},\"image\":{\"@id\":\"https:\/\/protegetucorazon.com\/yo-elijo-vivir-un-amor-verdadero\/#primaryimage\"},\"thumbnailUrl\":\"https:\/\/protegetucorazon.com\/wp-content\/uploads\/2012\/02\/edicong4.jpg\",\"articleSection\":[\"Noticias\"],\"inLanguage\":\"en-US\",\"potentialAction\":[{\"@type\":\"CommentAction\",\"name\":\"Comment\",\"target\":[\"https:\/\/protegetucorazon.com\/yo-elijo-vivir-un-amor-verdadero\/#respond\"]}]},{\"@type\":\"WebPage\",\"@id\":\"https:\/\/protegetucorazon.com\/yo-elijo-vivir-un-amor-verdadero\/\",\"url\":\"https:\/\/protegetucorazon.com\/yo-elijo-vivir-un-amor-verdadero\/\",\"name\":\"\u00a1Yo elijo vivir un amor verdadero! - Protege tu corazon\",\"isPartOf\":{\"@id\":\"https:\/\/protegetucorazon.com\/#website\"},\"primaryImageOfPage\":{\"@id\":\"https:\/\/protegetucorazon.com\/yo-elijo-vivir-un-amor-verdadero\/#primaryimage\"},\"image\":{\"@id\":\"https:\/\/protegetucorazon.com\/yo-elijo-vivir-un-amor-verdadero\/#primaryimage\"},\"thumbnailUrl\":\"https:\/\/protegetucorazon.com\/wp-content\/uploads\/2012\/02\/edicong4.jpg\",\"datePublished\":\"2007-12-05T22:51:17+00:00\",\"dateModified\":\"2007-12-05T22:51:17+00:00\",\"breadcrumb\":{\"@id\":\"https:\/\/protegetucorazon.com\/yo-elijo-vivir-un-amor-verdadero\/#breadcrumb\"},\"inLanguage\":\"en-US\",\"potentialAction\":[{\"@type\":\"ReadAction\",\"target\":[\"https:\/\/protegetucorazon.com\/yo-elijo-vivir-un-amor-verdadero\/\"]}]},{\"@type\":\"ImageObject\",\"inLanguage\":\"en-US\",\"@id\":\"https:\/\/protegetucorazon.com\/yo-elijo-vivir-un-amor-verdadero\/#primaryimage\",\"url\":\"https:\/\/protegetucorazon.com\/wp-content\/uploads\/2012\/02\/edicong4.jpg\",\"contentUrl\":\"https:\/\/protegetucorazon.com\/wp-content\/uploads\/2012\/02\/edicong4.jpg\",\"width\":256,\"height\":192},{\"@type\":\"BreadcrumbList\",\"@id\":\"https:\/\/protegetucorazon.com\/yo-elijo-vivir-un-amor-verdadero\/#breadcrumb\",\"itemListElement\":[{\"@type\":\"ListItem\",\"position\":1,\"name\":\"Portada\",\"item\":\"https:\/\/protegetucorazon.com\/\"},{\"@type\":\"ListItem\",\"position\":2,\"name\":\"\u00a1Yo elijo vivir un amor verdadero!\"}]},{\"@type\":\"WebSite\",\"@id\":\"https:\/\/protegetucorazon.com\/#website\",\"url\":\"https:\/\/protegetucorazon.com\/\",\"name\":\"Protege tu corazon\",\"description\":\"Programa de educaci\u00f3n de la sexualidad basado en la formaci\u00f3n del car\u00e1cter\",\"publisher\":{\"@id\":\"https:\/\/protegetucorazon.com\/#organization\"},\"potentialAction\":[{\"@type\":\"SearchAction\",\"target\":{\"@type\":\"EntryPoint\",\"urlTemplate\":\"https:\/\/protegetucorazon.com\/?s={search_term_string}\"},\"query-input\":\"required name=search_term_string\"}],\"inLanguage\":\"en-US\"},{\"@type\":\"Organization\",\"@id\":\"https:\/\/protegetucorazon.com\/#organization\",\"name\":\"Protege tu corazon\",\"url\":\"https:\/\/protegetucorazon.com\/\",\"logo\":{\"@type\":\"ImageObject\",\"inLanguage\":\"en-US\",\"@id\":\"https:\/\/protegetucorazon.com\/#\/schema\/logo\/image\/\",\"url\":\"https:\/\/protegetucorazon.com\/wp-content\/uploads\/2020\/06\/protege-tu-corazon-color.png\",\"contentUrl\":\"https:\/\/protegetucorazon.com\/wp-content\/uploads\/2020\/06\/protege-tu-corazon-color.png\",\"width\":256,\"height\":90,\"caption\":\"Protege tu corazon\"},\"image\":{\"@id\":\"https:\/\/protegetucorazon.com\/#\/schema\/logo\/image\/\"}},{\"@type\":\"Person\",\"@id\":\"https:\/\/protegetucorazon.com\/#\/schema\/person\/fe40036747dc22da99d555e763b905a7\",\"name\":\"protege2020\",\"image\":{\"@type\":\"ImageObject\",\"inLanguage\":\"en-US\",\"@id\":\"https:\/\/protegetucorazon.com\/#\/schema\/person\/image\/\",\"url\":\"https:\/\/secure.gravatar.com\/avatar\/bae55470a3bfbad875b95ad324b52db8?s=96&d=mm&r=g\",\"contentUrl\":\"https:\/\/secure.gravatar.com\/avatar\/bae55470a3bfbad875b95ad324b52db8?s=96&d=mm&r=g\",\"caption\":\"protege2020\"},\"sameAs\":[\"https:\/\/protegetucorazon.com\"],\"url\":\"https:\/\/protegetucorazon.com\/en\/author\/protege2020\/\"}]}<\/script>\n<!-- \/ Yoast SEO plugin. -->","yoast_head_json":{"title":"\u00a1Yo elijo vivir un amor verdadero! - Protege tu corazon","robots":{"index":"index","follow":"follow","max-snippet":"max-snippet:-1","max-image-preview":"max-image-preview:large","max-video-preview":"max-video-preview:-1"},"canonical":"https:\/\/protegetucorazon.com\/en\/yo-elijo-vivir-un-amor-verdadero\/","og_locale":"en_US","og_type":"article","og_title":"\u00a1Yo elijo vivir un amor verdadero! - Protege tu corazon","og_description":"Acerca del segundo congreso de afectividad","og_url":"https:\/\/protegetucorazon.com\/en\/yo-elijo-vivir-un-amor-verdadero\/","og_site_name":"Protege tu corazon","article_published_time":"2007-12-05T22:51:17+00:00","og_image":[{"width":256,"height":192,"url":"https:\/\/protegetucorazon.com\/wp-content\/uploads\/2012\/02\/edicong4.jpg","type":"image\/jpeg"}],"author":"protege2020","twitter_card":"summary_large_image","twitter_misc":{"Written by":"protege2020","Est. reading time":"5 minutes"},"schema":{"@context":"https:\/\/schema.org","@graph":[{"@type":"Article","@id":"https:\/\/protegetucorazon.com\/yo-elijo-vivir-un-amor-verdadero\/#article","isPartOf":{"@id":"https:\/\/protegetucorazon.com\/yo-elijo-vivir-un-amor-verdadero\/"},"author":{"name":"protege2020","@id":"https:\/\/protegetucorazon.com\/#\/schema\/person\/fe40036747dc22da99d555e763b905a7"},"headline":"\u00a1Yo elijo vivir un amor verdadero!","datePublished":"2007-12-05T22:51:17+00:00","dateModified":"2007-12-05T22:51:17+00:00","mainEntityOfPage":{"@id":"https:\/\/protegetucorazon.com\/yo-elijo-vivir-un-amor-verdadero\/"},"wordCount":936,"commentCount":0,"publisher":{"@id":"https:\/\/protegetucorazon.com\/#organization"},"image":{"@id":"https:\/\/protegetucorazon.com\/yo-elijo-vivir-un-amor-verdadero\/#primaryimage"},"thumbnailUrl":"https:\/\/protegetucorazon.com\/wp-content\/uploads\/2012\/02\/edicong4.jpg","articleSection":["Noticias"],"inLanguage":"en-US","potentialAction":[{"@type":"CommentAction","name":"Comment","target":["https:\/\/protegetucorazon.com\/yo-elijo-vivir-un-amor-verdadero\/#respond"]}]},{"@type":"WebPage","@id":"https:\/\/protegetucorazon.com\/yo-elijo-vivir-un-amor-verdadero\/","url":"https:\/\/protegetucorazon.com\/yo-elijo-vivir-un-amor-verdadero\/","name":"\u00a1Yo elijo vivir un amor verdadero! - Protege tu corazon","isPartOf":{"@id":"https:\/\/protegetucorazon.com\/#website"},"primaryImageOfPage":{"@id":"https:\/\/protegetucorazon.com\/yo-elijo-vivir-un-amor-verdadero\/#primaryimage"},"image":{"@id":"https:\/\/protegetucorazon.com\/yo-elijo-vivir-un-amor-verdadero\/#primaryimage"},"thumbnailUrl":"https:\/\/protegetucorazon.com\/wp-content\/uploads\/2012\/02\/edicong4.jpg","datePublished":"2007-12-05T22:51:17+00:00","dateModified":"2007-12-05T22:51:17+00:00","breadcrumb":{"@id":"https:\/\/protegetucorazon.com\/yo-elijo-vivir-un-amor-verdadero\/#breadcrumb"},"inLanguage":"en-US","potentialAction":[{"@type":"ReadAction","target":["https:\/\/protegetucorazon.com\/yo-elijo-vivir-un-amor-verdadero\/"]}]},{"@type":"ImageObject","inLanguage":"en-US","@id":"https:\/\/protegetucorazon.com\/yo-elijo-vivir-un-amor-verdadero\/#primaryimage","url":"https:\/\/protegetucorazon.com\/wp-content\/uploads\/2012\/02\/edicong4.jpg","contentUrl":"https:\/\/protegetucorazon.com\/wp-content\/uploads\/2012\/02\/edicong4.jpg","width":256,"height":192},{"@type":"BreadcrumbList","@id":"https:\/\/protegetucorazon.com\/yo-elijo-vivir-un-amor-verdadero\/#breadcrumb","itemListElement":[{"@type":"ListItem","position":1,"name":"Portada","item":"https:\/\/protegetucorazon.com\/"},{"@type":"ListItem","position":2,"name":"\u00a1Yo elijo vivir un amor verdadero!"}]},{"@type":"WebSite","@id":"https:\/\/protegetucorazon.com\/#website","url":"https:\/\/protegetucorazon.com\/","name":"Protege tu corazon","description":"Programa de educaci\u00f3n de la sexualidad basado en la formaci\u00f3n del car\u00e1cter","publisher":{"@id":"https:\/\/protegetucorazon.com\/#organization"},"potentialAction":[{"@type":"SearchAction","target":{"@type":"EntryPoint","urlTemplate":"https:\/\/protegetucorazon.com\/?s={search_term_string}"},"query-input":"required name=search_term_string"}],"inLanguage":"en-US"},{"@type":"Organization","@id":"https:\/\/protegetucorazon.com\/#organization","name":"Protege tu corazon","url":"https:\/\/protegetucorazon.com\/","logo":{"@type":"ImageObject","inLanguage":"en-US","@id":"https:\/\/protegetucorazon.com\/#\/schema\/logo\/image\/","url":"https:\/\/protegetucorazon.com\/wp-content\/uploads\/2020\/06\/protege-tu-corazon-color.png","contentUrl":"https:\/\/protegetucorazon.com\/wp-content\/uploads\/2020\/06\/protege-tu-corazon-color.png","width":256,"height":90,"caption":"Protege tu corazon"},"image":{"@id":"https:\/\/protegetucorazon.com\/#\/schema\/logo\/image\/"}},{"@type":"Person","@id":"https:\/\/protegetucorazon.com\/#\/schema\/person\/fe40036747dc22da99d555e763b905a7","name":"protege2020","image":{"@type":"ImageObject","inLanguage":"en-US","@id":"https:\/\/protegetucorazon.com\/#\/schema\/person\/image\/","url":"https:\/\/secure.gravatar.com\/avatar\/bae55470a3bfbad875b95ad324b52db8?s=96&d=mm&r=g","contentUrl":"https:\/\/secure.gravatar.com\/avatar\/bae55470a3bfbad875b95ad324b52db8?s=96&d=mm&r=g","caption":"protege2020"},"sameAs":["https:\/\/protegetucorazon.com"],"url":"https:\/\/protegetucorazon.com\/en\/author\/protege2020\/"}]}},"_links":{"self":[{"href":"https:\/\/protegetucorazon.com\/en\/wp-json\/wp\/v2\/posts\/7124"}],"collection":[{"href":"https:\/\/protegetucorazon.com\/en\/wp-json\/wp\/v2\/posts"}],"about":[{"href":"https:\/\/protegetucorazon.com\/en\/wp-json\/wp\/v2\/types\/post"}],"author":[{"embeddable":true,"href":"https:\/\/protegetucorazon.com\/en\/wp-json\/wp\/v2\/users\/1"}],"replies":[{"embeddable":true,"href":"https:\/\/protegetucorazon.com\/en\/wp-json\/wp\/v2\/comments?post=7124"}],"version-history":[{"count":0,"href":"https:\/\/protegetucorazon.com\/en\/wp-json\/wp\/v2\/posts\/7124\/revisions"}],"wp:featuredmedia":[{"embeddable":true,"href":"https:\/\/protegetucorazon.com\/en\/wp-json\/wp\/v2\/media\/2250"}],"wp:attachment":[{"href":"https:\/\/protegetucorazon.com\/en\/wp-json\/wp\/v2\/media?parent=7124"}],"wp:term":[{"taxonomy":"category","embeddable":true,"href":"https:\/\/protegetucorazon.com\/en\/wp-json\/wp\/v2\/categories?post=7124"},{"taxonomy":"post_tag","embeddable":true,"href":"https:\/\/protegetucorazon.com\/en\/wp-json\/wp\/v2\/tags?post=7124"}],"curies":[{"name":"wp","href":"https:\/\/api.w.org\/{rel}","templated":true}]}}