      
            
            
            
      {"id":7356,"date":"2014-07-03T21:03:39","date_gmt":"2014-07-04T03:03:39","guid":{"rendered":"http:\/\/www.protegetucorazon.com\/?p=7356"},"modified":"2014-07-03T21:03:39","modified_gmt":"2014-07-04T03:03:39","slug":"ptc-en-volcan-departamento-detumbaya-jujuy","status":"publish","type":"post","link":"https:\/\/protegetucorazon.com\/en\/ptc-en-volcan-departamento-detumbaya-jujuy\/","title":{"rendered":"PTC en Volc\u00e1n, peque\u00f1a localidad de Juyuy"},"content":{"rendered":"<p><a ref=\"magnificPopup\" href=\"https:\/\/protegetucorazon.com\/wp-content\/uploads\/2014\/07\/Localidad-de-Volc\u00e1n.jpg\"><img loading=\"lazy\" decoding=\"async\" src=\"https:\/\/protegetucorazon.com\/wp-content\/uploads\/2014\/07\/Localidad-de-Volc\u00e1n-150x150.jpg\" alt=\"OLYMPUS DIGITAL CAMERA\" width=\"150\" height=\"150\" class=\"alignleft size-thumbnail wp-image-7359\" srcset=\"https:\/\/protegetucorazon.com\/wp-content\/uploads\/2014\/07\/Localidad-de-Volc\u00e1n-150x150.jpg 150w, https:\/\/protegetucorazon.com\/wp-content\/uploads\/2014\/07\/Localidad-de-Volc\u00e1n-300x300.jpg 300w\" sizes=\"(max-width: 150px) 100vw, 150px\" \/><\/a>Por Nanci Gali\u00e1n<\/p>\n<p>La Catequesis familiar y los j\u00f3venes de la Parroquia  Nuestra Sra. de Los Dolores, convocaron al equipo de Protege Tu Coraz\u00f3n a trabajar con la comunidad de Tumbaya. Muchos de ellos conocieron PTC a trav\u00e9s de su participaci\u00f3n en los talleres desarrollados para la Pastoral Juvenil de la Di\u00f3cesis de Jujuy.<br \/>\nLa convocatoria fue para el s\u00e1bado 14 de junio en la localidad de Volc\u00e1n.<br \/>\nSalimos desde San Salvador de Jujuy con rumbo al norte por la ruta Nacional Nro. 9 y despu\u00e9s recorrimos cerca de 40 Km arribamos a la localidad de El Volc\u00e1n, peque\u00f1o poblado que a menudo sufre el conocido fen\u00f3meno de los \u201ctorrentes o volcanes de barro\u201d. De ah\u00ed el nombre de VOLC\u00c1N.<br \/>\nAll\u00ed nos encontramos con padres de Volc\u00e1n y de comunidades aleda\u00f1as, entre ellas: Purmamarca, Puerta de Lip\u00e1n, Tunalito, Tumbaya,  B\u00e1rcena, Le\u00f3n, Tiraxi y Tesorero. Asistieron unas 120 personas.<br \/>\nCabe destacar, que los padres de Tesorero y de Tiraxi viajaron desde la v\u00edspera. \u00bfC\u00f3mo se organizaron? Solicitaron la camioneta a un vecino de la comunidad y de a diez vinieron bien abrigaditos, sin c\u00fapula ni carpa. Estos caminos son inaccesibles y no existe un transporte urbano que llegu\u00e9 a estos destinos de muy bajas temperaturas en esta temporada.<br \/>\nEn esta primera oportunidad, desarrollamos el m\u00f3dulo \u201cConoces a tu hijo\u201d. Luego les propusimos hacer peque\u00f1os grupos para analizar situaciones que los ni\u00f1os y j\u00f3venes del lugar est\u00e9n viviendo, entre las cuales surgieron:<br \/>\n-El inicio a temprana edad (11 a\u00f1os) de bebidas alcoh\u00f3licas<br \/>\n-El suicidio de ni\u00f1os a partir de los 11 a\u00f1os<br \/>\n-La violaci\u00f3n de un menor<br \/>\n-La trata de personas<br \/>\n-El embarazo adolescente desde los 13 a\u00f1os<br \/>\nFue movilizador e interesante el di\u00e1logo que se gener\u00f3 y la escucha entre los participantes para observar a cada ni\u00f1o o joven en sus cinco dimensiones y proponer soluciones desde su seno familiar y como comunidad. Cabe aclarar que muchos de ellos no sab\u00edan leer ni escribir, por lo cual se solicit\u00f3 a los catequistas que fueron los secretarios en cada grupo.<br \/>\n\u00bfQu\u00e9 aprendimos como padres?<br \/>\n-Aprendimos a conocernos a trav\u00e9s de las cinco dimensiones a nosotros mismos y a las dem\u00e1s personas como hijos, esposos y familia. Tambi\u00e9n que nos tenemos que valorar, compartir y dialogar<br \/>\n-Aprendimos  a valorar a nuestros hijos, la vida y el amor\u201d<br \/>\n-\u201cPodemos formar una sociedad m\u00e1s sana y un mundo mejor\u201d<br \/>\n-\u201cSomos \u00fanicos y especiales, debemos hacer brillar nuestra estrella\u201d<br \/>\n-\u201cLa importancia de trabajar la dimensi\u00f3n trascendente en nuestra vida\u201d<br \/>\n\u201cEscuchar a nuestros hijos\u201d<br \/>\n\u201cConocernos, valorarnos, compartir y ayudar, valorando a los dem\u00e1s\u201d<br \/>\nSugerencia: \u201cQueremos que estos encuentros sean constantes para poder mejorar nuestros conocimientos y as\u00ed poder conocer los problemas de las dem\u00e1s comunidades\u201d \u201cQueremos que se sigan realizando estas formaciones\u201d.<\/p>\n<p>Han pasado d\u00edas del encuentro, y estas fueron algunas repercusiones, seg\u00fan Elvira Cruz, una referente del lugar:<br \/>\n-La gente de Tiraxi qued\u00f3 muy contenta y quiere volver<br \/>\n-Una joven que vive camino a la Puna, se comprometi\u00f3 a traer m\u00e1s personas, porque esto le ayud\u00f3 mucho a c\u00f3mo tratar a los dem\u00e1s<br \/>\n-Los pap\u00e1s de Purmamarca a pesar que primero expresaban  que ten\u00edan que ir por obligaci\u00f3n del sacerdote, luego terminaron solicitando m\u00e1s temas.<br \/>\n-Una mam\u00e1 expres\u00f3 \u201cTen\u00edamos que venir para recuperar la asistencia de Catequesis pero si recuperar significa participar de estas charlas, pues vengo todo el a\u00f1o a recuperar asistencia\u201d<br \/>\n-Qu\u00e9 lindo lo que hace el Padre.<br \/>\n-Queremos m\u00e1s temas, como adicciones, violencia, trabajar con nuestros hijos y j\u00f3venes.<\/p>\n<p>Pero, no todo termina aqu\u00ed, comentamos esta experiencia a j\u00f3venes que reciben Protege tu Coraz\u00f3n en instituciones educativas y cursan el \u00faltimo a\u00f1o de secundaria (17 a\u00f1os) como el colegio Nueva Siembra de San Salvador de Jujuy y el Colegio Nuestra Sra. de Las Mercedes en Monterrico y algunos se ofrecieron como voluntarios para acompa\u00f1arnos en el pr\u00f3ximo taller que se dictar\u00e1 el s\u00e1bado 5 de julio, y en el cual hablaremos de la violencia.<br \/>\nVa tambi\u00e9n nuestro agradecimiento al Padre Marcelo Churquina, por darnos la oportunidad de colaborar con nuestro granito de arena en su comunidad.<\/p>","protected":false},"excerpt":{"rendered":"<p>PTC ha estado recientemente en la peque\u00f1a localidad de Jujuy con un numeroso grupo de padres que vinieron desde diferentes lugares recorriendo largas distancias. El programa se desarroll\u00f3 con \u00e9xito y gracias al entusiasmo que ha despertado se continuar\u00e1 con nuevos temas. Nancy Gali\u00e1n instructora del programa y coordinadora nos cuenta la bonita experiencia en este testimonio.<\/p>","protected":false},"author":1,"featured_media":7361,"comment_status":"open","ping_status":"open","sticky":true,"template":"","format":"standard","meta":{"_bbp_topic_count":0,"_bbp_reply_count":0,"_bbp_total_topic_count":0,"_bbp_total_reply_count":0,"_bbp_voice_count":0,"_bbp_anonymous_reply_count":0,"_bbp_topic_count_hidden":0,"_bbp_reply_count_hidden":0,"_bbp_forum_subforum_count":0,"footnotes":""},"categories":[53,68],"tags":[343,344,345,251,346,335],"yoast_head":"<!-- This site is optimized with the Yoast SEO plugin v23.0 - https:\/\/yoast.com\/wordpress\/plugins\/seo\/ -->\n<title>PTC en Volc\u00e1n, peque\u00f1a localidad de Juyuy - Protege tu corazon<\/title>\n<meta name=\"robots\" content=\"index, follow, max-snippet:-1, max-image-preview:large, max-video-preview:-1\" \/>\n<link rel=\"canonical\" href=\"https:\/\/protegetucorazon.com\/en\/ptc-en-volcan-departamento-detumbaya-jujuy\/\" \/>\n<meta property=\"og:locale\" content=\"en_US\" \/>\n<meta property=\"og:type\" content=\"article\" \/>\n<meta property=\"og:title\" content=\"PTC en Volc\u00e1n, peque\u00f1a localidad de Juyuy - Protege tu corazon\" \/>\n<meta property=\"og:description\" content=\"PTC ha estado recientemente en la peque\u00f1a localidad de Jujuy con un numeroso grupo de padres que vinieron desde diferentes lugares recorriendo largas distancias. El programa se desarroll\u00f3 con \u00e9xito y gracias al entusiasmo que ha despertado se continuar\u00e1 con nuevos temas. Nancy Gali\u00e1n instructora del programa y coordinadora nos cuenta la bonita experiencia en este testimonio.\" \/>\n<meta property=\"og:url\" content=\"https:\/\/protegetucorazon.com\/en\/ptc-en-volcan-departamento-detumbaya-jujuy\/\" \/>\n<meta property=\"og:site_name\" content=\"Protege tu corazon\" \/>\n<meta property=\"article:published_time\" content=\"2014-07-04T03:03:39+00:00\" \/>\n<meta property=\"og:image\" content=\"https:\/\/protegetucorazon.com\/wp-content\/uploads\/2014\/07\/Mapa.jpg\" \/>\n\t<meta property=\"og:image:width\" content=\"608\" \/>\n\t<meta property=\"og:image:height\" content=\"438\" \/>\n\t<meta property=\"og:image:type\" content=\"image\/jpeg\" \/>\n<meta name=\"author\" content=\"protege2020\" \/>\n<meta name=\"twitter:card\" content=\"summary_large_image\" \/>\n<meta name=\"twitter:label1\" content=\"Written by\" \/>\n\t<meta name=\"twitter:data1\" content=\"protege2020\" \/>\n\t<meta name=\"twitter:label2\" content=\"Est. reading time\" \/>\n\t<meta name=\"twitter:data2\" content=\"4 minutes\" \/>\n<script type=\"application\/ld+json\" class=\"yoast-schema-graph\">{\"@context\":\"https:\/\/schema.org\",\"@graph\":[{\"@type\":\"Article\",\"@id\":\"https:\/\/protegetucorazon.com\/en\/ptc-en-volcan-departamento-detumbaya-jujuy\/#article\",\"isPartOf\":{\"@id\":\"https:\/\/protegetucorazon.com\/en\/ptc-en-volcan-departamento-detumbaya-jujuy\/\"},\"author\":{\"name\":\"protege2020\",\"@id\":\"https:\/\/protegetucorazon.com\/#\/schema\/person\/fe40036747dc22da99d555e763b905a7\"},\"headline\":\"PTC en Volc\u00e1n, peque\u00f1a localidad de Juyuy\",\"datePublished\":\"2014-07-04T03:03:39+00:00\",\"dateModified\":\"2014-07-04T03:03:39+00:00\",\"mainEntityOfPage\":{\"@id\":\"https:\/\/protegetucorazon.com\/en\/ptc-en-volcan-departamento-detumbaya-jujuy\/\"},\"wordCount\":739,\"commentCount\":4,\"publisher\":{\"@id\":\"https:\/\/protegetucorazon.com\/#organization\"},\"image\":{\"@id\":\"https:\/\/protegetucorazon.com\/en\/ptc-en-volcan-departamento-detumbaya-jujuy\/#primaryimage\"},\"thumbnailUrl\":\"https:\/\/protegetucorazon.com\/wp-content\/uploads\/2014\/07\/Mapa.jpg\",\"keywords\":[\"Argentina\",\"conoces a tu hijo\",\"El Volc\u00e1n\",\"Jujuy\",\"talleres de padres\",\"violencia\"],\"articleSection\":[\"Noticias\",\"Testimonios del Programa\"],\"inLanguage\":\"en-US\",\"potentialAction\":[{\"@type\":\"CommentAction\",\"name\":\"Comment\",\"target\":[\"https:\/\/protegetucorazon.com\/en\/ptc-en-volcan-departamento-detumbaya-jujuy\/#respond\"]}]},{\"@type\":\"WebPage\",\"@id\":\"https:\/\/protegetucorazon.com\/en\/ptc-en-volcan-departamento-detumbaya-jujuy\/\",\"url\":\"https:\/\/protegetucorazon.com\/en\/ptc-en-volcan-departamento-detumbaya-jujuy\/\",\"name\":\"PTC en Volc\u00e1n, peque\u00f1a localidad de Juyuy - Protege tu corazon\",\"isPartOf\":{\"@id\":\"https:\/\/protegetucorazon.com\/#website\"},\"primaryImageOfPage\":{\"@id\":\"https:\/\/protegetucorazon.com\/en\/ptc-en-volcan-departamento-detumbaya-jujuy\/#primaryimage\"},\"image\":{\"@id\":\"https:\/\/protegetucorazon.com\/en\/ptc-en-volcan-departamento-detumbaya-jujuy\/#primaryimage\"},\"thumbnailUrl\":\"https:\/\/protegetucorazon.com\/wp-content\/uploads\/2014\/07\/Mapa.jpg\",\"datePublished\":\"2014-07-04T03:03:39+00:00\",\"dateModified\":\"2014-07-04T03:03:39+00:00\",\"breadcrumb\":{\"@id\":\"https:\/\/protegetucorazon.com\/en\/ptc-en-volcan-departamento-detumbaya-jujuy\/#breadcrumb\"},\"inLanguage\":\"en-US\",\"potentialAction\":[{\"@type\":\"ReadAction\",\"target\":[\"https:\/\/protegetucorazon.com\/en\/ptc-en-volcan-departamento-detumbaya-jujuy\/\"]}]},{\"@type\":\"ImageObject\",\"inLanguage\":\"en-US\",\"@id\":\"https:\/\/protegetucorazon.com\/en\/ptc-en-volcan-departamento-detumbaya-jujuy\/#primaryimage\",\"url\":\"https:\/\/protegetucorazon.com\/wp-content\/uploads\/2014\/07\/Mapa.jpg\",\"contentUrl\":\"https:\/\/protegetucorazon.com\/wp-content\/uploads\/2014\/07\/Mapa.jpg\",\"width\":608,\"height\":438},{\"@type\":\"BreadcrumbList\",\"@id\":\"https:\/\/protegetucorazon.com\/en\/ptc-en-volcan-departamento-detumbaya-jujuy\/#breadcrumb\",\"itemListElement\":[{\"@type\":\"ListItem\",\"position\":1,\"name\":\"Portada\",\"item\":\"https:\/\/protegetucorazon.com\/\"},{\"@type\":\"ListItem\",\"position\":2,\"name\":\"PTC en Volc\u00e1n, peque\u00f1a localidad de Juyuy\"}]},{\"@type\":\"WebSite\",\"@id\":\"https:\/\/protegetucorazon.com\/#website\",\"url\":\"https:\/\/protegetucorazon.com\/\",\"name\":\"Protege tu corazon\",\"description\":\"Programa de educaci\u00f3n de la sexualidad basado en la formaci\u00f3n del car\u00e1cter\",\"publisher\":{\"@id\":\"https:\/\/protegetucorazon.com\/#organization\"},\"potentialAction\":[{\"@type\":\"SearchAction\",\"target\":{\"@type\":\"EntryPoint\",\"urlTemplate\":\"https:\/\/protegetucorazon.com\/?s={search_term_string}\"},\"query-input\":\"required name=search_term_string\"}],\"inLanguage\":\"en-US\"},{\"@type\":\"Organization\",\"@id\":\"https:\/\/protegetucorazon.com\/#organization\",\"name\":\"Protege tu corazon\",\"url\":\"https:\/\/protegetucorazon.com\/\",\"logo\":{\"@type\":\"ImageObject\",\"inLanguage\":\"en-US\",\"@id\":\"https:\/\/protegetucorazon.com\/#\/schema\/logo\/image\/\",\"url\":\"https:\/\/protegetucorazon.com\/wp-content\/uploads\/2020\/06\/protege-tu-corazon-color.png\",\"contentUrl\":\"https:\/\/protegetucorazon.com\/wp-content\/uploads\/2020\/06\/protege-tu-corazon-color.png\",\"width\":256,\"height\":90,\"caption\":\"Protege tu corazon\"},\"image\":{\"@id\":\"https:\/\/protegetucorazon.com\/#\/schema\/logo\/image\/\"}},{\"@type\":\"Person\",\"@id\":\"https:\/\/protegetucorazon.com\/#\/schema\/person\/fe40036747dc22da99d555e763b905a7\",\"name\":\"protege2020\",\"image\":{\"@type\":\"ImageObject\",\"inLanguage\":\"en-US\",\"@id\":\"https:\/\/protegetucorazon.com\/#\/schema\/person\/image\/\",\"url\":\"https:\/\/secure.gravatar.com\/avatar\/bae55470a3bfbad875b95ad324b52db8?s=96&d=mm&r=g\",\"contentUrl\":\"https:\/\/secure.gravatar.com\/avatar\/bae55470a3bfbad875b95ad324b52db8?s=96&d=mm&r=g\",\"caption\":\"protege2020\"},\"sameAs\":[\"https:\/\/protegetucorazon.com\"],\"url\":\"https:\/\/protegetucorazon.com\/en\/author\/protege2020\/\"}]}<\/script>\n<!-- \/ Yoast SEO plugin. -->","yoast_head_json":{"title":"PTC en Volc\u00e1n, peque\u00f1a localidad de Juyuy - Protege tu corazon","robots":{"index":"index","follow":"follow","max-snippet":"max-snippet:-1","max-image-preview":"max-image-preview:large","max-video-preview":"max-video-preview:-1"},"canonical":"https:\/\/protegetucorazon.com\/en\/ptc-en-volcan-departamento-detumbaya-jujuy\/","og_locale":"en_US","og_type":"article","og_title":"PTC en Volc\u00e1n, peque\u00f1a localidad de Juyuy - Protege tu corazon","og_description":"PTC ha estado recientemente en la peque\u00f1a localidad de Jujuy con un numeroso grupo de padres que vinieron desde diferentes lugares recorriendo largas distancias. El programa se desarroll\u00f3 con \u00e9xito y gracias al entusiasmo que ha despertado se continuar\u00e1 con nuevos temas. Nancy Gali\u00e1n instructora del programa y coordinadora nos cuenta la bonita experiencia en este testimonio.","og_url":"https:\/\/protegetucorazon.com\/en\/ptc-en-volcan-departamento-detumbaya-jujuy\/","og_site_name":"Protege tu corazon","article_published_time":"2014-07-04T03:03:39+00:00","og_image":[{"width":608,"height":438,"url":"https:\/\/protegetucorazon.com\/wp-content\/uploads\/2014\/07\/Mapa.jpg","type":"image\/jpeg"}],"author":"protege2020","twitter_card":"summary_large_image","twitter_misc":{"Written by":"protege2020","Est. reading time":"4 minutes"},"schema":{"@context":"https:\/\/schema.org","@graph":[{"@type":"Article","@id":"https:\/\/protegetucorazon.com\/en\/ptc-en-volcan-departamento-detumbaya-jujuy\/#article","isPartOf":{"@id":"https:\/\/protegetucorazon.com\/en\/ptc-en-volcan-departamento-detumbaya-jujuy\/"},"author":{"name":"protege2020","@id":"https:\/\/protegetucorazon.com\/#\/schema\/person\/fe40036747dc22da99d555e763b905a7"},"headline":"PTC en Volc\u00e1n, peque\u00f1a localidad de Juyuy","datePublished":"2014-07-04T03:03:39+00:00","dateModified":"2014-07-04T03:03:39+00:00","mainEntityOfPage":{"@id":"https:\/\/protegetucorazon.com\/en\/ptc-en-volcan-departamento-detumbaya-jujuy\/"},"wordCount":739,"commentCount":4,"publisher":{"@id":"https:\/\/protegetucorazon.com\/#organization"},"image":{"@id":"https:\/\/protegetucorazon.com\/en\/ptc-en-volcan-departamento-detumbaya-jujuy\/#primaryimage"},"thumbnailUrl":"https:\/\/protegetucorazon.com\/wp-content\/uploads\/2014\/07\/Mapa.jpg","keywords":["Argentina","conoces a tu hijo","El Volc\u00e1n","Jujuy","talleres de padres","violencia"],"articleSection":["Noticias","Testimonios del Programa"],"inLanguage":"en-US","potentialAction":[{"@type":"CommentAction","name":"Comment","target":["https:\/\/protegetucorazon.com\/en\/ptc-en-volcan-departamento-detumbaya-jujuy\/#respond"]}]},{"@type":"WebPage","@id":"https:\/\/protegetucorazon.com\/en\/ptc-en-volcan-departamento-detumbaya-jujuy\/","url":"https:\/\/protegetucorazon.com\/en\/ptc-en-volcan-departamento-detumbaya-jujuy\/","name":"PTC en Volc\u00e1n, peque\u00f1a localidad de Juyuy - Protege tu corazon","isPartOf":{"@id":"https:\/\/protegetucorazon.com\/#website"},"primaryImageOfPage":{"@id":"https:\/\/protegetucorazon.com\/en\/ptc-en-volcan-departamento-detumbaya-jujuy\/#primaryimage"},"image":{"@id":"https:\/\/protegetucorazon.com\/en\/ptc-en-volcan-departamento-detumbaya-jujuy\/#primaryimage"},"thumbnailUrl":"https:\/\/protegetucorazon.com\/wp-content\/uploads\/2014\/07\/Mapa.jpg","datePublished":"2014-07-04T03:03:39+00:00","dateModified":"2014-07-04T03:03:39+00:00","breadcrumb":{"@id":"https:\/\/protegetucorazon.com\/en\/ptc-en-volcan-departamento-detumbaya-jujuy\/#breadcrumb"},"inLanguage":"en-US","potentialAction":[{"@type":"ReadAction","target":["https:\/\/protegetucorazon.com\/en\/ptc-en-volcan-departamento-detumbaya-jujuy\/"]}]},{"@type":"ImageObject","inLanguage":"en-US","@id":"https:\/\/protegetucorazon.com\/en\/ptc-en-volcan-departamento-detumbaya-jujuy\/#primaryimage","url":"https:\/\/protegetucorazon.com\/wp-content\/uploads\/2014\/07\/Mapa.jpg","contentUrl":"https:\/\/protegetucorazon.com\/wp-content\/uploads\/2014\/07\/Mapa.jpg","width":608,"height":438},{"@type":"BreadcrumbList","@id":"https:\/\/protegetucorazon.com\/en\/ptc-en-volcan-departamento-detumbaya-jujuy\/#breadcrumb","itemListElement":[{"@type":"ListItem","position":1,"name":"Portada","item":"https:\/\/protegetucorazon.com\/"},{"@type":"ListItem","position":2,"name":"PTC en Volc\u00e1n, peque\u00f1a localidad de Juyuy"}]},{"@type":"WebSite","@id":"https:\/\/protegetucorazon.com\/#website","url":"https:\/\/protegetucorazon.com\/","name":"Protege tu corazon","description":"Programa de educaci\u00f3n de la sexualidad basado en la formaci\u00f3n del car\u00e1cter","publisher":{"@id":"https:\/\/protegetucorazon.com\/#organization"},"potentialAction":[{"@type":"SearchAction","target":{"@type":"EntryPoint","urlTemplate":"https:\/\/protegetucorazon.com\/?s={search_term_string}"},"query-input":"required name=search_term_string"}],"inLanguage":"en-US"},{"@type":"Organization","@id":"https:\/\/protegetucorazon.com\/#organization","name":"Protege tu corazon","url":"https:\/\/protegetucorazon.com\/","logo":{"@type":"ImageObject","inLanguage":"en-US","@id":"https:\/\/protegetucorazon.com\/#\/schema\/logo\/image\/","url":"https:\/\/protegetucorazon.com\/wp-content\/uploads\/2020\/06\/protege-tu-corazon-color.png","contentUrl":"https:\/\/protegetucorazon.com\/wp-content\/uploads\/2020\/06\/protege-tu-corazon-color.png","width":256,"height":90,"caption":"Protege tu corazon"},"image":{"@id":"https:\/\/protegetucorazon.com\/#\/schema\/logo\/image\/"}},{"@type":"Person","@id":"https:\/\/protegetucorazon.com\/#\/schema\/person\/fe40036747dc22da99d555e763b905a7","name":"protege2020","image":{"@type":"ImageObject","inLanguage":"en-US","@id":"https:\/\/protegetucorazon.com\/#\/schema\/person\/image\/","url":"https:\/\/secure.gravatar.com\/avatar\/bae55470a3bfbad875b95ad324b52db8?s=96&d=mm&r=g","contentUrl":"https:\/\/secure.gravatar.com\/avatar\/bae55470a3bfbad875b95ad324b52db8?s=96&d=mm&r=g","caption":"protege2020"},"sameAs":["https:\/\/protegetucorazon.com"],"url":"https:\/\/protegetucorazon.com\/en\/author\/protege2020\/"}]}},"_links":{"self":[{"href":"https:\/\/protegetucorazon.com\/en\/wp-json\/wp\/v2\/posts\/7356"}],"collection":[{"href":"https:\/\/protegetucorazon.com\/en\/wp-json\/wp\/v2\/posts"}],"about":[{"href":"https:\/\/protegetucorazon.com\/en\/wp-json\/wp\/v2\/types\/post"}],"author":[{"embeddable":true,"href":"https:\/\/protegetucorazon.com\/en\/wp-json\/wp\/v2\/users\/1"}],"replies":[{"embeddable":true,"href":"https:\/\/protegetucorazon.com\/en\/wp-json\/wp\/v2\/comments?post=7356"}],"version-history":[{"count":0,"href":"https:\/\/protegetucorazon.com\/en\/wp-json\/wp\/v2\/posts\/7356\/revisions"}],"wp:featuredmedia":[{"embeddable":true,"href":"https:\/\/protegetucorazon.com\/en\/wp-json\/wp\/v2\/media\/7361"}],"wp:attachment":[{"href":"https:\/\/protegetucorazon.com\/en\/wp-json\/wp\/v2\/media?parent=7356"}],"wp:term":[{"taxonomy":"category","embeddable":true,"href":"https:\/\/protegetucorazon.com\/en\/wp-json\/wp\/v2\/categories?post=7356"},{"taxonomy":"post_tag","embeddable":true,"href":"https:\/\/protegetucorazon.com\/en\/wp-json\/wp\/v2\/tags?post=7356"}],"curies":[{"name":"wp","href":"https:\/\/api.w.org\/{rel}","templated":true}]}}