      
            
            
            
      {"id":7383,"date":"2014-09-12T17:53:58","date_gmt":"2014-09-12T23:53:58","guid":{"rendered":"http:\/\/www.protegetucorazon.com\/?p=7383"},"modified":"2014-09-12T17:53:58","modified_gmt":"2014-09-12T23:53:58","slug":"amordemivida-ahi-te-va-mi-segunda-carta","status":"publish","type":"post","link":"https:\/\/protegetucorazon.com\/en\/amordemivida-ahi-te-va-mi-segunda-carta\/","title":{"rendered":"TENGO MIEDO DE NO ENCONTRARTE  2da CARTA AL #AMORDEMIVIDA"},"content":{"rendered":"<p><a ref=\"magnificPopup\" href=\"https:\/\/protegetucorazon.com\/wp-content\/uploads\/2014\/09\/Joven-sentada-pensando.jpg\"><img loading=\"lazy\" decoding=\"async\" src=\"https:\/\/protegetucorazon.com\/wp-content\/uploads\/2014\/09\/Joven-sentada-pensando-150x1501-1.jpg\" alt=\"Joven sentada pensando\" width=\"150\" height=\"150\" class=\"alignleft size-thumbnail wp-image-7384\" \/><\/a>Por Mar\u00eda Isabel Giraldo<br \/>\nHola, soy yo otra vez\u2026 desde la \u00faltima carta que te escrib\u00ed han pasado muchas cosas y te he pensado mucho. Cuando hablo de ti con tanta certeza y claridad, a veces me miran raro y aunque s\u00e9 que es apenas normal, me da por pensar si en verdad estoy tan loca\u2026  Tal vez. A mis 19 a\u00f1os en lugar de \u201cdisfrutar de la vida\u201d como tanto me lo aconseja la sociedad, me dedico a pensar en ti, en el amor de mi vida. A veces, en las noches cuando me cuesta dormir, me entra un miedo irracional. Un miedo a perderte antes de tenerte. A nunca encontrarte o a confundirme con otros sentimientos que podr\u00edan parecerse a esto que siento por ti. No quiero seguir la corriente, temo que esa corriente me aleje de ti. Pero no distingo qu\u00e9 cosas, qu\u00e9 personas  pueden acercarme a ti y a verte con mayor nitidez. Situaciones y presiones que recibo todo el tiempo me llevan a pensar a veces que no puedo esperarte y disfrutar el hoy, al mismo tiempo.<br \/>\nHe notado que la gente comparte estos miedos. Todos tememos a la soledad y a la peque\u00f1ez de la vida, a que llegamos a este mundo y nos vamos, a que esto que llamamos existir puede ser ef\u00edmero y pasajero. Nos da miedo que si esperamos demasiado al bien mayor, podamos morir esperando, solos. Algunos incluso ya creen que no existe tal cosa, que nadie est\u00e1 hecho para nadie, que la vida es un vaiv\u00e9n de afectos, relaciones, sentimientos que pueden duran veinte a\u00f1os, diez, tres meses o una noche. Creen que es mejor as\u00ed. Que es m\u00e1s f\u00e1cil aceptar esta soluci\u00f3n a \u201ctorturarse\u201d pensando en serle fiel a alguien que puede que ni exista. Y, s\u00ed, te confieso que a veces tambi\u00e9n lo pienso. La salida f\u00e1cil. El olvido de todo. El \u201cyou only live once\u201d. Dejar de resistirme, soltar las riendas, preocuparme por el hoy que ya el ma\u00f1ana llegar\u00e1. \u00bfQu\u00e9 m\u00e1s da? Me asusta ser yo la equivocada. Me asusta perderme aquello con lo que el resto parece tan contento. Sin embargo, agradezco que lo que m\u00e1s me asuste sea no encontrarte. Eso me ayuda a no soltar el sue\u00f1o de ti, entonces me doy cuenta que no estoy tan sola y que a diferencia de esas personas que sienten lo mismo que yo, te tengo, s\u00e9 c\u00f3mo eres, qu\u00e9 amas, qu\u00e9 est\u00e1s haciendo ahora, s\u00e9 qu\u00e9 es lo que hay en tu coraz\u00f3n, porque s\u00e9 que es lo que guardo en el m\u00edo para ti.<br \/>\nAlgunos me dicen: \u00bfy si no funciona? Dicen que te conocer\u00e9 y me enamorar\u00e9 como nunca antes porque sabr\u00e9 que eres t\u00fa. Pero que luego llegar\u00e1n las dificultades, el trabajo, la aburrici\u00f3n, los a\u00f1os. Saldr\u00e1n a relucir nuestros defectos. \u00bfY si me descubres? \u00bfY si no te gusta lo que encuentras debajo de mi sonrisa y mi juventud? Tiemblo al pensar que tal vez \u201cse nos acabe el amor\u201d y quedemos los dos lejos otra vez despu\u00e9s de habernos buscado, encontrado y amado\u2026 heridos, sin las energ\u00edas que hoy tenemos, agotadas las ganas tan grandes que ten\u00edamos de amar. \u00bfPara ti tambi\u00e9n es dif\u00edcil? Me gustar\u00eda poder animarte en esos momentos de desasosiego y encontrar yo tambi\u00e9n consuelo en ti. Me gustar\u00eda o\u00edrte susurrar \u201cNo tengas miedo, aqu\u00ed estoy. Ten paciencia. No le temas al futuro y mucho menos al presente\u201d. Eso te dir\u00eda yo. Porque no quiero que este camino hacia el otro sea pedregoso y agotador. No tendr\u00edamos historias para contar ni an\u00e9cdotas para re\u00edrnos juntos. T\u00fa y yo\u2026 ambos estamos haciendo ese camino y debe ser con alegr\u00eda, disfrutando cada segundo de vida sin perdernos de vista, teniendo clara nuestra idea fuerza, esa meta de la que te habl\u00e9 en mi \u00faltima carta. \u00bfY todos los miedos, las preguntas, las dudas? Acept\u00e9moslos. Llegar\u00edan de todas maneras, pues son parte de la vida y de sentirse vulnerable cuando se ama tanto. Son normales, nunca se ir\u00e1n, ni siquiera cuando nos encontremos, ni siquiera en nuestro \u201chasta que la muerte nos separe\u201d. Aprendamos a vivir con ellas, que se vuelvan nuestras compa\u00f1eras. Nos aseguran que no estamos caminando ciegos sino que vemos. Vemos, o\u00edmos y nos preguntamos, sentimos y nos asustamos. Esa es la vida. No estamos metidos en una burbuja, en una ilusi\u00f3n o una utop\u00eda sino que palpamos una realidad que a pesar de no ser perfecta, es m\u00e1gica. Y, \u00bfqu\u00e9 mayor logro, cu\u00e1l mayor felicidad que triunfar y disfrutar la lucha? Hay quienes al hablarles de ti o al mostrarles tus cartas, me miran como: \u201cL\u00e1stima, se va a quedar esperando\u201d, o \u201cAl final terminar\u00e1 cans\u00e1ndose de esperar y se conformar\u00e1 con cualquiera\u201d\u2026 Ellos tienen esos mismos temores, pero yo he decidido vivir de una manera que haga posible el encontrarte cuando est\u00e9 preparada. Eso hace de esta espera, de esta lucha, algo fascinante, en donde adem\u00e1s hago buenos amigos, me divierto, me doy a conocer como soy aut\u00e9nticamente. Vivir\u00e9 este camino con una sonrisa y, cuando te pueda reconocer, lo ver\u00e1s.<\/p>","protected":false},"excerpt":{"rendered":"<p>A mis 19 a\u00f1os en lugar de \u201cdisfrutar de la vida\u201d como tanto me lo aconseja la sociedad, me dedico a pensar en ti, en el amor de mi vida. A veces, en las noches cuando me cuesta dormir, me entra un miedo irracional. Un miedo a perderte antes de tenerte. A nunca encontrarte o a confundirme con otros sentimientos que podr\u00edan parecerse a esto que siento por ti. <\/p>","protected":false},"author":1,"featured_media":7387,"comment_status":"open","ping_status":"open","sticky":false,"template":"","format":"standard","meta":{"_bbp_topic_count":0,"_bbp_reply_count":0,"_bbp_total_topic_count":0,"_bbp_total_reply_count":0,"_bbp_voice_count":0,"_bbp_anonymous_reply_count":0,"_bbp_topic_count_hidden":0,"_bbp_reply_count_hidden":0,"_bbp_forum_subforum_count":0,"footnotes":""},"categories":[18,55],"tags":[103,368,369,370,147,371,372],"yoast_head":"<!-- This site is optimized with the Yoast SEO plugin v23.0 - https:\/\/yoast.com\/wordpress\/plugins\/seo\/ -->\n<title>TENGO MIEDO DE NO ENCONTRARTE 2da CARTA AL #AMORDEMIVIDA - Protege tu corazon<\/title>\n<meta name=\"robots\" content=\"index, follow, max-snippet:-1, max-image-preview:large, max-video-preview:-1\" \/>\n<link rel=\"canonical\" href=\"https:\/\/protegetucorazon.com\/en\/amordemivida-ahi-te-va-mi-segunda-carta\/\" \/>\n<meta property=\"og:locale\" content=\"en_US\" \/>\n<meta property=\"og:type\" content=\"article\" \/>\n<meta property=\"og:title\" content=\"TENGO MIEDO DE NO ENCONTRARTE 2da CARTA AL #AMORDEMIVIDA - Protege tu corazon\" \/>\n<meta property=\"og:description\" content=\"A mis 19 a\u00f1os en lugar de \u201cdisfrutar de la vida\u201d como tanto me lo aconseja la sociedad, me dedico a pensar en ti, en el amor de mi vida. A veces, en las noches cuando me cuesta dormir, me entra un miedo irracional. Un miedo a perderte antes de tenerte. A nunca encontrarte o a confundirme con otros sentimientos que podr\u00edan parecerse a esto que siento por ti.\" \/>\n<meta property=\"og:url\" content=\"https:\/\/protegetucorazon.com\/en\/amordemivida-ahi-te-va-mi-segunda-carta\/\" \/>\n<meta property=\"og:site_name\" content=\"Protege tu corazon\" \/>\n<meta property=\"article:published_time\" content=\"2014-09-12T23:53:58+00:00\" \/>\n<meta property=\"og:image\" content=\"https:\/\/protegetucorazon.com\/wp-content\/uploads\/2014\/09\/coraz\u00f3n-recostado-pin.jpg\" \/>\n\t<meta property=\"og:image:width\" content=\"681\" \/>\n\t<meta property=\"og:image:height\" content=\"994\" \/>\n\t<meta property=\"og:image:type\" content=\"image\/jpeg\" \/>\n<meta name=\"author\" content=\"protege2020\" \/>\n<meta name=\"twitter:card\" content=\"summary_large_image\" \/>\n<meta name=\"twitter:label1\" content=\"Written by\" \/>\n\t<meta name=\"twitter:data1\" content=\"protege2020\" \/>\n\t<meta name=\"twitter:label2\" content=\"Est. reading time\" \/>\n\t<meta name=\"twitter:data2\" content=\"4 minutes\" \/>\n<script type=\"application\/ld+json\" class=\"yoast-schema-graph\">{\"@context\":\"https:\/\/schema.org\",\"@graph\":[{\"@type\":\"Article\",\"@id\":\"https:\/\/protegetucorazon.com\/amordemivida-ahi-te-va-mi-segunda-carta\/#article\",\"isPartOf\":{\"@id\":\"https:\/\/protegetucorazon.com\/amordemivida-ahi-te-va-mi-segunda-carta\/\"},\"author\":{\"name\":\"protege2020\",\"@id\":\"https:\/\/protegetucorazon.com\/#\/schema\/person\/fe40036747dc22da99d555e763b905a7\"},\"headline\":\"TENGO MIEDO DE NO ENCONTRARTE 2da CARTA AL #AMORDEMIVIDA\",\"datePublished\":\"2014-09-12T23:53:58+00:00\",\"dateModified\":\"2014-09-12T23:53:58+00:00\",\"mainEntityOfPage\":{\"@id\":\"https:\/\/protegetucorazon.com\/amordemivida-ahi-te-va-mi-segunda-carta\/\"},\"wordCount\":907,\"commentCount\":4,\"publisher\":{\"@id\":\"https:\/\/protegetucorazon.com\/#organization\"},\"image\":{\"@id\":\"https:\/\/protegetucorazon.com\/amordemivida-ahi-te-va-mi-segunda-carta\/#primaryimage\"},\"thumbnailUrl\":\"https:\/\/protegetucorazon.com\/wp-content\/uploads\/2014\/09\/coraz\u00f3n-recostado-pin.jpg\",\"keywords\":[\"amor\",\"amor de mi vida\",\"defectos\",\"disfrutar la vida\",\"esperar\",\"juventud\",\"se nos acab\u00f3 el amor\"],\"articleSection\":[\"articulos\",\"Para j\u00f3venes\"],\"inLanguage\":\"en-US\",\"potentialAction\":[{\"@type\":\"CommentAction\",\"name\":\"Comment\",\"target\":[\"https:\/\/protegetucorazon.com\/amordemivida-ahi-te-va-mi-segunda-carta\/#respond\"]}]},{\"@type\":\"WebPage\",\"@id\":\"https:\/\/protegetucorazon.com\/amordemivida-ahi-te-va-mi-segunda-carta\/\",\"url\":\"https:\/\/protegetucorazon.com\/amordemivida-ahi-te-va-mi-segunda-carta\/\",\"name\":\"TENGO MIEDO DE NO ENCONTRARTE 2da CARTA AL #AMORDEMIVIDA - Protege tu corazon\",\"isPartOf\":{\"@id\":\"https:\/\/protegetucorazon.com\/#website\"},\"primaryImageOfPage\":{\"@id\":\"https:\/\/protegetucorazon.com\/amordemivida-ahi-te-va-mi-segunda-carta\/#primaryimage\"},\"image\":{\"@id\":\"https:\/\/protegetucorazon.com\/amordemivida-ahi-te-va-mi-segunda-carta\/#primaryimage\"},\"thumbnailUrl\":\"https:\/\/protegetucorazon.com\/wp-content\/uploads\/2014\/09\/coraz\u00f3n-recostado-pin.jpg\",\"datePublished\":\"2014-09-12T23:53:58+00:00\",\"dateModified\":\"2014-09-12T23:53:58+00:00\",\"breadcrumb\":{\"@id\":\"https:\/\/protegetucorazon.com\/amordemivida-ahi-te-va-mi-segunda-carta\/#breadcrumb\"},\"inLanguage\":\"en-US\",\"potentialAction\":[{\"@type\":\"ReadAction\",\"target\":[\"https:\/\/protegetucorazon.com\/amordemivida-ahi-te-va-mi-segunda-carta\/\"]}]},{\"@type\":\"ImageObject\",\"inLanguage\":\"en-US\",\"@id\":\"https:\/\/protegetucorazon.com\/amordemivida-ahi-te-va-mi-segunda-carta\/#primaryimage\",\"url\":\"https:\/\/protegetucorazon.com\/wp-content\/uploads\/2014\/09\/coraz\u00f3n-recostado-pin.jpg\",\"contentUrl\":\"https:\/\/protegetucorazon.com\/wp-content\/uploads\/2014\/09\/coraz\u00f3n-recostado-pin.jpg\",\"width\":681,\"height\":994},{\"@type\":\"BreadcrumbList\",\"@id\":\"https:\/\/protegetucorazon.com\/amordemivida-ahi-te-va-mi-segunda-carta\/#breadcrumb\",\"itemListElement\":[{\"@type\":\"ListItem\",\"position\":1,\"name\":\"Portada\",\"item\":\"https:\/\/protegetucorazon.com\/\"},{\"@type\":\"ListItem\",\"position\":2,\"name\":\"TENGO MIEDO DE NO ENCONTRARTE 2da CARTA AL #AMORDEMIVIDA\"}]},{\"@type\":\"WebSite\",\"@id\":\"https:\/\/protegetucorazon.com\/#website\",\"url\":\"https:\/\/protegetucorazon.com\/\",\"name\":\"Protege tu corazon\",\"description\":\"Programa de educaci\u00f3n de la sexualidad basado en la formaci\u00f3n del car\u00e1cter\",\"publisher\":{\"@id\":\"https:\/\/protegetucorazon.com\/#organization\"},\"potentialAction\":[{\"@type\":\"SearchAction\",\"target\":{\"@type\":\"EntryPoint\",\"urlTemplate\":\"https:\/\/protegetucorazon.com\/?s={search_term_string}\"},\"query-input\":\"required name=search_term_string\"}],\"inLanguage\":\"en-US\"},{\"@type\":\"Organization\",\"@id\":\"https:\/\/protegetucorazon.com\/#organization\",\"name\":\"Protege tu corazon\",\"url\":\"https:\/\/protegetucorazon.com\/\",\"logo\":{\"@type\":\"ImageObject\",\"inLanguage\":\"en-US\",\"@id\":\"https:\/\/protegetucorazon.com\/#\/schema\/logo\/image\/\",\"url\":\"https:\/\/protegetucorazon.com\/wp-content\/uploads\/2020\/06\/protege-tu-corazon-color.png\",\"contentUrl\":\"https:\/\/protegetucorazon.com\/wp-content\/uploads\/2020\/06\/protege-tu-corazon-color.png\",\"width\":256,\"height\":90,\"caption\":\"Protege tu corazon\"},\"image\":{\"@id\":\"https:\/\/protegetucorazon.com\/#\/schema\/logo\/image\/\"}},{\"@type\":\"Person\",\"@id\":\"https:\/\/protegetucorazon.com\/#\/schema\/person\/fe40036747dc22da99d555e763b905a7\",\"name\":\"protege2020\",\"image\":{\"@type\":\"ImageObject\",\"inLanguage\":\"en-US\",\"@id\":\"https:\/\/protegetucorazon.com\/#\/schema\/person\/image\/\",\"url\":\"https:\/\/secure.gravatar.com\/avatar\/bae55470a3bfbad875b95ad324b52db8?s=96&d=mm&r=g\",\"contentUrl\":\"https:\/\/secure.gravatar.com\/avatar\/bae55470a3bfbad875b95ad324b52db8?s=96&d=mm&r=g\",\"caption\":\"protege2020\"},\"sameAs\":[\"https:\/\/protegetucorazon.com\"],\"url\":\"https:\/\/protegetucorazon.com\/en\/author\/protege2020\/\"}]}<\/script>\n<!-- \/ Yoast SEO plugin. -->","yoast_head_json":{"title":"TENGO MIEDO DE NO ENCONTRARTE 2da CARTA AL #AMORDEMIVIDA - Protege tu corazon","robots":{"index":"index","follow":"follow","max-snippet":"max-snippet:-1","max-image-preview":"max-image-preview:large","max-video-preview":"max-video-preview:-1"},"canonical":"https:\/\/protegetucorazon.com\/en\/amordemivida-ahi-te-va-mi-segunda-carta\/","og_locale":"en_US","og_type":"article","og_title":"TENGO MIEDO DE NO ENCONTRARTE 2da CARTA AL #AMORDEMIVIDA - Protege tu corazon","og_description":"A mis 19 a\u00f1os en lugar de \u201cdisfrutar de la vida\u201d como tanto me lo aconseja la sociedad, me dedico a pensar en ti, en el amor de mi vida. A veces, en las noches cuando me cuesta dormir, me entra un miedo irracional. Un miedo a perderte antes de tenerte. A nunca encontrarte o a confundirme con otros sentimientos que podr\u00edan parecerse a esto que siento por ti.","og_url":"https:\/\/protegetucorazon.com\/en\/amordemivida-ahi-te-va-mi-segunda-carta\/","og_site_name":"Protege tu corazon","article_published_time":"2014-09-12T23:53:58+00:00","og_image":[{"width":681,"height":994,"url":"https:\/\/protegetucorazon.com\/wp-content\/uploads\/2014\/09\/coraz\u00f3n-recostado-pin.jpg","type":"image\/jpeg"}],"author":"protege2020","twitter_card":"summary_large_image","twitter_misc":{"Written by":"protege2020","Est. reading time":"4 minutes"},"schema":{"@context":"https:\/\/schema.org","@graph":[{"@type":"Article","@id":"https:\/\/protegetucorazon.com\/amordemivida-ahi-te-va-mi-segunda-carta\/#article","isPartOf":{"@id":"https:\/\/protegetucorazon.com\/amordemivida-ahi-te-va-mi-segunda-carta\/"},"author":{"name":"protege2020","@id":"https:\/\/protegetucorazon.com\/#\/schema\/person\/fe40036747dc22da99d555e763b905a7"},"headline":"TENGO MIEDO DE NO ENCONTRARTE 2da CARTA AL #AMORDEMIVIDA","datePublished":"2014-09-12T23:53:58+00:00","dateModified":"2014-09-12T23:53:58+00:00","mainEntityOfPage":{"@id":"https:\/\/protegetucorazon.com\/amordemivida-ahi-te-va-mi-segunda-carta\/"},"wordCount":907,"commentCount":4,"publisher":{"@id":"https:\/\/protegetucorazon.com\/#organization"},"image":{"@id":"https:\/\/protegetucorazon.com\/amordemivida-ahi-te-va-mi-segunda-carta\/#primaryimage"},"thumbnailUrl":"https:\/\/protegetucorazon.com\/wp-content\/uploads\/2014\/09\/coraz\u00f3n-recostado-pin.jpg","keywords":["amor","amor de mi vida","defectos","disfrutar la vida","esperar","juventud","se nos acab\u00f3 el amor"],"articleSection":["articulos","Para j\u00f3venes"],"inLanguage":"en-US","potentialAction":[{"@type":"CommentAction","name":"Comment","target":["https:\/\/protegetucorazon.com\/amordemivida-ahi-te-va-mi-segunda-carta\/#respond"]}]},{"@type":"WebPage","@id":"https:\/\/protegetucorazon.com\/amordemivida-ahi-te-va-mi-segunda-carta\/","url":"https:\/\/protegetucorazon.com\/amordemivida-ahi-te-va-mi-segunda-carta\/","name":"TENGO MIEDO DE NO ENCONTRARTE 2da CARTA AL #AMORDEMIVIDA - Protege tu corazon","isPartOf":{"@id":"https:\/\/protegetucorazon.com\/#website"},"primaryImageOfPage":{"@id":"https:\/\/protegetucorazon.com\/amordemivida-ahi-te-va-mi-segunda-carta\/#primaryimage"},"image":{"@id":"https:\/\/protegetucorazon.com\/amordemivida-ahi-te-va-mi-segunda-carta\/#primaryimage"},"thumbnailUrl":"https:\/\/protegetucorazon.com\/wp-content\/uploads\/2014\/09\/coraz\u00f3n-recostado-pin.jpg","datePublished":"2014-09-12T23:53:58+00:00","dateModified":"2014-09-12T23:53:58+00:00","breadcrumb":{"@id":"https:\/\/protegetucorazon.com\/amordemivida-ahi-te-va-mi-segunda-carta\/#breadcrumb"},"inLanguage":"en-US","potentialAction":[{"@type":"ReadAction","target":["https:\/\/protegetucorazon.com\/amordemivida-ahi-te-va-mi-segunda-carta\/"]}]},{"@type":"ImageObject","inLanguage":"en-US","@id":"https:\/\/protegetucorazon.com\/amordemivida-ahi-te-va-mi-segunda-carta\/#primaryimage","url":"https:\/\/protegetucorazon.com\/wp-content\/uploads\/2014\/09\/coraz\u00f3n-recostado-pin.jpg","contentUrl":"https:\/\/protegetucorazon.com\/wp-content\/uploads\/2014\/09\/coraz\u00f3n-recostado-pin.jpg","width":681,"height":994},{"@type":"BreadcrumbList","@id":"https:\/\/protegetucorazon.com\/amordemivida-ahi-te-va-mi-segunda-carta\/#breadcrumb","itemListElement":[{"@type":"ListItem","position":1,"name":"Portada","item":"https:\/\/protegetucorazon.com\/"},{"@type":"ListItem","position":2,"name":"TENGO MIEDO DE NO ENCONTRARTE 2da CARTA AL #AMORDEMIVIDA"}]},{"@type":"WebSite","@id":"https:\/\/protegetucorazon.com\/#website","url":"https:\/\/protegetucorazon.com\/","name":"Protege tu corazon","description":"Programa de educaci\u00f3n de la sexualidad basado en la formaci\u00f3n del car\u00e1cter","publisher":{"@id":"https:\/\/protegetucorazon.com\/#organization"},"potentialAction":[{"@type":"SearchAction","target":{"@type":"EntryPoint","urlTemplate":"https:\/\/protegetucorazon.com\/?s={search_term_string}"},"query-input":"required name=search_term_string"}],"inLanguage":"en-US"},{"@type":"Organization","@id":"https:\/\/protegetucorazon.com\/#organization","name":"Protege tu corazon","url":"https:\/\/protegetucorazon.com\/","logo":{"@type":"ImageObject","inLanguage":"en-US","@id":"https:\/\/protegetucorazon.com\/#\/schema\/logo\/image\/","url":"https:\/\/protegetucorazon.com\/wp-content\/uploads\/2020\/06\/protege-tu-corazon-color.png","contentUrl":"https:\/\/protegetucorazon.com\/wp-content\/uploads\/2020\/06\/protege-tu-corazon-color.png","width":256,"height":90,"caption":"Protege tu corazon"},"image":{"@id":"https:\/\/protegetucorazon.com\/#\/schema\/logo\/image\/"}},{"@type":"Person","@id":"https:\/\/protegetucorazon.com\/#\/schema\/person\/fe40036747dc22da99d555e763b905a7","name":"protege2020","image":{"@type":"ImageObject","inLanguage":"en-US","@id":"https:\/\/protegetucorazon.com\/#\/schema\/person\/image\/","url":"https:\/\/secure.gravatar.com\/avatar\/bae55470a3bfbad875b95ad324b52db8?s=96&d=mm&r=g","contentUrl":"https:\/\/secure.gravatar.com\/avatar\/bae55470a3bfbad875b95ad324b52db8?s=96&d=mm&r=g","caption":"protege2020"},"sameAs":["https:\/\/protegetucorazon.com"],"url":"https:\/\/protegetucorazon.com\/en\/author\/protege2020\/"}]}},"_links":{"self":[{"href":"https:\/\/protegetucorazon.com\/en\/wp-json\/wp\/v2\/posts\/7383"}],"collection":[{"href":"https:\/\/protegetucorazon.com\/en\/wp-json\/wp\/v2\/posts"}],"about":[{"href":"https:\/\/protegetucorazon.com\/en\/wp-json\/wp\/v2\/types\/post"}],"author":[{"embeddable":true,"href":"https:\/\/protegetucorazon.com\/en\/wp-json\/wp\/v2\/users\/1"}],"replies":[{"embeddable":true,"href":"https:\/\/protegetucorazon.com\/en\/wp-json\/wp\/v2\/comments?post=7383"}],"version-history":[{"count":0,"href":"https:\/\/protegetucorazon.com\/en\/wp-json\/wp\/v2\/posts\/7383\/revisions"}],"wp:featuredmedia":[{"embeddable":true,"href":"https:\/\/protegetucorazon.com\/en\/wp-json\/wp\/v2\/media\/7387"}],"wp:attachment":[{"href":"https:\/\/protegetucorazon.com\/en\/wp-json\/wp\/v2\/media?parent=7383"}],"wp:term":[{"taxonomy":"category","embeddable":true,"href":"https:\/\/protegetucorazon.com\/en\/wp-json\/wp\/v2\/categories?post=7383"},{"taxonomy":"post_tag","embeddable":true,"href":"https:\/\/protegetucorazon.com\/en\/wp-json\/wp\/v2\/tags?post=7383"}],"curies":[{"name":"wp","href":"https:\/\/api.w.org\/{rel}","templated":true}]}}