      
            
            
            
      {"id":7746,"date":"2015-10-15T10:29:15","date_gmt":"2015-10-15T16:29:15","guid":{"rendered":"http:\/\/www.protegetucorazon.com\/?p=7746"},"modified":"2015-10-15T10:29:15","modified_gmt":"2015-10-15T16:29:15","slug":"encuentro-anual-de-ptc-en-argentina","status":"publish","type":"post","link":"https:\/\/protegetucorazon.com\/en\/encuentro-anual-de-ptc-en-argentina\/","title":{"rendered":"Encuentro Anual de PTC en Argentina"},"content":{"rendered":"<p><a ref=\"magnificPopup\" href=\"https:\/\/protegetucorazon.com\/wp-content\/uploads\/2015\/10\/jornada.jpg\"><img loading=\"lazy\" decoding=\"async\" class=\"alignleft size-thumbnail wp-image-7749\" src=\"https:\/\/protegetucorazon.com\/wp-content\/uploads\/2015\/10\/jornada-150x1501-1.jpg\" alt=\"jornada\" width=\"150\" height=\"150\" \/><\/a>Los d\u00edas s\u00e1bado 3 y domingo 4 de octubre de 2015 tuvo lugar nuestro Encuentro Anual PTC Argentina. Esta vez nos reunimos en Buenos Aires. Viajaron los instructores desde Salta, Jujuy, San Luis, San Juan y Mendoza. Estos \u00faltimos alquilaron un bus para viajar todos juntos (unas 14 personas). En total sumamos 50 instructores.<\/p>\n<p>Juan Francisco fue nuestro invitado de lujo, y a pesar de haber llegado con gripe, se luci\u00f3 ofreciendo nuevos talleres y estando siempre disponible para las consultas de cada uno de nosotros.<\/p>\n<p>El s\u00e1bado incluimos dentro de las actividades, un taller en el que Paula Uranga, capacitadora en juegos como herramientas para la intervenci\u00f3n y educaci\u00f3n social, nos dio varias t\u00e9cnicas y juegos nuevos para aplicar en los talleres. Fue un momento muy divertido, ya que todos participaron y hasta hubo alg\u00fan \u201cherido\u201d en alguno de ellos por intentar ganar a toda costa\u2026.<\/p>\n<p>Esa noche asistimos a la \u201cCena Show\u201d donde Tom\u00e1s Macrae Moir y Juan Giacobonne nos ofrecieron su m\u00fasica que logr\u00f3 hacer bailar a todos.<\/p>\n<p>Adem\u00e1s, el equipo de Mendoza prepar\u00f3 un show de chistes y organizaron una competencia entre los participantes centrada en los temas de PTC. Finalmente cada equipo deb\u00eda \u201cvender un producto\u201d relacion\u00e1ndolo con los talleres de Protege tu Coraz\u00f3n. Como siempre, los mendocinos aportaron todo el humor para que lo pas\u00e1ramos s\u00faper bien!<\/p>\n<p>Es muy lindo y motivante reunirnos y escuchar las experiencias del trabajo de cada regi\u00f3n .Este a\u00f1o adem\u00e1s, recibimos a dos grupos nuevos: San Rafael (Provincia de Mendoza) y Villa Mercedes (Provincia de San Luis). Son dos equipos que se est\u00e1n capacitando para comenzar el trabajo en su provincia el a\u00f1o pr\u00f3ximo.<\/p>\n<p>El domingo despedimos a los instructores, que parten con nuevos desaf\u00edos y metas para continuar siempre mejorando y creciendo como \u201cfamilia\u201d de Protege tu Coraz\u00f3n.<\/p>\n<p>Finalmente, y como broche de oro, el lunes 5, Juan Francisco ofreci\u00f3 una conferencia abierta al p\u00fablico en el colegio San Pablo, en Capital Federal. El tema fue \u201cSecretos de un amor profundo\u201d, en el que plante\u00f3 los aspectos m\u00e1s importantes de la relaci\u00f3n matrimonial, identificando sus etapas y ofreciendo herramientas para mantener vivo el amor y superar las crisis.<\/p>\n<p>La conferencia fue un verdadero \u00e9xito. Asistieron m\u00e1s de 500 personas y recibimos excelentes comentarios al finalizar. Por otro lado, ya nos han pedido que la repitamos en dos lugares diferentes.<\/p>\n<p>Queremos agradecer especialmente a Juan Francisco por su generosidad y calidez siempre presentes, adem\u00e1s de enriquecernos con sus talleres y consejos nos deja en cada visita su cari\u00f1o y ejemplo de alegr\u00eda en el trabajo.<\/p>\n<p>Agradecemos tambi\u00e9n a cada uno de los instructores por el esfuerzo por llegar hasta Buenos Aires para compartir estas jornadas de trabajo!<\/p>\n<p>\u00a1Nos vemos el a\u00f1o que viene!<\/p>\n<p>&nbsp;<\/p>\n<p>&nbsp;<\/p>","protected":false},"excerpt":{"rendered":"<p>Los d\u00edas s\u00e1bado 3 y domingo 4 de octubre de 2015 tuvo lugar el Encuentro Anual PTC Argentina. Esta vez se realiz\u00f3 en Buenos Aires. Viajaron instructores desde Salta, Jujuy, San Luis, San Juan y Mendoza. En total asistieron 50 instructores.<\/p>","protected":false},"author":1,"featured_media":7754,"comment_status":"open","ping_status":"open","sticky":true,"template":"","format":"standard","meta":{"_bbp_topic_count":0,"_bbp_reply_count":0,"_bbp_total_topic_count":0,"_bbp_total_reply_count":0,"_bbp_voice_count":0,"_bbp_anonymous_reply_count":0,"_bbp_topic_count_hidden":0,"_bbp_reply_count_hidden":0,"_bbp_forum_subforum_count":0,"footnotes":""},"categories":[53],"tags":[],"yoast_head":"<!-- This site is optimized with the Yoast SEO plugin v23.0 - https:\/\/yoast.com\/wordpress\/plugins\/seo\/ -->\n<title>Encuentro Anual de PTC en Argentina - Protege tu corazon<\/title>\n<meta name=\"robots\" content=\"index, follow, max-snippet:-1, max-image-preview:large, max-video-preview:-1\" \/>\n<link rel=\"canonical\" href=\"https:\/\/protegetucorazon.com\/en\/encuentro-anual-de-ptc-en-argentina\/\" \/>\n<meta property=\"og:locale\" content=\"en_US\" \/>\n<meta property=\"og:type\" content=\"article\" \/>\n<meta property=\"og:title\" content=\"Encuentro Anual de PTC en Argentina - Protege tu corazon\" \/>\n<meta property=\"og:description\" content=\"Los d\u00edas s\u00e1bado 3 y domingo 4 de octubre de 2015 tuvo lugar el Encuentro Anual PTC Argentina. Esta vez se realiz\u00f3 en Buenos Aires. Viajaron instructores desde Salta, Jujuy, San Luis, San Juan y Mendoza. En total asistieron 50 instructores.\" \/>\n<meta property=\"og:url\" content=\"https:\/\/protegetucorazon.com\/en\/encuentro-anual-de-ptc-en-argentina\/\" \/>\n<meta property=\"og:site_name\" content=\"Protege tu corazon\" \/>\n<meta property=\"article:published_time\" content=\"2015-10-15T16:29:15+00:00\" \/>\n<meta property=\"og:image\" content=\"https:\/\/protegetucorazon.com\/wp-content\/uploads\/2015\/10\/DSCN4529-scaled.jpg\" \/>\n\t<meta property=\"og:image:width\" content=\"2560\" \/>\n\t<meta property=\"og:image:height\" content=\"1920\" \/>\n\t<meta property=\"og:image:type\" content=\"image\/jpeg\" \/>\n<meta name=\"author\" content=\"protege2020\" \/>\n<meta name=\"twitter:card\" content=\"summary_large_image\" \/>\n<meta name=\"twitter:label1\" content=\"Written by\" \/>\n\t<meta name=\"twitter:data1\" content=\"protege2020\" \/>\n\t<meta name=\"twitter:label2\" content=\"Est. reading time\" \/>\n\t<meta name=\"twitter:data2\" content=\"2 minutes\" \/>\n<script type=\"application\/ld+json\" class=\"yoast-schema-graph\">{\"@context\":\"https:\/\/schema.org\",\"@graph\":[{\"@type\":\"Article\",\"@id\":\"https:\/\/protegetucorazon.com\/encuentro-anual-de-ptc-en-argentina\/#article\",\"isPartOf\":{\"@id\":\"https:\/\/protegetucorazon.com\/encuentro-anual-de-ptc-en-argentina\/\"},\"author\":{\"name\":\"protege2020\",\"@id\":\"https:\/\/protegetucorazon.com\/#\/schema\/person\/fe40036747dc22da99d555e763b905a7\"},\"headline\":\"Encuentro Anual de PTC en Argentina\",\"datePublished\":\"2015-10-15T16:29:15+00:00\",\"dateModified\":\"2015-10-15T16:29:15+00:00\",\"mainEntityOfPage\":{\"@id\":\"https:\/\/protegetucorazon.com\/encuentro-anual-de-ptc-en-argentina\/\"},\"wordCount\":487,\"commentCount\":4,\"publisher\":{\"@id\":\"https:\/\/protegetucorazon.com\/#organization\"},\"image\":{\"@id\":\"https:\/\/protegetucorazon.com\/encuentro-anual-de-ptc-en-argentina\/#primaryimage\"},\"thumbnailUrl\":\"https:\/\/protegetucorazon.com\/wp-content\/uploads\/2015\/10\/DSCN4529-scaled.jpg\",\"articleSection\":[\"Noticias\"],\"inLanguage\":\"en-US\",\"potentialAction\":[{\"@type\":\"CommentAction\",\"name\":\"Comment\",\"target\":[\"https:\/\/protegetucorazon.com\/encuentro-anual-de-ptc-en-argentina\/#respond\"]}]},{\"@type\":\"WebPage\",\"@id\":\"https:\/\/protegetucorazon.com\/encuentro-anual-de-ptc-en-argentina\/\",\"url\":\"https:\/\/protegetucorazon.com\/encuentro-anual-de-ptc-en-argentina\/\",\"name\":\"Encuentro Anual de PTC en Argentina - Protege tu corazon\",\"isPartOf\":{\"@id\":\"https:\/\/protegetucorazon.com\/#website\"},\"primaryImageOfPage\":{\"@id\":\"https:\/\/protegetucorazon.com\/encuentro-anual-de-ptc-en-argentina\/#primaryimage\"},\"image\":{\"@id\":\"https:\/\/protegetucorazon.com\/encuentro-anual-de-ptc-en-argentina\/#primaryimage\"},\"thumbnailUrl\":\"https:\/\/protegetucorazon.com\/wp-content\/uploads\/2015\/10\/DSCN4529-scaled.jpg\",\"datePublished\":\"2015-10-15T16:29:15+00:00\",\"dateModified\":\"2015-10-15T16:29:15+00:00\",\"breadcrumb\":{\"@id\":\"https:\/\/protegetucorazon.com\/encuentro-anual-de-ptc-en-argentina\/#breadcrumb\"},\"inLanguage\":\"en-US\",\"potentialAction\":[{\"@type\":\"ReadAction\",\"target\":[\"https:\/\/protegetucorazon.com\/encuentro-anual-de-ptc-en-argentina\/\"]}]},{\"@type\":\"ImageObject\",\"inLanguage\":\"en-US\",\"@id\":\"https:\/\/protegetucorazon.com\/encuentro-anual-de-ptc-en-argentina\/#primaryimage\",\"url\":\"https:\/\/protegetucorazon.com\/wp-content\/uploads\/2015\/10\/DSCN4529-scaled.jpg\",\"contentUrl\":\"https:\/\/protegetucorazon.com\/wp-content\/uploads\/2015\/10\/DSCN4529-scaled.jpg\",\"width\":2560,\"height\":1920},{\"@type\":\"BreadcrumbList\",\"@id\":\"https:\/\/protegetucorazon.com\/encuentro-anual-de-ptc-en-argentina\/#breadcrumb\",\"itemListElement\":[{\"@type\":\"ListItem\",\"position\":1,\"name\":\"Portada\",\"item\":\"https:\/\/protegetucorazon.com\/\"},{\"@type\":\"ListItem\",\"position\":2,\"name\":\"Encuentro Anual de PTC en Argentina\"}]},{\"@type\":\"WebSite\",\"@id\":\"https:\/\/protegetucorazon.com\/#website\",\"url\":\"https:\/\/protegetucorazon.com\/\",\"name\":\"Protege tu corazon\",\"description\":\"Programa de educaci\u00f3n de la sexualidad basado en la formaci\u00f3n del car\u00e1cter\",\"publisher\":{\"@id\":\"https:\/\/protegetucorazon.com\/#organization\"},\"potentialAction\":[{\"@type\":\"SearchAction\",\"target\":{\"@type\":\"EntryPoint\",\"urlTemplate\":\"https:\/\/protegetucorazon.com\/?s={search_term_string}\"},\"query-input\":\"required name=search_term_string\"}],\"inLanguage\":\"en-US\"},{\"@type\":\"Organization\",\"@id\":\"https:\/\/protegetucorazon.com\/#organization\",\"name\":\"Protege tu corazon\",\"url\":\"https:\/\/protegetucorazon.com\/\",\"logo\":{\"@type\":\"ImageObject\",\"inLanguage\":\"en-US\",\"@id\":\"https:\/\/protegetucorazon.com\/#\/schema\/logo\/image\/\",\"url\":\"https:\/\/protegetucorazon.com\/wp-content\/uploads\/2020\/06\/protege-tu-corazon-color.png\",\"contentUrl\":\"https:\/\/protegetucorazon.com\/wp-content\/uploads\/2020\/06\/protege-tu-corazon-color.png\",\"width\":256,\"height\":90,\"caption\":\"Protege tu corazon\"},\"image\":{\"@id\":\"https:\/\/protegetucorazon.com\/#\/schema\/logo\/image\/\"}},{\"@type\":\"Person\",\"@id\":\"https:\/\/protegetucorazon.com\/#\/schema\/person\/fe40036747dc22da99d555e763b905a7\",\"name\":\"protege2020\",\"image\":{\"@type\":\"ImageObject\",\"inLanguage\":\"en-US\",\"@id\":\"https:\/\/protegetucorazon.com\/#\/schema\/person\/image\/\",\"url\":\"https:\/\/secure.gravatar.com\/avatar\/bae55470a3bfbad875b95ad324b52db8?s=96&d=mm&r=g\",\"contentUrl\":\"https:\/\/secure.gravatar.com\/avatar\/bae55470a3bfbad875b95ad324b52db8?s=96&d=mm&r=g\",\"caption\":\"protege2020\"},\"sameAs\":[\"https:\/\/protegetucorazon.com\"],\"url\":\"https:\/\/protegetucorazon.com\/en\/author\/protege2020\/\"}]}<\/script>\n<!-- \/ Yoast SEO plugin. -->","yoast_head_json":{"title":"Encuentro Anual de PTC en Argentina - Protege tu corazon","robots":{"index":"index","follow":"follow","max-snippet":"max-snippet:-1","max-image-preview":"max-image-preview:large","max-video-preview":"max-video-preview:-1"},"canonical":"https:\/\/protegetucorazon.com\/en\/encuentro-anual-de-ptc-en-argentina\/","og_locale":"en_US","og_type":"article","og_title":"Encuentro Anual de PTC en Argentina - Protege tu corazon","og_description":"Los d\u00edas s\u00e1bado 3 y domingo 4 de octubre de 2015 tuvo lugar el Encuentro Anual PTC Argentina. Esta vez se realiz\u00f3 en Buenos Aires. Viajaron instructores desde Salta, Jujuy, San Luis, San Juan y Mendoza. En total asistieron 50 instructores.","og_url":"https:\/\/protegetucorazon.com\/en\/encuentro-anual-de-ptc-en-argentina\/","og_site_name":"Protege tu corazon","article_published_time":"2015-10-15T16:29:15+00:00","og_image":[{"width":2560,"height":1920,"url":"https:\/\/protegetucorazon.com\/wp-content\/uploads\/2015\/10\/DSCN4529-scaled.jpg","type":"image\/jpeg"}],"author":"protege2020","twitter_card":"summary_large_image","twitter_misc":{"Written by":"protege2020","Est. reading time":"2 minutes"},"schema":{"@context":"https:\/\/schema.org","@graph":[{"@type":"Article","@id":"https:\/\/protegetucorazon.com\/encuentro-anual-de-ptc-en-argentina\/#article","isPartOf":{"@id":"https:\/\/protegetucorazon.com\/encuentro-anual-de-ptc-en-argentina\/"},"author":{"name":"protege2020","@id":"https:\/\/protegetucorazon.com\/#\/schema\/person\/fe40036747dc22da99d555e763b905a7"},"headline":"Encuentro Anual de PTC en Argentina","datePublished":"2015-10-15T16:29:15+00:00","dateModified":"2015-10-15T16:29:15+00:00","mainEntityOfPage":{"@id":"https:\/\/protegetucorazon.com\/encuentro-anual-de-ptc-en-argentina\/"},"wordCount":487,"commentCount":4,"publisher":{"@id":"https:\/\/protegetucorazon.com\/#organization"},"image":{"@id":"https:\/\/protegetucorazon.com\/encuentro-anual-de-ptc-en-argentina\/#primaryimage"},"thumbnailUrl":"https:\/\/protegetucorazon.com\/wp-content\/uploads\/2015\/10\/DSCN4529-scaled.jpg","articleSection":["Noticias"],"inLanguage":"en-US","potentialAction":[{"@type":"CommentAction","name":"Comment","target":["https:\/\/protegetucorazon.com\/encuentro-anual-de-ptc-en-argentina\/#respond"]}]},{"@type":"WebPage","@id":"https:\/\/protegetucorazon.com\/encuentro-anual-de-ptc-en-argentina\/","url":"https:\/\/protegetucorazon.com\/encuentro-anual-de-ptc-en-argentina\/","name":"Encuentro Anual de PTC en Argentina - Protege tu corazon","isPartOf":{"@id":"https:\/\/protegetucorazon.com\/#website"},"primaryImageOfPage":{"@id":"https:\/\/protegetucorazon.com\/encuentro-anual-de-ptc-en-argentina\/#primaryimage"},"image":{"@id":"https:\/\/protegetucorazon.com\/encuentro-anual-de-ptc-en-argentina\/#primaryimage"},"thumbnailUrl":"https:\/\/protegetucorazon.com\/wp-content\/uploads\/2015\/10\/DSCN4529-scaled.jpg","datePublished":"2015-10-15T16:29:15+00:00","dateModified":"2015-10-15T16:29:15+00:00","breadcrumb":{"@id":"https:\/\/protegetucorazon.com\/encuentro-anual-de-ptc-en-argentina\/#breadcrumb"},"inLanguage":"en-US","potentialAction":[{"@type":"ReadAction","target":["https:\/\/protegetucorazon.com\/encuentro-anual-de-ptc-en-argentina\/"]}]},{"@type":"ImageObject","inLanguage":"en-US","@id":"https:\/\/protegetucorazon.com\/encuentro-anual-de-ptc-en-argentina\/#primaryimage","url":"https:\/\/protegetucorazon.com\/wp-content\/uploads\/2015\/10\/DSCN4529-scaled.jpg","contentUrl":"https:\/\/protegetucorazon.com\/wp-content\/uploads\/2015\/10\/DSCN4529-scaled.jpg","width":2560,"height":1920},{"@type":"BreadcrumbList","@id":"https:\/\/protegetucorazon.com\/encuentro-anual-de-ptc-en-argentina\/#breadcrumb","itemListElement":[{"@type":"ListItem","position":1,"name":"Portada","item":"https:\/\/protegetucorazon.com\/"},{"@type":"ListItem","position":2,"name":"Encuentro Anual de PTC en Argentina"}]},{"@type":"WebSite","@id":"https:\/\/protegetucorazon.com\/#website","url":"https:\/\/protegetucorazon.com\/","name":"Protege tu corazon","description":"Programa de educaci\u00f3n de la sexualidad basado en la formaci\u00f3n del car\u00e1cter","publisher":{"@id":"https:\/\/protegetucorazon.com\/#organization"},"potentialAction":[{"@type":"SearchAction","target":{"@type":"EntryPoint","urlTemplate":"https:\/\/protegetucorazon.com\/?s={search_term_string}"},"query-input":"required name=search_term_string"}],"inLanguage":"en-US"},{"@type":"Organization","@id":"https:\/\/protegetucorazon.com\/#organization","name":"Protege tu corazon","url":"https:\/\/protegetucorazon.com\/","logo":{"@type":"ImageObject","inLanguage":"en-US","@id":"https:\/\/protegetucorazon.com\/#\/schema\/logo\/image\/","url":"https:\/\/protegetucorazon.com\/wp-content\/uploads\/2020\/06\/protege-tu-corazon-color.png","contentUrl":"https:\/\/protegetucorazon.com\/wp-content\/uploads\/2020\/06\/protege-tu-corazon-color.png","width":256,"height":90,"caption":"Protege tu corazon"},"image":{"@id":"https:\/\/protegetucorazon.com\/#\/schema\/logo\/image\/"}},{"@type":"Person","@id":"https:\/\/protegetucorazon.com\/#\/schema\/person\/fe40036747dc22da99d555e763b905a7","name":"protege2020","image":{"@type":"ImageObject","inLanguage":"en-US","@id":"https:\/\/protegetucorazon.com\/#\/schema\/person\/image\/","url":"https:\/\/secure.gravatar.com\/avatar\/bae55470a3bfbad875b95ad324b52db8?s=96&d=mm&r=g","contentUrl":"https:\/\/secure.gravatar.com\/avatar\/bae55470a3bfbad875b95ad324b52db8?s=96&d=mm&r=g","caption":"protege2020"},"sameAs":["https:\/\/protegetucorazon.com"],"url":"https:\/\/protegetucorazon.com\/en\/author\/protege2020\/"}]}},"_links":{"self":[{"href":"https:\/\/protegetucorazon.com\/en\/wp-json\/wp\/v2\/posts\/7746"}],"collection":[{"href":"https:\/\/protegetucorazon.com\/en\/wp-json\/wp\/v2\/posts"}],"about":[{"href":"https:\/\/protegetucorazon.com\/en\/wp-json\/wp\/v2\/types\/post"}],"author":[{"embeddable":true,"href":"https:\/\/protegetucorazon.com\/en\/wp-json\/wp\/v2\/users\/1"}],"replies":[{"embeddable":true,"href":"https:\/\/protegetucorazon.com\/en\/wp-json\/wp\/v2\/comments?post=7746"}],"version-history":[{"count":0,"href":"https:\/\/protegetucorazon.com\/en\/wp-json\/wp\/v2\/posts\/7746\/revisions"}],"wp:featuredmedia":[{"embeddable":true,"href":"https:\/\/protegetucorazon.com\/en\/wp-json\/wp\/v2\/media\/7754"}],"wp:attachment":[{"href":"https:\/\/protegetucorazon.com\/en\/wp-json\/wp\/v2\/media?parent=7746"}],"wp:term":[{"taxonomy":"category","embeddable":true,"href":"https:\/\/protegetucorazon.com\/en\/wp-json\/wp\/v2\/categories?post=7746"},{"taxonomy":"post_tag","embeddable":true,"href":"https:\/\/protegetucorazon.com\/en\/wp-json\/wp\/v2\/tags?post=7746"}],"curies":[{"name":"wp","href":"https:\/\/api.w.org\/{rel}","templated":true}]}}