      
            
            
            
      {"id":7938,"date":"2017-10-27T12:46:44","date_gmt":"2017-10-27T18:46:44","guid":{"rendered":"http:\/\/www.protegetucorazon.com\/?p=7938"},"modified":"2017-10-27T12:46:44","modified_gmt":"2017-10-27T18:46:44","slug":"hora-educar-una-comunicacion-no-hostil","status":"publish","type":"post","link":"https:\/\/protegetucorazon.com\/en\/hora-educar-una-comunicacion-no-hostil\/","title":{"rendered":"Hora de educar para una comunicaci\u00f3n no hostil"},"content":{"rendered":"<p><a ref=\"magnificPopup\" href=\"https:\/\/protegetucorazon.com\/wp-content\/uploads\/2017\/10\/conversacion-en-las-redes.jpg\"><img loading=\"lazy\" decoding=\"async\" class=\"alignleft size-thumbnail wp-image-7941\" src=\"https:\/\/protegetucorazon.com\/wp-content\/uploads\/2017\/10\/conversacion-en-las-redes-150x150.jpg\" alt=\"conversacion en las redes\" width=\"150\" height=\"150\" srcset=\"https:\/\/protegetucorazon.com\/wp-content\/uploads\/2017\/10\/conversacion-en-las-redes-150x150.jpg 150w, https:\/\/protegetucorazon.com\/wp-content\/uploads\/2017\/10\/conversacion-en-las-redes-300x300.jpg 300w\" sizes=\"(max-width: 150px) 100vw, 150px\" \/><\/a>Por Jos\u00e9 Luis Orihuela*<\/p>\n<p>&nbsp;<\/p>\n<p>En febrero de 2017, tras un evento celebrado en la ciudad italiana de Trieste, comenz\u00f3 a divulgarse por la red un dec\u00e1logo de buenas pr\u00e1cticas comunicativas para recuperar las formas que se est\u00e1n perdiendo en los medios sociales. Fue bautizado como el <em>Manifiesto de la comunicaci\u00f3n no hostil<\/em>.<\/p>\n<p>&nbsp;<\/p>\n<p>Publicado originalmente en italiano, el <em>Manifiesto <\/em>ya ha sido traducido a 9 lenguas, incluyendo el espa\u00f1ol. La amplia repercusi\u00f3n que est\u00e1 teniendo este documento revela el anhelo, cada vez m\u00e1s generalizado, de recuperar la red como un espacio de conversaci\u00f3n.<\/p>\n<p>&nbsp;<\/p>\n<p>La alfabetizaci\u00f3n digital, necesaria en la escuela, en la universidad y en la empresa, tiene que asumir el reto de actualizar nuestras capacidades para desenvolvernos con urbanidad en el mundo virtual.<\/p>\n<p>&nbsp;<\/p>\n<p>Desde las primeras aplicaciones sociales de la red anteriores a la web, como los grupos de noticias y las listas de correo electr\u00f3nico, las comunidades en l\u00ednea han ido adoptando convencionalmente pautas de buena conducta conocidas como <em>netiqueta<\/em>.<\/p>\n<p>&nbsp;<\/p>\n<p>Hoy, tras la conversi\u00f3n de la web en una gran plataforma social, parece urgente rescatar la vieja met\u00e1fora de la conversaci\u00f3n que nos trajo el <em>Manifiesto Cluetrain<\/em> (1999) y su reciente actualizaci\u00f3n: <em>Nuevas Claves<\/em> (2015).<\/p>\n<p>&nbsp;<\/p>\n<p>Ocurre que no hay conversaci\u00f3n sin respeto, precisamente porque la comunicaci\u00f3n de suyo no es hostil. Y esa es la gran paradoja en la que nos encontramos cuando hemos llegado al punto de tener que adoptar un dec\u00e1logo, justamente, para mantener una comunicaci\u00f3n no hostil.<\/p>\n<p>&nbsp;<\/p>\n<p>En cualquier caso, vale la pena leer, discutir y aplicar los principios del <em>Manifiesto <\/em>en el hogar, en la escuela y en la oficina. Es urgente entender que, en las redes, la identidad se construye o se destruye a partir de los contenidos que compartimos, y que todo lo que publicamos permanece en l\u00ednea e impacta, tambi\u00e9n, en el mundo f\u00edsico.<\/p>\n<p>&nbsp;<\/p>\n<p>Las palabras, como dice el <em>Manifiesto<\/em>, tienen consecuencias, por lo que al compartirlas, asumimos una responsabilidad. Y otras dos perlas de este magn\u00edfico dec\u00e1logo para terminar: los insultos no son argumentos, y el silencio tambi\u00e9n comunica.<\/p>\n<p>__________<\/p>\n<p><em>El manifiesto de la comunicaci\u00f3n no hostil<\/em><\/p>\n<p><a href=\"http:\/\/paroleostili.com\/wp-content\/uploads\/2017\/03\/manifesto_a4_spagnolo_verticale.pdf\">http:\/\/paroleostili.com\/wp-content\/uploads\/2017\/03\/manifesto_a4_spagnolo_verticale.pdf<\/a><\/p>\n<p class=\"normal\"><span lang=\"EN\" style=\"font-size: 10.0pt; line-height: 115%;\">*Jos\u00e9 Luis Orihuela es Doctor en Ciencias de la Informaci\u00f3n y profesor en la Facultad de Comunicaci\u00f3n de la Universidad de Navarra (Pamplona, Espa\u00f1a). Como conferenciante y profesor invitado ha desarrollado actividades profesionales en 26 pa\u00edses. Ha sido consultor de comunicaci\u00f3n del Banco Mundial y codirector del Congreso iRedes. Es autor de Los medios despu\u00e9s de internet (2015), Mundo Twitter (2011), 80 claves sobre el futuro del periodismo (2011) y La revoluci\u00f3n de los blogs (2006).<\/span><\/p>\n<p class=\"normal\"><span lang=\"EN\" style=\"font-size: 10.0pt; line-height: 115%;\">\u00a0<\/span><span lang=\"EN\" style=\"font-size: 10.0pt; line-height: 115%;\">eMail: jlori@unav.es &#8211; Blog: ecuaderno.com &#8211; Twitter: @jlori<\/span><\/p>","protected":false},"excerpt":{"rendered":"<p>Es urgente entender que, en las redes, la identidad se construye o se destruye a partir de los contenidos que compartimos, y que todo lo que publicamos permanece en l\u00ednea e impacta, tambi\u00e9n, en el mundo f\u00edsico. Art\u00edculo de Jos\u00e9 Luis Orihuela sobre la comunicaci\u00f3n no hostil.<\/p>","protected":false},"author":1,"featured_media":7941,"comment_status":"open","ping_status":"open","sticky":true,"template":"","format":"standard","meta":{"_bbp_topic_count":0,"_bbp_reply_count":0,"_bbp_total_topic_count":0,"_bbp_total_reply_count":0,"_bbp_voice_count":0,"_bbp_anonymous_reply_count":0,"_bbp_topic_count_hidden":0,"_bbp_reply_count_hidden":0,"_bbp_forum_subforum_count":0,"footnotes":""},"categories":[18],"tags":[509,510,511,512,513,159,514],"yoast_head":"<!-- This site is optimized with the Yoast SEO plugin v23.0 - https:\/\/yoast.com\/wordpress\/plugins\/seo\/ -->\n<title>Hora de educar para una comunicaci\u00f3n no hostil - Protege tu corazon<\/title>\n<meta name=\"robots\" content=\"index, follow, max-snippet:-1, max-image-preview:large, max-video-preview:-1\" \/>\n<link rel=\"canonical\" href=\"https:\/\/protegetucorazon.com\/en\/hora-educar-una-comunicacion-no-hostil\/\" \/>\n<meta property=\"og:locale\" content=\"en_US\" \/>\n<meta property=\"og:type\" content=\"article\" \/>\n<meta property=\"og:title\" content=\"Hora de educar para una comunicaci\u00f3n no hostil - Protege tu corazon\" \/>\n<meta property=\"og:description\" content=\"Es urgente entender que, en las redes, la identidad se construye o se destruye a partir de los contenidos que compartimos, y que todo lo que publicamos permanece en l\u00ednea e impacta, tambi\u00e9n, en el mundo f\u00edsico. Art\u00edculo de Jos\u00e9 Luis Orihuela sobre la comunicaci\u00f3n no hostil.\" \/>\n<meta property=\"og:url\" content=\"https:\/\/protegetucorazon.com\/en\/hora-educar-una-comunicacion-no-hostil\/\" \/>\n<meta property=\"og:site_name\" content=\"Protege tu corazon\" \/>\n<meta property=\"article:published_time\" content=\"2017-10-27T18:46:44+00:00\" \/>\n<meta property=\"og:image\" content=\"https:\/\/protegetucorazon.com\/wp-content\/uploads\/2017\/10\/conversacion-en-las-redes.jpg\" \/>\n\t<meta property=\"og:image:width\" content=\"640\" \/>\n\t<meta property=\"og:image:height\" content=\"480\" \/>\n\t<meta property=\"og:image:type\" content=\"image\/jpeg\" \/>\n<meta name=\"author\" content=\"protege2020\" \/>\n<meta name=\"twitter:card\" content=\"summary_large_image\" \/>\n<meta name=\"twitter:label1\" content=\"Written by\" \/>\n\t<meta name=\"twitter:data1\" content=\"protege2020\" \/>\n\t<meta name=\"twitter:label2\" content=\"Est. reading time\" \/>\n\t<meta name=\"twitter:data2\" content=\"2 minutes\" \/>\n<script type=\"application\/ld+json\" class=\"yoast-schema-graph\">{\"@context\":\"https:\/\/schema.org\",\"@graph\":[{\"@type\":\"Article\",\"@id\":\"https:\/\/protegetucorazon.com\/hora-educar-una-comunicacion-no-hostil\/#article\",\"isPartOf\":{\"@id\":\"https:\/\/protegetucorazon.com\/hora-educar-una-comunicacion-no-hostil\/\"},\"author\":{\"name\":\"protege2020\",\"@id\":\"https:\/\/protegetucorazon.com\/#\/schema\/person\/fe40036747dc22da99d555e763b905a7\"},\"headline\":\"Hora de educar para una comunicaci\u00f3n no hostil\",\"datePublished\":\"2017-10-27T18:46:44+00:00\",\"dateModified\":\"2017-10-27T18:46:44+00:00\",\"mainEntityOfPage\":{\"@id\":\"https:\/\/protegetucorazon.com\/hora-educar-una-comunicacion-no-hostil\/\"},\"wordCount\":482,\"commentCount\":1,\"publisher\":{\"@id\":\"https:\/\/protegetucorazon.com\/#organization\"},\"image\":{\"@id\":\"https:\/\/protegetucorazon.com\/hora-educar-una-comunicacion-no-hostil\/#primaryimage\"},\"thumbnailUrl\":\"https:\/\/protegetucorazon.com\/wp-content\/uploads\/2017\/10\/conversacion-en-las-redes.jpg\",\"keywords\":[\"alfabetizaci\u00f3n digital\",\"comunicaci\u00f3n no hostil\",\"dec\u00e1logo de buenas pr\u00e1cticas\",\"etiqueta\",\"mundo virtual\",\"redes sociales\",\"urbanidad\"],\"articleSection\":[\"articulos\"],\"inLanguage\":\"en-US\",\"potentialAction\":[{\"@type\":\"CommentAction\",\"name\":\"Comment\",\"target\":[\"https:\/\/protegetucorazon.com\/hora-educar-una-comunicacion-no-hostil\/#respond\"]}]},{\"@type\":\"WebPage\",\"@id\":\"https:\/\/protegetucorazon.com\/hora-educar-una-comunicacion-no-hostil\/\",\"url\":\"https:\/\/protegetucorazon.com\/hora-educar-una-comunicacion-no-hostil\/\",\"name\":\"Hora de educar para una comunicaci\u00f3n no hostil - Protege tu corazon\",\"isPartOf\":{\"@id\":\"https:\/\/protegetucorazon.com\/#website\"},\"primaryImageOfPage\":{\"@id\":\"https:\/\/protegetucorazon.com\/hora-educar-una-comunicacion-no-hostil\/#primaryimage\"},\"image\":{\"@id\":\"https:\/\/protegetucorazon.com\/hora-educar-una-comunicacion-no-hostil\/#primaryimage\"},\"thumbnailUrl\":\"https:\/\/protegetucorazon.com\/wp-content\/uploads\/2017\/10\/conversacion-en-las-redes.jpg\",\"datePublished\":\"2017-10-27T18:46:44+00:00\",\"dateModified\":\"2017-10-27T18:46:44+00:00\",\"breadcrumb\":{\"@id\":\"https:\/\/protegetucorazon.com\/hora-educar-una-comunicacion-no-hostil\/#breadcrumb\"},\"inLanguage\":\"en-US\",\"potentialAction\":[{\"@type\":\"ReadAction\",\"target\":[\"https:\/\/protegetucorazon.com\/hora-educar-una-comunicacion-no-hostil\/\"]}]},{\"@type\":\"ImageObject\",\"inLanguage\":\"en-US\",\"@id\":\"https:\/\/protegetucorazon.com\/hora-educar-una-comunicacion-no-hostil\/#primaryimage\",\"url\":\"https:\/\/protegetucorazon.com\/wp-content\/uploads\/2017\/10\/conversacion-en-las-redes.jpg\",\"contentUrl\":\"https:\/\/protegetucorazon.com\/wp-content\/uploads\/2017\/10\/conversacion-en-las-redes.jpg\",\"width\":640,\"height\":480},{\"@type\":\"BreadcrumbList\",\"@id\":\"https:\/\/protegetucorazon.com\/hora-educar-una-comunicacion-no-hostil\/#breadcrumb\",\"itemListElement\":[{\"@type\":\"ListItem\",\"position\":1,\"name\":\"Portada\",\"item\":\"https:\/\/protegetucorazon.com\/\"},{\"@type\":\"ListItem\",\"position\":2,\"name\":\"Hora de educar para una comunicaci\u00f3n no hostil\"}]},{\"@type\":\"WebSite\",\"@id\":\"https:\/\/protegetucorazon.com\/#website\",\"url\":\"https:\/\/protegetucorazon.com\/\",\"name\":\"Protege tu corazon\",\"description\":\"Programa de educaci\u00f3n de la sexualidad basado en la formaci\u00f3n del car\u00e1cter\",\"publisher\":{\"@id\":\"https:\/\/protegetucorazon.com\/#organization\"},\"potentialAction\":[{\"@type\":\"SearchAction\",\"target\":{\"@type\":\"EntryPoint\",\"urlTemplate\":\"https:\/\/protegetucorazon.com\/?s={search_term_string}\"},\"query-input\":\"required name=search_term_string\"}],\"inLanguage\":\"en-US\"},{\"@type\":\"Organization\",\"@id\":\"https:\/\/protegetucorazon.com\/#organization\",\"name\":\"Protege tu corazon\",\"url\":\"https:\/\/protegetucorazon.com\/\",\"logo\":{\"@type\":\"ImageObject\",\"inLanguage\":\"en-US\",\"@id\":\"https:\/\/protegetucorazon.com\/#\/schema\/logo\/image\/\",\"url\":\"https:\/\/protegetucorazon.com\/wp-content\/uploads\/2020\/06\/protege-tu-corazon-color.png\",\"contentUrl\":\"https:\/\/protegetucorazon.com\/wp-content\/uploads\/2020\/06\/protege-tu-corazon-color.png\",\"width\":256,\"height\":90,\"caption\":\"Protege tu corazon\"},\"image\":{\"@id\":\"https:\/\/protegetucorazon.com\/#\/schema\/logo\/image\/\"}},{\"@type\":\"Person\",\"@id\":\"https:\/\/protegetucorazon.com\/#\/schema\/person\/fe40036747dc22da99d555e763b905a7\",\"name\":\"protege2020\",\"image\":{\"@type\":\"ImageObject\",\"inLanguage\":\"en-US\",\"@id\":\"https:\/\/protegetucorazon.com\/#\/schema\/person\/image\/\",\"url\":\"https:\/\/secure.gravatar.com\/avatar\/bae55470a3bfbad875b95ad324b52db8?s=96&d=mm&r=g\",\"contentUrl\":\"https:\/\/secure.gravatar.com\/avatar\/bae55470a3bfbad875b95ad324b52db8?s=96&d=mm&r=g\",\"caption\":\"protege2020\"},\"sameAs\":[\"https:\/\/protegetucorazon.com\"],\"url\":\"https:\/\/protegetucorazon.com\/en\/author\/protege2020\/\"}]}<\/script>\n<!-- \/ Yoast SEO plugin. -->","yoast_head_json":{"title":"Hora de educar para una comunicaci\u00f3n no hostil - Protege tu corazon","robots":{"index":"index","follow":"follow","max-snippet":"max-snippet:-1","max-image-preview":"max-image-preview:large","max-video-preview":"max-video-preview:-1"},"canonical":"https:\/\/protegetucorazon.com\/en\/hora-educar-una-comunicacion-no-hostil\/","og_locale":"en_US","og_type":"article","og_title":"Hora de educar para una comunicaci\u00f3n no hostil - Protege tu corazon","og_description":"Es urgente entender que, en las redes, la identidad se construye o se destruye a partir de los contenidos que compartimos, y que todo lo que publicamos permanece en l\u00ednea e impacta, tambi\u00e9n, en el mundo f\u00edsico. Art\u00edculo de Jos\u00e9 Luis Orihuela sobre la comunicaci\u00f3n no hostil.","og_url":"https:\/\/protegetucorazon.com\/en\/hora-educar-una-comunicacion-no-hostil\/","og_site_name":"Protege tu corazon","article_published_time":"2017-10-27T18:46:44+00:00","og_image":[{"width":640,"height":480,"url":"https:\/\/protegetucorazon.com\/wp-content\/uploads\/2017\/10\/conversacion-en-las-redes.jpg","type":"image\/jpeg"}],"author":"protege2020","twitter_card":"summary_large_image","twitter_misc":{"Written by":"protege2020","Est. reading time":"2 minutes"},"schema":{"@context":"https:\/\/schema.org","@graph":[{"@type":"Article","@id":"https:\/\/protegetucorazon.com\/hora-educar-una-comunicacion-no-hostil\/#article","isPartOf":{"@id":"https:\/\/protegetucorazon.com\/hora-educar-una-comunicacion-no-hostil\/"},"author":{"name":"protege2020","@id":"https:\/\/protegetucorazon.com\/#\/schema\/person\/fe40036747dc22da99d555e763b905a7"},"headline":"Hora de educar para una comunicaci\u00f3n no hostil","datePublished":"2017-10-27T18:46:44+00:00","dateModified":"2017-10-27T18:46:44+00:00","mainEntityOfPage":{"@id":"https:\/\/protegetucorazon.com\/hora-educar-una-comunicacion-no-hostil\/"},"wordCount":482,"commentCount":1,"publisher":{"@id":"https:\/\/protegetucorazon.com\/#organization"},"image":{"@id":"https:\/\/protegetucorazon.com\/hora-educar-una-comunicacion-no-hostil\/#primaryimage"},"thumbnailUrl":"https:\/\/protegetucorazon.com\/wp-content\/uploads\/2017\/10\/conversacion-en-las-redes.jpg","keywords":["alfabetizaci\u00f3n digital","comunicaci\u00f3n no hostil","dec\u00e1logo de buenas pr\u00e1cticas","etiqueta","mundo virtual","redes sociales","urbanidad"],"articleSection":["articulos"],"inLanguage":"en-US","potentialAction":[{"@type":"CommentAction","name":"Comment","target":["https:\/\/protegetucorazon.com\/hora-educar-una-comunicacion-no-hostil\/#respond"]}]},{"@type":"WebPage","@id":"https:\/\/protegetucorazon.com\/hora-educar-una-comunicacion-no-hostil\/","url":"https:\/\/protegetucorazon.com\/hora-educar-una-comunicacion-no-hostil\/","name":"Hora de educar para una comunicaci\u00f3n no hostil - Protege tu corazon","isPartOf":{"@id":"https:\/\/protegetucorazon.com\/#website"},"primaryImageOfPage":{"@id":"https:\/\/protegetucorazon.com\/hora-educar-una-comunicacion-no-hostil\/#primaryimage"},"image":{"@id":"https:\/\/protegetucorazon.com\/hora-educar-una-comunicacion-no-hostil\/#primaryimage"},"thumbnailUrl":"https:\/\/protegetucorazon.com\/wp-content\/uploads\/2017\/10\/conversacion-en-las-redes.jpg","datePublished":"2017-10-27T18:46:44+00:00","dateModified":"2017-10-27T18:46:44+00:00","breadcrumb":{"@id":"https:\/\/protegetucorazon.com\/hora-educar-una-comunicacion-no-hostil\/#breadcrumb"},"inLanguage":"en-US","potentialAction":[{"@type":"ReadAction","target":["https:\/\/protegetucorazon.com\/hora-educar-una-comunicacion-no-hostil\/"]}]},{"@type":"ImageObject","inLanguage":"en-US","@id":"https:\/\/protegetucorazon.com\/hora-educar-una-comunicacion-no-hostil\/#primaryimage","url":"https:\/\/protegetucorazon.com\/wp-content\/uploads\/2017\/10\/conversacion-en-las-redes.jpg","contentUrl":"https:\/\/protegetucorazon.com\/wp-content\/uploads\/2017\/10\/conversacion-en-las-redes.jpg","width":640,"height":480},{"@type":"BreadcrumbList","@id":"https:\/\/protegetucorazon.com\/hora-educar-una-comunicacion-no-hostil\/#breadcrumb","itemListElement":[{"@type":"ListItem","position":1,"name":"Portada","item":"https:\/\/protegetucorazon.com\/"},{"@type":"ListItem","position":2,"name":"Hora de educar para una comunicaci\u00f3n no hostil"}]},{"@type":"WebSite","@id":"https:\/\/protegetucorazon.com\/#website","url":"https:\/\/protegetucorazon.com\/","name":"Protege tu corazon","description":"Programa de educaci\u00f3n de la sexualidad basado en la formaci\u00f3n del car\u00e1cter","publisher":{"@id":"https:\/\/protegetucorazon.com\/#organization"},"potentialAction":[{"@type":"SearchAction","target":{"@type":"EntryPoint","urlTemplate":"https:\/\/protegetucorazon.com\/?s={search_term_string}"},"query-input":"required name=search_term_string"}],"inLanguage":"en-US"},{"@type":"Organization","@id":"https:\/\/protegetucorazon.com\/#organization","name":"Protege tu corazon","url":"https:\/\/protegetucorazon.com\/","logo":{"@type":"ImageObject","inLanguage":"en-US","@id":"https:\/\/protegetucorazon.com\/#\/schema\/logo\/image\/","url":"https:\/\/protegetucorazon.com\/wp-content\/uploads\/2020\/06\/protege-tu-corazon-color.png","contentUrl":"https:\/\/protegetucorazon.com\/wp-content\/uploads\/2020\/06\/protege-tu-corazon-color.png","width":256,"height":90,"caption":"Protege tu corazon"},"image":{"@id":"https:\/\/protegetucorazon.com\/#\/schema\/logo\/image\/"}},{"@type":"Person","@id":"https:\/\/protegetucorazon.com\/#\/schema\/person\/fe40036747dc22da99d555e763b905a7","name":"protege2020","image":{"@type":"ImageObject","inLanguage":"en-US","@id":"https:\/\/protegetucorazon.com\/#\/schema\/person\/image\/","url":"https:\/\/secure.gravatar.com\/avatar\/bae55470a3bfbad875b95ad324b52db8?s=96&d=mm&r=g","contentUrl":"https:\/\/secure.gravatar.com\/avatar\/bae55470a3bfbad875b95ad324b52db8?s=96&d=mm&r=g","caption":"protege2020"},"sameAs":["https:\/\/protegetucorazon.com"],"url":"https:\/\/protegetucorazon.com\/en\/author\/protege2020\/"}]}},"_links":{"self":[{"href":"https:\/\/protegetucorazon.com\/en\/wp-json\/wp\/v2\/posts\/7938"}],"collection":[{"href":"https:\/\/protegetucorazon.com\/en\/wp-json\/wp\/v2\/posts"}],"about":[{"href":"https:\/\/protegetucorazon.com\/en\/wp-json\/wp\/v2\/types\/post"}],"author":[{"embeddable":true,"href":"https:\/\/protegetucorazon.com\/en\/wp-json\/wp\/v2\/users\/1"}],"replies":[{"embeddable":true,"href":"https:\/\/protegetucorazon.com\/en\/wp-json\/wp\/v2\/comments?post=7938"}],"version-history":[{"count":0,"href":"https:\/\/protegetucorazon.com\/en\/wp-json\/wp\/v2\/posts\/7938\/revisions"}],"wp:featuredmedia":[{"embeddable":true,"href":"https:\/\/protegetucorazon.com\/en\/wp-json\/wp\/v2\/media\/7941"}],"wp:attachment":[{"href":"https:\/\/protegetucorazon.com\/en\/wp-json\/wp\/v2\/media?parent=7938"}],"wp:term":[{"taxonomy":"category","embeddable":true,"href":"https:\/\/protegetucorazon.com\/en\/wp-json\/wp\/v2\/categories?post=7938"},{"taxonomy":"post_tag","embeddable":true,"href":"https:\/\/protegetucorazon.com\/en\/wp-json\/wp\/v2\/tags?post=7938"}],"curies":[{"name":"wp","href":"https:\/\/api.w.org\/{rel}","templated":true}]}}