      
            
            
            
      {"id":7953,"date":"2017-12-04T18:16:03","date_gmt":"2017-12-05T00:16:03","guid":{"rendered":"http:\/\/www.protegetucorazon.com\/?p=7953"},"modified":"2017-12-04T18:16:03","modified_gmt":"2017-12-05T00:16:03","slug":"claves-uso-adecuado-las-redes-sociales-ninos-adolescentes","status":"publish","type":"post","link":"https:\/\/protegetucorazon.com\/en\/claves-uso-adecuado-las-redes-sociales-ninos-adolescentes\/","title":{"rendered":"Claves para el uso adecuado de las redes sociales en ni\u00f1os y adolescentes"},"content":{"rendered":"<p><a ref=\"magnificPopup\" href=\"https:\/\/protegetucorazon.com\/wp-content\/uploads\/2017\/12\/grupo-de-adolescentes-con-celular-abstraidos.jpg\"><img loading=\"lazy\" decoding=\"async\" class=\"size-thumbnail wp-image-7954\" src=\"https:\/\/protegetucorazon.com\/wp-content\/uploads\/2017\/12\/grupo-de-adolescentes-con-celular-abstraidos-150x150.jpg\" alt=\"29348172 - group of teenage boys and girls ignoring each other while using their cell phones at school\" width=\"150\" height=\"150\" srcset=\"https:\/\/protegetucorazon.com\/wp-content\/uploads\/2017\/12\/grupo-de-adolescentes-con-celular-abstraidos-150x150.jpg 150w, https:\/\/protegetucorazon.com\/wp-content\/uploads\/2017\/12\/grupo-de-adolescentes-con-celular-abstraidos-300x300.jpg 300w\" sizes=\"(max-width: 150px) 100vw, 150px\" \/><\/a><\/p>\n<p>Por Juan Camilo D\u00edaz Boh\u00f3rquez*<\/p>\n<p>A diario somos testigos de la manera como unos pocos utilizan las redes sociales, poderosas herramientas de comunicaci\u00f3n, informaci\u00f3n e interacci\u00f3n, para agredir a los dem\u00e1s, especialmente cuando se trata de asuntos \u00e1lgidos, tipo pol\u00edtica, religi\u00f3n, f\u00fatbol, o en definitiva por cualquier cosa. Basta con encontrarse en tiempo electoral o cerca de una final de f\u00fatbol. Ni hablar cuando se trata de temas que implican las creencias de las personas, asuntos que llevan a que el insulto, la burla y hasta la amenaza sean el pan de cada d\u00eda.<\/p>\n<p>Lo que fue creado para dar v\u00eda libre a la libertad de expresi\u00f3n, se ha convertido en un espacio de censura, de maltrato contra todo aquel que manifieste lo contrario, que no piense igual. Contradictorio desde cualquier punto de vista, porque uno de los objetivos de estas plataformas es abrir espacios democr\u00e1ticos de discusi\u00f3n, pero, si no piensas como yo, te aniquilo con 140 (ahora 280) caracteres.<\/p>\n<p>El problema no son las redes: el problema somos los usuarios que hacemos mal uso de las herramientas a nuestra mano. Por eso, y tomando como referencia el art\u00edculo \u201c<em>10 formas correctas de usar las redes sociales<\/em>\u201d, publicado en el portal FamilyandMedia, sitio web de un grupo de investigaci\u00f3n internacional en estos temas, se presentan las cinco (5) claves para usar las redes sociales adecuadamente y que como padres de familia nos deben ayudar a guiar a nuestros hijos para el uso seguro, responsable y constructivo de estas plataformas:<\/p>\n<ol>\n<li><strong>Las redes sociales NO son un espacio para exponer la privacidad y la intimidad<\/strong><\/li>\n<\/ol>\n<p>Debemos comenzar indicando que en la actualidad buena parte de las actividades de los ni\u00f1os y adolescentes est\u00e1n mediadas por pantallas: a trav\u00e9s de ellas se comunican, comparten, se informan, se entretienen y consumen. Todo esto se traduce en interactividad permanente lo que ha llevado a que ahora sean\u00a0<em>prosumidores<\/em>, es decir\u00a0<em>productores \u2013 consumidores,\u00a0<\/em>que est\u00e1n en permanente producci\u00f3n y consumo de contenido online.<\/p>\n<p>Basta ver la cantidad de tuits, fotos, enlaces, conversaciones y publicaciones que se comparten a diario, lo que nos lleva a pensar que hoy d\u00eda, cuando hablamos de medios masivos de comunicaci\u00f3n, las redes sociales lo son por excelencia. Pero esa caracter\u00edstica, la de producir y consumir contenido digital, conlleva la responsabilidad de ser muy cuidadoso con lo que publico, sin afectar mi intimidad ni la de terceros, que no agreda ni ofenda.<\/p>\n<p>Ciertos t\u00e9rminos que rayan con la groser\u00eda y la ofensa, algunas im\u00e1genes en donde se expone la intimidad (incluso ya se habla de la\u00a0<em>extimidad<\/em>), como las fotos en vestido de ba\u00f1o o ropa interior, y el intercambio de im\u00e1genes con alto contenido sexual propio o de terceros, son algunos de los ejemplos que nos deben llevar a dar pautas de uso responsable.<\/p>\n<ol start=\"2\">\n<li><strong>Debemos aprender a respetar, escuchar y a dialogar<\/strong><\/li>\n<\/ol>\n<p>Debemos percibir a las redes sociales como espacios de di\u00e1logo, como una conversaci\u00f3n en donde la inmediatez es parte del proceso comunicativo muy r\u00e1pido. Pero no podemos dejarnos llevar por ese tsumani, debemos tomar aire y escuchar con paciencia y respeto. Lo menciono porque pareciera que vivimos en una vor\u00e1gine de contenidos, en una especie de &#8220;infoxicaci\u00f3n&#8221; y permanente desacuerdo con el otro que conlleva a que, en cualquier momento, cuando algo publicado no me gusta, lanzo la &#8220;piedra virtual&#8221; para romper lo que sea.<\/p>\n<p>Algunos estudios publicados en Europa indican que a diario recibimos m\u00e1s de 5.000 mensajes diferentes de todo tipo. Esto, adem\u00e1s de ser una sobrecarga, genera una especie de angustia, de desespero emocional porque no somos capaces de procesar toda la informaci\u00f3n. Y en buena parte es lo que produce que reaccionemos agresivamente ante cualquier cosa.<\/p>\n<p>Debemos aprender a ser respetuosos del otro, de su pensamiento, de sus opiniones. Adem\u00e1s, debemos aprender que, as\u00ed como en el mundo offline, cuando no estamos de acuerdo con algo lo refutamos, pero lo hacemos con altura, respeto y argumentaci\u00f3n. No por ser Internet, virtual, todo se vale.<\/p>\n<p>As\u00ed mismo, es urgente que ni\u00f1os y adolescentes comprendan que deben ser m\u00e1s cautos, \u00a0respirar profundo antes de responder, entender que la inmediatez de sus respuestas puede generarles grandes inconvenientes.<\/p>\n<ol start=\"3\">\n<li><strong>Pienso, luego publico<\/strong><\/li>\n<\/ol>\n<p>Hoy somos esclavos de la inmediatez. Sentimos la urgente necesidad de estar atentos a cualquier mensaje que nos llegue para contestarlo de inmediato y a que nos den respuesta en el menor tiempo posible una vez requerimos algo.<\/p>\n<p>Esta actitud, de la inmediatez, del af\u00e1n, adem\u00e1s de generarnos estr\u00e9s y agotamiento, tambi\u00e9n puede llevarnos a equivocarnos en las respuestas, a no ser cuidadosos en lo que publicamos.<\/p>\n<p>Por otro lado, en el af\u00e1n de ser socialmente aceptados, de tener \u201camigos\u201d, de obtener likes, un menor de edad puede publicar im\u00e1genes o videos que afectan su intimidad. En el universo de los likes, en donde buscamos permanentemente la aprobaci\u00f3n del otro, se pueden cometer muchos errores. Recuerdo el caso de una ni\u00f1a, 13 a\u00f1os, que en su af\u00e1n de ser aceptada por su grupo de amigos public\u00f3 unas im\u00e1genes personales en el ba\u00f1o de su casa, en ropa interior, indicando que estaba creciendo. Y todo sali\u00f3 mal: fue objeto de burla, de malas palabras y lo peor es que su foto fue compartida y cuando publico algo en l\u00ednea es universal y pierdo el control de la informaci\u00f3n, lo que la hace pr\u00e1cticamente imborrable.<\/p>\n<p>Parafraseando a Descartes, con su famosa m\u00e1xima \u201cPienso luego existo\u201d, hoy tenemos la tarea de ense\u00f1arles a nuestros hijos la siguiente frase: \u201cPienso, luego publico\u201d.<\/p>\n<ol start=\"4\">\n<li><strong>Ser natural y aut\u00e9ntico<\/strong><\/li>\n<\/ol>\n<p>Seg\u00fan la Real Academia de la Lengua, la coherencia es la \u201cactitud l\u00f3gica y consecuente con los principios que se profesan.\u201d En ese orden de ideas, una persona coherente es aquella en donde encontramos unidad de pensamiento y acciones.<\/p>\n<p>Lo que vemos en redes sociales es que no hay coherencia offline y online. En el mundo real digo y hago de una forma y en el mundo digital digo y hago otra cosa. Buena parte de esa incoherencia entre lo real y lo digital se debe a la necesidad de aparentar lo que no se es, de mostrar un mundo que no existe y de lograr en muchos casos la aceptaci\u00f3n de terceros.<\/p>\n<p>Los padres de familia tenemos una tarea: debemos formar el car\u00e1cter y la personalidad de nuestros hijos para que sean uno solo en cualquier espacio. Me atrever\u00eda a decir que esa coherencia debe ser m\u00e1s evidente en las redes sociales ya que son exponenciales: millones pueden ver mi publicaci\u00f3n.<\/p>\n<ol start=\"5\">\n<li><strong>Nos perciben seg\u00fan lo que publicamos<\/strong><\/li>\n<\/ol>\n<p>En l\u00ednea con el punto anterior, en la actualidad, lo que publicamos y c\u00f3mo lo publicamos marca mucho. Cada uno de nosotros tiene la responsabilidad de seleccionar y publicar la informaci\u00f3n para lograr una adecuada interacci\u00f3n en las redes sociales. Manejamos perfiles y debemos ser coherentes para que ese perfil virtual sea tal cual el perfil real. Muchos no lo saben, pero ya son varias las organizaciones realizan un barrido por las redes sociales del aspirante para determinar qu\u00e9 hace, qu\u00e9 dice, qu\u00e9 opina.<\/p>\n<p>Conozco el caso de una adolescente que quer\u00eda estudiar una carrera universitaria. En la entrevista manifest\u00f3 unas cosas, pero cuando el responsable del proceso de admisi\u00f3n la busc\u00f3 en redes sociales encontr\u00f3 otras \u00a0que iban en contrav\u00eda con lo expresado. Esa situaci\u00f3n le rest\u00f3 puntos y no fue admitida.<\/p>\n<p>Creemos que Internet y las redes sociales son an\u00f3nimas, que no hay un impacto y una percepci\u00f3n de la persona seg\u00fan lo que publica. Nada m\u00e1s alejado de la realidad. Ni\u00f1os y adolescentes deben ser conscientes que la \u201chuella digital\u201d marca la vida para siempre.<\/p>\n<p>Como podemos ver, tenemos un desaf\u00edo enorme pero no es una tarea imposible. Es simplemente poner en pr\u00e1ctica todo aquello que en el mundo real hacemos permanentemente para ser coherentes, naturales, decentes. Debemos aprender, y ense\u00f1ar a nuestros hijos a utilizar adecuadamente las redes, sacarles el mayor provecho posible y as\u00ed abrir sanos espacios de encuentro, interacci\u00f3n e informaci\u00f3n.<\/p>\n<p>&nbsp;<\/p>\n<p>*Juan Camilo D\u00edaz es\u00a0Comunicador Social y Periodista con Magister en Educaci\u00f3n con \u00c9nfasis en Desarrollo Humano y Valores. \u00a0Profesor investigador del Instituto de la Familia de la Universidad de La Sabana. Investigador, consultor y gestor de proyectos en Comunicaci\u00f3n, Familia e infancia.<\/p>\n<p><a href=\"mailto:jcdiazbohorquez@gmail.com\">jcdiazbohorquez@gmail.com<\/a>\u00a0&#8211;\u00a0Twitter: @jcdiazbohorquez<\/p>\n<p>&nbsp;<\/p>\n<p>&nbsp;<\/p>\n<p>&nbsp;<\/p>","protected":false},"excerpt":{"rendered":"<p>La vida de los ni\u00f1os y adolescentes est\u00e1 mediada por pantallas: a trav\u00e9s de ellas se comunican, comparten, se informan, se entretienen y consumen. Se trata de una interactividad permanente que los hace prosumidores, o sea productores y consumidores.  de contenido online.  Es un desaf\u00edo de los padres ense\u00f1arles a comportarse en el mundo virtual como lo hacen en el mundo real para que sean coherentes, naturales y decentes.<\/p>","protected":false},"author":1,"featured_media":7954,"comment_status":"open","ping_status":"open","sticky":true,"template":"","format":"standard","meta":{"_bbp_topic_count":0,"_bbp_reply_count":0,"_bbp_total_topic_count":0,"_bbp_total_reply_count":0,"_bbp_voice_count":0,"_bbp_anonymous_reply_count":0,"_bbp_topic_count_hidden":0,"_bbp_reply_count_hidden":0,"_bbp_forum_subforum_count":0,"footnotes":""},"categories":[18],"tags":[126,521,522,156,523,311,227,524,525,526,159,527],"yoast_head":"<!-- This site is optimized with the Yoast SEO plugin v23.0 - https:\/\/yoast.com\/wordpress\/plugins\/seo\/ -->\n<title>Claves para el uso adecuado de las redes sociales en ni\u00f1os y adolescentes - Protege tu corazon<\/title>\n<meta name=\"robots\" content=\"index, follow, max-snippet:-1, max-image-preview:large, max-video-preview:-1\" \/>\n<link rel=\"canonical\" href=\"https:\/\/protegetucorazon.com\/en\/claves-uso-adecuado-las-redes-sociales-ninos-adolescentes\/\" \/>\n<meta property=\"og:locale\" content=\"en_US\" \/>\n<meta property=\"og:type\" content=\"article\" \/>\n<meta property=\"og:title\" content=\"Claves para el uso adecuado de las redes sociales en ni\u00f1os y adolescentes - Protege tu corazon\" \/>\n<meta property=\"og:description\" content=\"La vida de los ni\u00f1os y adolescentes est\u00e1 mediada por pantallas: a trav\u00e9s de ellas se comunican, comparten, se informan, se entretienen y consumen. Se trata de una interactividad permanente que los hace prosumidores, o sea productores y consumidores. de contenido online. Es un desaf\u00edo de los padres ense\u00f1arles a comportarse en el mundo virtual como lo hacen en el mundo real para que sean coherentes, naturales y decentes.\" \/>\n<meta property=\"og:url\" content=\"https:\/\/protegetucorazon.com\/en\/claves-uso-adecuado-las-redes-sociales-ninos-adolescentes\/\" \/>\n<meta property=\"og:site_name\" content=\"Protege tu corazon\" \/>\n<meta property=\"article:published_time\" content=\"2017-12-05T00:16:03+00:00\" \/>\n<meta property=\"og:image\" content=\"https:\/\/protegetucorazon.com\/wp-content\/uploads\/2017\/12\/grupo-de-adolescentes-con-celular-abstraidos.jpg\" \/>\n\t<meta property=\"og:image:width\" content=\"2508\" \/>\n\t<meta property=\"og:image:height\" content=\"1672\" \/>\n\t<meta property=\"og:image:type\" content=\"image\/jpeg\" \/>\n<meta name=\"author\" content=\"protege2020\" \/>\n<meta name=\"twitter:card\" content=\"summary_large_image\" \/>\n<meta name=\"twitter:label1\" content=\"Written by\" \/>\n\t<meta name=\"twitter:data1\" content=\"protege2020\" \/>\n\t<meta name=\"twitter:label2\" content=\"Est. reading time\" \/>\n\t<meta name=\"twitter:data2\" content=\"7 minutes\" \/>\n<script type=\"application\/ld+json\" class=\"yoast-schema-graph\">{\"@context\":\"https:\/\/schema.org\",\"@graph\":[{\"@type\":\"Article\",\"@id\":\"https:\/\/protegetucorazon.com\/claves-uso-adecuado-las-redes-sociales-ninos-adolescentes\/#article\",\"isPartOf\":{\"@id\":\"https:\/\/protegetucorazon.com\/claves-uso-adecuado-las-redes-sociales-ninos-adolescentes\/\"},\"author\":{\"name\":\"protege2020\",\"@id\":\"https:\/\/protegetucorazon.com\/#\/schema\/person\/fe40036747dc22da99d555e763b905a7\"},\"headline\":\"Claves para el uso adecuado de las redes sociales en ni\u00f1os y adolescentes\",\"datePublished\":\"2017-12-05T00:16:03+00:00\",\"dateModified\":\"2017-12-05T00:16:03+00:00\",\"mainEntityOfPage\":{\"@id\":\"https:\/\/protegetucorazon.com\/claves-uso-adecuado-las-redes-sociales-ninos-adolescentes\/\"},\"wordCount\":1470,\"commentCount\":0,\"publisher\":{\"@id\":\"https:\/\/protegetucorazon.com\/#organization\"},\"image\":{\"@id\":\"https:\/\/protegetucorazon.com\/claves-uso-adecuado-las-redes-sociales-ninos-adolescentes\/#primaryimage\"},\"thumbnailUrl\":\"https:\/\/protegetucorazon.com\/wp-content\/uploads\/2017\/12\/grupo-de-adolescentes-con-celular-abstraidos.jpg\",\"keywords\":[\"adolescentes\",\"extemidad\",\"instagram\",\"intimidad\",\"netiqueta\",\"ni\u00f1os\",\"padres\",\"perfil\",\"pienso luego publico\",\"prosumidores\",\"redes sociales\",\"tuits\"],\"articleSection\":[\"articulos\"],\"inLanguage\":\"en-US\",\"potentialAction\":[{\"@type\":\"CommentAction\",\"name\":\"Comment\",\"target\":[\"https:\/\/protegetucorazon.com\/claves-uso-adecuado-las-redes-sociales-ninos-adolescentes\/#respond\"]}]},{\"@type\":\"WebPage\",\"@id\":\"https:\/\/protegetucorazon.com\/claves-uso-adecuado-las-redes-sociales-ninos-adolescentes\/\",\"url\":\"https:\/\/protegetucorazon.com\/claves-uso-adecuado-las-redes-sociales-ninos-adolescentes\/\",\"name\":\"Claves para el uso adecuado de las redes sociales en ni\u00f1os y adolescentes - Protege tu corazon\",\"isPartOf\":{\"@id\":\"https:\/\/protegetucorazon.com\/#website\"},\"primaryImageOfPage\":{\"@id\":\"https:\/\/protegetucorazon.com\/claves-uso-adecuado-las-redes-sociales-ninos-adolescentes\/#primaryimage\"},\"image\":{\"@id\":\"https:\/\/protegetucorazon.com\/claves-uso-adecuado-las-redes-sociales-ninos-adolescentes\/#primaryimage\"},\"thumbnailUrl\":\"https:\/\/protegetucorazon.com\/wp-content\/uploads\/2017\/12\/grupo-de-adolescentes-con-celular-abstraidos.jpg\",\"datePublished\":\"2017-12-05T00:16:03+00:00\",\"dateModified\":\"2017-12-05T00:16:03+00:00\",\"breadcrumb\":{\"@id\":\"https:\/\/protegetucorazon.com\/claves-uso-adecuado-las-redes-sociales-ninos-adolescentes\/#breadcrumb\"},\"inLanguage\":\"en-US\",\"potentialAction\":[{\"@type\":\"ReadAction\",\"target\":[\"https:\/\/protegetucorazon.com\/claves-uso-adecuado-las-redes-sociales-ninos-adolescentes\/\"]}]},{\"@type\":\"ImageObject\",\"inLanguage\":\"en-US\",\"@id\":\"https:\/\/protegetucorazon.com\/claves-uso-adecuado-las-redes-sociales-ninos-adolescentes\/#primaryimage\",\"url\":\"https:\/\/protegetucorazon.com\/wp-content\/uploads\/2017\/12\/grupo-de-adolescentes-con-celular-abstraidos.jpg\",\"contentUrl\":\"https:\/\/protegetucorazon.com\/wp-content\/uploads\/2017\/12\/grupo-de-adolescentes-con-celular-abstraidos.jpg\",\"width\":2508,\"height\":1672,\"caption\":\"29348172 - group of teenage boys and girls ignoring each other while using their cell phones at school\"},{\"@type\":\"BreadcrumbList\",\"@id\":\"https:\/\/protegetucorazon.com\/claves-uso-adecuado-las-redes-sociales-ninos-adolescentes\/#breadcrumb\",\"itemListElement\":[{\"@type\":\"ListItem\",\"position\":1,\"name\":\"Portada\",\"item\":\"https:\/\/protegetucorazon.com\/\"},{\"@type\":\"ListItem\",\"position\":2,\"name\":\"Claves para el uso adecuado de las redes sociales en ni\u00f1os y adolescentes\"}]},{\"@type\":\"WebSite\",\"@id\":\"https:\/\/protegetucorazon.com\/#website\",\"url\":\"https:\/\/protegetucorazon.com\/\",\"name\":\"Protege tu corazon\",\"description\":\"Programa de educaci\u00f3n de la sexualidad basado en la formaci\u00f3n del car\u00e1cter\",\"publisher\":{\"@id\":\"https:\/\/protegetucorazon.com\/#organization\"},\"potentialAction\":[{\"@type\":\"SearchAction\",\"target\":{\"@type\":\"EntryPoint\",\"urlTemplate\":\"https:\/\/protegetucorazon.com\/?s={search_term_string}\"},\"query-input\":\"required name=search_term_string\"}],\"inLanguage\":\"en-US\"},{\"@type\":\"Organization\",\"@id\":\"https:\/\/protegetucorazon.com\/#organization\",\"name\":\"Protege tu corazon\",\"url\":\"https:\/\/protegetucorazon.com\/\",\"logo\":{\"@type\":\"ImageObject\",\"inLanguage\":\"en-US\",\"@id\":\"https:\/\/protegetucorazon.com\/#\/schema\/logo\/image\/\",\"url\":\"https:\/\/protegetucorazon.com\/wp-content\/uploads\/2020\/06\/protege-tu-corazon-color.png\",\"contentUrl\":\"https:\/\/protegetucorazon.com\/wp-content\/uploads\/2020\/06\/protege-tu-corazon-color.png\",\"width\":256,\"height\":90,\"caption\":\"Protege tu corazon\"},\"image\":{\"@id\":\"https:\/\/protegetucorazon.com\/#\/schema\/logo\/image\/\"}},{\"@type\":\"Person\",\"@id\":\"https:\/\/protegetucorazon.com\/#\/schema\/person\/fe40036747dc22da99d555e763b905a7\",\"name\":\"protege2020\",\"image\":{\"@type\":\"ImageObject\",\"inLanguage\":\"en-US\",\"@id\":\"https:\/\/protegetucorazon.com\/#\/schema\/person\/image\/\",\"url\":\"https:\/\/secure.gravatar.com\/avatar\/bae55470a3bfbad875b95ad324b52db8?s=96&d=mm&r=g\",\"contentUrl\":\"https:\/\/secure.gravatar.com\/avatar\/bae55470a3bfbad875b95ad324b52db8?s=96&d=mm&r=g\",\"caption\":\"protege2020\"},\"sameAs\":[\"https:\/\/protegetucorazon.com\"],\"url\":\"https:\/\/protegetucorazon.com\/en\/author\/protege2020\/\"}]}<\/script>\n<!-- \/ Yoast SEO plugin. -->","yoast_head_json":{"title":"Claves para el uso adecuado de las redes sociales en ni\u00f1os y adolescentes - Protege tu corazon","robots":{"index":"index","follow":"follow","max-snippet":"max-snippet:-1","max-image-preview":"max-image-preview:large","max-video-preview":"max-video-preview:-1"},"canonical":"https:\/\/protegetucorazon.com\/en\/claves-uso-adecuado-las-redes-sociales-ninos-adolescentes\/","og_locale":"en_US","og_type":"article","og_title":"Claves para el uso adecuado de las redes sociales en ni\u00f1os y adolescentes - Protege tu corazon","og_description":"La vida de los ni\u00f1os y adolescentes est\u00e1 mediada por pantallas: a trav\u00e9s de ellas se comunican, comparten, se informan, se entretienen y consumen. Se trata de una interactividad permanente que los hace prosumidores, o sea productores y consumidores. de contenido online. Es un desaf\u00edo de los padres ense\u00f1arles a comportarse en el mundo virtual como lo hacen en el mundo real para que sean coherentes, naturales y decentes.","og_url":"https:\/\/protegetucorazon.com\/en\/claves-uso-adecuado-las-redes-sociales-ninos-adolescentes\/","og_site_name":"Protege tu corazon","article_published_time":"2017-12-05T00:16:03+00:00","og_image":[{"width":2508,"height":1672,"url":"https:\/\/protegetucorazon.com\/wp-content\/uploads\/2017\/12\/grupo-de-adolescentes-con-celular-abstraidos.jpg","type":"image\/jpeg"}],"author":"protege2020","twitter_card":"summary_large_image","twitter_misc":{"Written by":"protege2020","Est. reading time":"7 minutes"},"schema":{"@context":"https:\/\/schema.org","@graph":[{"@type":"Article","@id":"https:\/\/protegetucorazon.com\/claves-uso-adecuado-las-redes-sociales-ninos-adolescentes\/#article","isPartOf":{"@id":"https:\/\/protegetucorazon.com\/claves-uso-adecuado-las-redes-sociales-ninos-adolescentes\/"},"author":{"name":"protege2020","@id":"https:\/\/protegetucorazon.com\/#\/schema\/person\/fe40036747dc22da99d555e763b905a7"},"headline":"Claves para el uso adecuado de las redes sociales en ni\u00f1os y adolescentes","datePublished":"2017-12-05T00:16:03+00:00","dateModified":"2017-12-05T00:16:03+00:00","mainEntityOfPage":{"@id":"https:\/\/protegetucorazon.com\/claves-uso-adecuado-las-redes-sociales-ninos-adolescentes\/"},"wordCount":1470,"commentCount":0,"publisher":{"@id":"https:\/\/protegetucorazon.com\/#organization"},"image":{"@id":"https:\/\/protegetucorazon.com\/claves-uso-adecuado-las-redes-sociales-ninos-adolescentes\/#primaryimage"},"thumbnailUrl":"https:\/\/protegetucorazon.com\/wp-content\/uploads\/2017\/12\/grupo-de-adolescentes-con-celular-abstraidos.jpg","keywords":["adolescentes","extemidad","instagram","intimidad","netiqueta","ni\u00f1os","padres","perfil","pienso luego publico","prosumidores","redes sociales","tuits"],"articleSection":["articulos"],"inLanguage":"en-US","potentialAction":[{"@type":"CommentAction","name":"Comment","target":["https:\/\/protegetucorazon.com\/claves-uso-adecuado-las-redes-sociales-ninos-adolescentes\/#respond"]}]},{"@type":"WebPage","@id":"https:\/\/protegetucorazon.com\/claves-uso-adecuado-las-redes-sociales-ninos-adolescentes\/","url":"https:\/\/protegetucorazon.com\/claves-uso-adecuado-las-redes-sociales-ninos-adolescentes\/","name":"Claves para el uso adecuado de las redes sociales en ni\u00f1os y adolescentes - Protege tu corazon","isPartOf":{"@id":"https:\/\/protegetucorazon.com\/#website"},"primaryImageOfPage":{"@id":"https:\/\/protegetucorazon.com\/claves-uso-adecuado-las-redes-sociales-ninos-adolescentes\/#primaryimage"},"image":{"@id":"https:\/\/protegetucorazon.com\/claves-uso-adecuado-las-redes-sociales-ninos-adolescentes\/#primaryimage"},"thumbnailUrl":"https:\/\/protegetucorazon.com\/wp-content\/uploads\/2017\/12\/grupo-de-adolescentes-con-celular-abstraidos.jpg","datePublished":"2017-12-05T00:16:03+00:00","dateModified":"2017-12-05T00:16:03+00:00","breadcrumb":{"@id":"https:\/\/protegetucorazon.com\/claves-uso-adecuado-las-redes-sociales-ninos-adolescentes\/#breadcrumb"},"inLanguage":"en-US","potentialAction":[{"@type":"ReadAction","target":["https:\/\/protegetucorazon.com\/claves-uso-adecuado-las-redes-sociales-ninos-adolescentes\/"]}]},{"@type":"ImageObject","inLanguage":"en-US","@id":"https:\/\/protegetucorazon.com\/claves-uso-adecuado-las-redes-sociales-ninos-adolescentes\/#primaryimage","url":"https:\/\/protegetucorazon.com\/wp-content\/uploads\/2017\/12\/grupo-de-adolescentes-con-celular-abstraidos.jpg","contentUrl":"https:\/\/protegetucorazon.com\/wp-content\/uploads\/2017\/12\/grupo-de-adolescentes-con-celular-abstraidos.jpg","width":2508,"height":1672,"caption":"29348172 - group of teenage boys and girls ignoring each other while using their cell phones at school"},{"@type":"BreadcrumbList","@id":"https:\/\/protegetucorazon.com\/claves-uso-adecuado-las-redes-sociales-ninos-adolescentes\/#breadcrumb","itemListElement":[{"@type":"ListItem","position":1,"name":"Portada","item":"https:\/\/protegetucorazon.com\/"},{"@type":"ListItem","position":2,"name":"Claves para el uso adecuado de las redes sociales en ni\u00f1os y adolescentes"}]},{"@type":"WebSite","@id":"https:\/\/protegetucorazon.com\/#website","url":"https:\/\/protegetucorazon.com\/","name":"Protege tu corazon","description":"Programa de educaci\u00f3n de la sexualidad basado en la formaci\u00f3n del car\u00e1cter","publisher":{"@id":"https:\/\/protegetucorazon.com\/#organization"},"potentialAction":[{"@type":"SearchAction","target":{"@type":"EntryPoint","urlTemplate":"https:\/\/protegetucorazon.com\/?s={search_term_string}"},"query-input":"required name=search_term_string"}],"inLanguage":"en-US"},{"@type":"Organization","@id":"https:\/\/protegetucorazon.com\/#organization","name":"Protege tu corazon","url":"https:\/\/protegetucorazon.com\/","logo":{"@type":"ImageObject","inLanguage":"en-US","@id":"https:\/\/protegetucorazon.com\/#\/schema\/logo\/image\/","url":"https:\/\/protegetucorazon.com\/wp-content\/uploads\/2020\/06\/protege-tu-corazon-color.png","contentUrl":"https:\/\/protegetucorazon.com\/wp-content\/uploads\/2020\/06\/protege-tu-corazon-color.png","width":256,"height":90,"caption":"Protege tu corazon"},"image":{"@id":"https:\/\/protegetucorazon.com\/#\/schema\/logo\/image\/"}},{"@type":"Person","@id":"https:\/\/protegetucorazon.com\/#\/schema\/person\/fe40036747dc22da99d555e763b905a7","name":"protege2020","image":{"@type":"ImageObject","inLanguage":"en-US","@id":"https:\/\/protegetucorazon.com\/#\/schema\/person\/image\/","url":"https:\/\/secure.gravatar.com\/avatar\/bae55470a3bfbad875b95ad324b52db8?s=96&d=mm&r=g","contentUrl":"https:\/\/secure.gravatar.com\/avatar\/bae55470a3bfbad875b95ad324b52db8?s=96&d=mm&r=g","caption":"protege2020"},"sameAs":["https:\/\/protegetucorazon.com"],"url":"https:\/\/protegetucorazon.com\/en\/author\/protege2020\/"}]}},"_links":{"self":[{"href":"https:\/\/protegetucorazon.com\/en\/wp-json\/wp\/v2\/posts\/7953"}],"collection":[{"href":"https:\/\/protegetucorazon.com\/en\/wp-json\/wp\/v2\/posts"}],"about":[{"href":"https:\/\/protegetucorazon.com\/en\/wp-json\/wp\/v2\/types\/post"}],"author":[{"embeddable":true,"href":"https:\/\/protegetucorazon.com\/en\/wp-json\/wp\/v2\/users\/1"}],"replies":[{"embeddable":true,"href":"https:\/\/protegetucorazon.com\/en\/wp-json\/wp\/v2\/comments?post=7953"}],"version-history":[{"count":0,"href":"https:\/\/protegetucorazon.com\/en\/wp-json\/wp\/v2\/posts\/7953\/revisions"}],"wp:featuredmedia":[{"embeddable":true,"href":"https:\/\/protegetucorazon.com\/en\/wp-json\/wp\/v2\/media\/7954"}],"wp:attachment":[{"href":"https:\/\/protegetucorazon.com\/en\/wp-json\/wp\/v2\/media?parent=7953"}],"wp:term":[{"taxonomy":"category","embeddable":true,"href":"https:\/\/protegetucorazon.com\/en\/wp-json\/wp\/v2\/categories?post=7953"},{"taxonomy":"post_tag","embeddable":true,"href":"https:\/\/protegetucorazon.com\/en\/wp-json\/wp\/v2\/tags?post=7953"}],"curies":[{"name":"wp","href":"https:\/\/api.w.org\/{rel}","templated":true}]}}