      
            
            
            
      {"id":8531,"date":"2020-05-25T21:09:52","date_gmt":"2020-05-26T03:09:52","guid":{"rendered":"http:\/\/www.protegetucorazon.com\/?p=8531"},"modified":"2020-05-25T21:09:52","modified_gmt":"2020-05-26T03:09:52","slug":"cinco-ideas-pensar-cuarentena","status":"publish","type":"post","link":"https:\/\/protegetucorazon.com\/en\/cinco-ideas-pensar-cuarentena\/","title":{"rendered":"Cinco ideas para pensar en cuarentena"},"content":{"rendered":"<p><strong><a ref=\"magnificPopup\" href=\"https:\/\/protegetucorazon.com\/wp-content\/uploads\/2020\/05\/Zoom-cumple-Mariana-2.png\"><img loading=\"lazy\" decoding=\"async\" class=\"alignleft size-thumbnail wp-image-8534\" src=\"https:\/\/protegetucorazon.com\/wp-content\/uploads\/2020\/05\/Zoom-cumple-Mariana-2-150x150.png\" alt=\"Zoom cumple Mariana 2\" width=\"150\" height=\"150\" srcset=\"https:\/\/protegetucorazon.com\/wp-content\/uploads\/2020\/05\/Zoom-cumple-Mariana-2-150x150.png 150w, https:\/\/protegetucorazon.com\/wp-content\/uploads\/2020\/05\/Zoom-cumple-Mariana-2-300x300.png 300w\" sizes=\"(max-width: 150px) 100vw, 150px\" \/><\/a>por Jos\u00e9 Luis Orihuela<\/strong><\/p>\n<p>&nbsp;<\/p>\n<p>El aislamiento forzado, la hiperconectividad y el bombardeo de informaci\u00f3n sobre el coronavirus, aportan valiosas lecciones y temas en los que habr\u00e1 que seguir pensando.<\/p>\n<p><strong>\u00a0<\/strong><\/p>\n<ul>\n<li><strong>Somos m\u00e1s fr\u00e1giles de lo que pens\u00e1bamos<\/strong><\/li>\n<\/ul>\n<p>&nbsp;<\/p>\n<p>La pandemia est\u00e1 poniendo de relieve nuestra fragilidad, personal y social, y tambi\u00e9n nuestra interdependencia como comunidad. Las enfermedades epid\u00e9micas son uno de los perfiles de riesgo de un mundo globalizado por los transportes y la log\u00edstica.<\/p>\n<p>&nbsp;<\/p>\n<p>Muchas de las cosas grandes y peque\u00f1as que d\u00e1bamos por supuestas, se han visto trastocadas. Ahora nos toca recalcular y tomar decisiones para que la pr\u00f3xima pandemia nos encuentre mejor preparados y m\u00e1s solidarios.<\/p>\n<p>&nbsp;<\/p>\n<ul>\n<li><strong>La trampa de la \u201cnueva normalidad\u201d<\/strong><\/li>\n<\/ul>\n<p>&nbsp;<\/p>\n<p>El mantra de la \u201cnueva normalidad\u201d parece haber sustituido al de la \u201ctransformaci\u00f3n digital\u201d, aunque en el fondo est\u00e1n relacionados. Estamos transitando la pandemia sin un horizonte de salida claro, pero acelerando procesos de cambio basados en la hiperconectividad, como el teletrabajo, la educaci\u00f3n a distancia y el comercio electr\u00f3nico.<\/p>\n<p>&nbsp;<\/p>\n<p>Al mismo tiempo, estamos cayendo en la cuenta de que muchas cosas que consider\u00e1bamos \u201cnormales\u201d no lo eran, y que \u201cla novedad\u201d anunciada para un futuro indeterminado, en realidad, forma parte de \u201clo normal\u201d (que es incierto, cambiante y fr\u00e1gil).<\/p>\n<p>&nbsp;<\/p>\n<ul>\n<li><strong>Sobredosis de conectividad y anhelo de abrazos<\/strong><\/li>\n<\/ul>\n<p>&nbsp;<\/p>\n<p>Con algunas semanas de aislamiento a las espaldas se empieza a notar el estr\u00e9s que produce la sobrecarga de teleconferencias y la extensi\u00f3n de los horarios laborales que genera el teletrabajo.<\/p>\n<p>&nbsp;<\/p>\n<p>La tecnolog\u00eda nos ayuda a sobrellevar el confinamiento, pero a la vez, esta sobredosis de conectividad revela por contraste el valor de las actividades presenciales y de los espacios compartidos.<\/p>\n<p>&nbsp;<\/p>\n<p>Por otra parte, la pandemia hace evidentes las desigualdades econ\u00f3micas y tecnol\u00f3gicas a nivel global, regional y local. La brecha digital aleja a muchas personas de las posibilidades de vincularse socialmente, de teletrabajar o de continuar su educaci\u00f3n a distancia.<\/p>\n<p>&nbsp;<\/p>\n<ul>\n<li><strong>M\u00e1s periodismo y menos bulos (fake news)<\/strong><\/li>\n<\/ul>\n<p>&nbsp;<\/p>\n<p>El virus que est\u00e1 afectando a la comunicaci\u00f3n y a los medios es la \u201cinfodemia\u201d. Por una parte, se produce saturaci\u00f3n informativa, y por otra parte, proliferan los bulos y las noticias falsas.<\/p>\n<p>&nbsp;<\/p>\n<p>Estas \u201cpatolog\u00edas de la informaci\u00f3n\u201d, como les llama Garc\u00eda-Noblejas, no son nuevas, pero en la actual situaci\u00f3n se est\u00e1n convirtiendo en muy da\u00f1inas, cuando no directamente letales.<\/p>\n<p>&nbsp;<\/p>\n<p>Los medios de comunicaci\u00f3n y, en particular, el periodismo tienen en esta crisis la ocasi\u00f3n de demostrar su val\u00eda social, su funci\u00f3n de control del poder y su dimensi\u00f3n educativa.<\/p>\n<p>&nbsp;<\/p>\n<ul>\n<li><strong>Retos en econom\u00eda, pol\u00edtica y ciencia<\/strong><\/li>\n<\/ul>\n<p>&nbsp;<\/p>\n<p>El impacto econ\u00f3mico de la paralizaci\u00f3n de amplios sectores de la actividad ya se est\u00e1 notando, pero desgraciadamente solo es el comienzo. En el caso de Espa\u00f1a, por ejemplo, el PIB del primer trimestre del a\u00f1o ha ca\u00eddo un 5,2% incluyendo solo 15 d\u00edas de confinamiento. En este \u00e1mbito, en particular, es donde Europa tendr\u00e1 que mostrar su fortaleza estrat\u00e9gica.<\/p>\n<p>&nbsp;<\/p>\n<p>La gesti\u00f3n pol\u00edtica de esta crisis est\u00e1 revelando unos niveles de improvisaci\u00f3n y de amateurismo que no parecen propios del siglo XXI. Gobiernos que reaccionan muy tarde y a los tumbos, partidos pol\u00edticos que mantienen sus batallitas ideol\u00f3gicas y un sinf\u00edn de rencillas cortoplacistas entre autoridades locales, regionales y nacionales. Percibo una gran decepci\u00f3n ciudadana hacia la clase pol\u00edtica en asuntos en los que las malas decisiones, los retrasos y los cambios de rumbo, est\u00e1n causando muertes todos los d\u00edas.<\/p>\n<p>&nbsp;<\/p>\n<p>Es la hora de la ciencia, y consecuentemente de las universidades y de los centros de investigaci\u00f3n. La ciencia necesita m\u00e1s apoyo y los cient\u00edficos tienen que tener mayor protagonismo social, educativo y pol\u00edtico. No se puede seguir improvisando y no se deber\u00eda perder de vista que el horizonte no es la supuesta \u201cnueva normalidad\u201d, sino la segura nueva pandemia.<\/p>\n<p>__________<br \/>\nJos\u00e9 Luis Orihuela es profesor en la Facultad de Comunicaci\u00f3n de la Universidad de Navarra (Pamplona, Espa\u00f1a). Email: jlori@unav.es &#8211; Blog: ecuaderno<\/p>","protected":false},"excerpt":{"rendered":"<p>El profesor Jos\u00e9 Luis Orihuela repasa el impacto que nos deja el aislamiento forzado, la hiperconectividad y el bombardeo de informaci\u00f3n sobre el coronavirus, lecciones y temas en los que habr\u00e1 que seguir pensando.<\/p>","protected":false},"author":1,"featured_media":8534,"comment_status":"open","ping_status":"open","sticky":true,"template":"","format":"standard","meta":{"_bbp_topic_count":0,"_bbp_reply_count":0,"_bbp_total_topic_count":0,"_bbp_total_reply_count":0,"_bbp_voice_count":0,"_bbp_anonymous_reply_count":0,"_bbp_topic_count_hidden":0,"_bbp_reply_count_hidden":0,"_bbp_forum_subforum_count":0,"footnotes":""},"categories":[18],"tags":[687,612,688,689,690,691,692],"yoast_head":"<!-- This site is optimized with the Yoast SEO plugin v23.0 - https:\/\/yoast.com\/wordpress\/plugins\/seo\/ -->\n<title>Cinco ideas para pensar en cuarentena - Protege tu corazon<\/title>\n<meta name=\"robots\" content=\"index, follow, max-snippet:-1, max-image-preview:large, max-video-preview:-1\" \/>\n<link rel=\"canonical\" href=\"https:\/\/protegetucorazon.com\/en\/cinco-ideas-pensar-cuarentena\/\" \/>\n<meta property=\"og:locale\" content=\"en_US\" \/>\n<meta property=\"og:type\" content=\"article\" \/>\n<meta property=\"og:title\" content=\"Cinco ideas para pensar en cuarentena - Protege tu corazon\" \/>\n<meta property=\"og:description\" content=\"El profesor Jos\u00e9 Luis Orihuela repasa el impacto que nos deja el aislamiento forzado, la hiperconectividad y el bombardeo de informaci\u00f3n sobre el coronavirus, lecciones y temas en los que habr\u00e1 que seguir pensando.\" \/>\n<meta property=\"og:url\" content=\"https:\/\/protegetucorazon.com\/en\/cinco-ideas-pensar-cuarentena\/\" \/>\n<meta property=\"og:site_name\" content=\"Protege tu corazon\" \/>\n<meta property=\"article:published_time\" content=\"2020-05-26T03:09:52+00:00\" \/>\n<meta property=\"og:image\" content=\"https:\/\/protegetucorazon.com\/wp-content\/uploads\/2020\/05\/Zoom-cumple-Mariana-2.png\" \/>\n\t<meta property=\"og:image:width\" content=\"1440\" \/>\n\t<meta property=\"og:image:height\" content=\"900\" \/>\n\t<meta property=\"og:image:type\" content=\"image\/png\" \/>\n<meta name=\"author\" content=\"protege2020\" \/>\n<meta name=\"twitter:card\" content=\"summary_large_image\" \/>\n<meta name=\"twitter:label1\" content=\"Written by\" \/>\n\t<meta name=\"twitter:data1\" content=\"protege2020\" \/>\n\t<meta name=\"twitter:label2\" content=\"Est. reading time\" \/>\n\t<meta name=\"twitter:data2\" content=\"4 minutes\" \/>\n<script type=\"application\/ld+json\" class=\"yoast-schema-graph\">{\"@context\":\"https:\/\/schema.org\",\"@graph\":[{\"@type\":\"Article\",\"@id\":\"https:\/\/protegetucorazon.com\/cinco-ideas-pensar-cuarentena\/#article\",\"isPartOf\":{\"@id\":\"https:\/\/protegetucorazon.com\/cinco-ideas-pensar-cuarentena\/\"},\"author\":{\"name\":\"protege2020\",\"@id\":\"https:\/\/protegetucorazon.com\/#\/schema\/person\/fe40036747dc22da99d555e763b905a7\"},\"headline\":\"Cinco ideas para pensar en cuarentena\",\"datePublished\":\"2020-05-26T03:09:52+00:00\",\"dateModified\":\"2020-05-26T03:09:52+00:00\",\"mainEntityOfPage\":{\"@id\":\"https:\/\/protegetucorazon.com\/cinco-ideas-pensar-cuarentena\/\"},\"wordCount\":723,\"commentCount\":0,\"publisher\":{\"@id\":\"https:\/\/protegetucorazon.com\/#organization\"},\"image\":{\"@id\":\"https:\/\/protegetucorazon.com\/cinco-ideas-pensar-cuarentena\/#primaryimage\"},\"thumbnailUrl\":\"https:\/\/protegetucorazon.com\/wp-content\/uploads\/2020\/05\/Zoom-cumple-Mariana-2.png\",\"keywords\":[\"conectividad\",\"fake news\",\"nueva normalidad\",\"pandemia\",\"periodismo\",\"retos\",\"universidad\"],\"articleSection\":[\"articulos\"],\"inLanguage\":\"en-US\",\"potentialAction\":[{\"@type\":\"CommentAction\",\"name\":\"Comment\",\"target\":[\"https:\/\/protegetucorazon.com\/cinco-ideas-pensar-cuarentena\/#respond\"]}]},{\"@type\":\"WebPage\",\"@id\":\"https:\/\/protegetucorazon.com\/cinco-ideas-pensar-cuarentena\/\",\"url\":\"https:\/\/protegetucorazon.com\/cinco-ideas-pensar-cuarentena\/\",\"name\":\"Cinco ideas para pensar en cuarentena - Protege tu corazon\",\"isPartOf\":{\"@id\":\"https:\/\/protegetucorazon.com\/#website\"},\"primaryImageOfPage\":{\"@id\":\"https:\/\/protegetucorazon.com\/cinco-ideas-pensar-cuarentena\/#primaryimage\"},\"image\":{\"@id\":\"https:\/\/protegetucorazon.com\/cinco-ideas-pensar-cuarentena\/#primaryimage\"},\"thumbnailUrl\":\"https:\/\/protegetucorazon.com\/wp-content\/uploads\/2020\/05\/Zoom-cumple-Mariana-2.png\",\"datePublished\":\"2020-05-26T03:09:52+00:00\",\"dateModified\":\"2020-05-26T03:09:52+00:00\",\"breadcrumb\":{\"@id\":\"https:\/\/protegetucorazon.com\/cinco-ideas-pensar-cuarentena\/#breadcrumb\"},\"inLanguage\":\"en-US\",\"potentialAction\":[{\"@type\":\"ReadAction\",\"target\":[\"https:\/\/protegetucorazon.com\/cinco-ideas-pensar-cuarentena\/\"]}]},{\"@type\":\"ImageObject\",\"inLanguage\":\"en-US\",\"@id\":\"https:\/\/protegetucorazon.com\/cinco-ideas-pensar-cuarentena\/#primaryimage\",\"url\":\"https:\/\/protegetucorazon.com\/wp-content\/uploads\/2020\/05\/Zoom-cumple-Mariana-2.png\",\"contentUrl\":\"https:\/\/protegetucorazon.com\/wp-content\/uploads\/2020\/05\/Zoom-cumple-Mariana-2.png\",\"width\":1440,\"height\":900},{\"@type\":\"BreadcrumbList\",\"@id\":\"https:\/\/protegetucorazon.com\/cinco-ideas-pensar-cuarentena\/#breadcrumb\",\"itemListElement\":[{\"@type\":\"ListItem\",\"position\":1,\"name\":\"Portada\",\"item\":\"https:\/\/protegetucorazon.com\/\"},{\"@type\":\"ListItem\",\"position\":2,\"name\":\"Cinco ideas para pensar en cuarentena\"}]},{\"@type\":\"WebSite\",\"@id\":\"https:\/\/protegetucorazon.com\/#website\",\"url\":\"https:\/\/protegetucorazon.com\/\",\"name\":\"Protege tu corazon\",\"description\":\"Programa de educaci\u00f3n de la sexualidad basado en la formaci\u00f3n del car\u00e1cter\",\"publisher\":{\"@id\":\"https:\/\/protegetucorazon.com\/#organization\"},\"potentialAction\":[{\"@type\":\"SearchAction\",\"target\":{\"@type\":\"EntryPoint\",\"urlTemplate\":\"https:\/\/protegetucorazon.com\/?s={search_term_string}\"},\"query-input\":\"required name=search_term_string\"}],\"inLanguage\":\"en-US\"},{\"@type\":\"Organization\",\"@id\":\"https:\/\/protegetucorazon.com\/#organization\",\"name\":\"Protege tu corazon\",\"url\":\"https:\/\/protegetucorazon.com\/\",\"logo\":{\"@type\":\"ImageObject\",\"inLanguage\":\"en-US\",\"@id\":\"https:\/\/protegetucorazon.com\/#\/schema\/logo\/image\/\",\"url\":\"https:\/\/protegetucorazon.com\/wp-content\/uploads\/2020\/06\/protege-tu-corazon-color.png\",\"contentUrl\":\"https:\/\/protegetucorazon.com\/wp-content\/uploads\/2020\/06\/protege-tu-corazon-color.png\",\"width\":256,\"height\":90,\"caption\":\"Protege tu corazon\"},\"image\":{\"@id\":\"https:\/\/protegetucorazon.com\/#\/schema\/logo\/image\/\"}},{\"@type\":\"Person\",\"@id\":\"https:\/\/protegetucorazon.com\/#\/schema\/person\/fe40036747dc22da99d555e763b905a7\",\"name\":\"protege2020\",\"image\":{\"@type\":\"ImageObject\",\"inLanguage\":\"en-US\",\"@id\":\"https:\/\/protegetucorazon.com\/#\/schema\/person\/image\/\",\"url\":\"https:\/\/secure.gravatar.com\/avatar\/bae55470a3bfbad875b95ad324b52db8?s=96&d=mm&r=g\",\"contentUrl\":\"https:\/\/secure.gravatar.com\/avatar\/bae55470a3bfbad875b95ad324b52db8?s=96&d=mm&r=g\",\"caption\":\"protege2020\"},\"sameAs\":[\"https:\/\/protegetucorazon.com\"],\"url\":\"https:\/\/protegetucorazon.com\/en\/author\/protege2020\/\"}]}<\/script>\n<!-- \/ Yoast SEO plugin. -->","yoast_head_json":{"title":"Cinco ideas para pensar en cuarentena - Protege tu corazon","robots":{"index":"index","follow":"follow","max-snippet":"max-snippet:-1","max-image-preview":"max-image-preview:large","max-video-preview":"max-video-preview:-1"},"canonical":"https:\/\/protegetucorazon.com\/en\/cinco-ideas-pensar-cuarentena\/","og_locale":"en_US","og_type":"article","og_title":"Cinco ideas para pensar en cuarentena - Protege tu corazon","og_description":"El profesor Jos\u00e9 Luis Orihuela repasa el impacto que nos deja el aislamiento forzado, la hiperconectividad y el bombardeo de informaci\u00f3n sobre el coronavirus, lecciones y temas en los que habr\u00e1 que seguir pensando.","og_url":"https:\/\/protegetucorazon.com\/en\/cinco-ideas-pensar-cuarentena\/","og_site_name":"Protege tu corazon","article_published_time":"2020-05-26T03:09:52+00:00","og_image":[{"width":1440,"height":900,"url":"https:\/\/protegetucorazon.com\/wp-content\/uploads\/2020\/05\/Zoom-cumple-Mariana-2.png","type":"image\/png"}],"author":"protege2020","twitter_card":"summary_large_image","twitter_misc":{"Written by":"protege2020","Est. reading time":"4 minutes"},"schema":{"@context":"https:\/\/schema.org","@graph":[{"@type":"Article","@id":"https:\/\/protegetucorazon.com\/cinco-ideas-pensar-cuarentena\/#article","isPartOf":{"@id":"https:\/\/protegetucorazon.com\/cinco-ideas-pensar-cuarentena\/"},"author":{"name":"protege2020","@id":"https:\/\/protegetucorazon.com\/#\/schema\/person\/fe40036747dc22da99d555e763b905a7"},"headline":"Cinco ideas para pensar en cuarentena","datePublished":"2020-05-26T03:09:52+00:00","dateModified":"2020-05-26T03:09:52+00:00","mainEntityOfPage":{"@id":"https:\/\/protegetucorazon.com\/cinco-ideas-pensar-cuarentena\/"},"wordCount":723,"commentCount":0,"publisher":{"@id":"https:\/\/protegetucorazon.com\/#organization"},"image":{"@id":"https:\/\/protegetucorazon.com\/cinco-ideas-pensar-cuarentena\/#primaryimage"},"thumbnailUrl":"https:\/\/protegetucorazon.com\/wp-content\/uploads\/2020\/05\/Zoom-cumple-Mariana-2.png","keywords":["conectividad","fake news","nueva normalidad","pandemia","periodismo","retos","universidad"],"articleSection":["articulos"],"inLanguage":"en-US","potentialAction":[{"@type":"CommentAction","name":"Comment","target":["https:\/\/protegetucorazon.com\/cinco-ideas-pensar-cuarentena\/#respond"]}]},{"@type":"WebPage","@id":"https:\/\/protegetucorazon.com\/cinco-ideas-pensar-cuarentena\/","url":"https:\/\/protegetucorazon.com\/cinco-ideas-pensar-cuarentena\/","name":"Cinco ideas para pensar en cuarentena - Protege tu corazon","isPartOf":{"@id":"https:\/\/protegetucorazon.com\/#website"},"primaryImageOfPage":{"@id":"https:\/\/protegetucorazon.com\/cinco-ideas-pensar-cuarentena\/#primaryimage"},"image":{"@id":"https:\/\/protegetucorazon.com\/cinco-ideas-pensar-cuarentena\/#primaryimage"},"thumbnailUrl":"https:\/\/protegetucorazon.com\/wp-content\/uploads\/2020\/05\/Zoom-cumple-Mariana-2.png","datePublished":"2020-05-26T03:09:52+00:00","dateModified":"2020-05-26T03:09:52+00:00","breadcrumb":{"@id":"https:\/\/protegetucorazon.com\/cinco-ideas-pensar-cuarentena\/#breadcrumb"},"inLanguage":"en-US","potentialAction":[{"@type":"ReadAction","target":["https:\/\/protegetucorazon.com\/cinco-ideas-pensar-cuarentena\/"]}]},{"@type":"ImageObject","inLanguage":"en-US","@id":"https:\/\/protegetucorazon.com\/cinco-ideas-pensar-cuarentena\/#primaryimage","url":"https:\/\/protegetucorazon.com\/wp-content\/uploads\/2020\/05\/Zoom-cumple-Mariana-2.png","contentUrl":"https:\/\/protegetucorazon.com\/wp-content\/uploads\/2020\/05\/Zoom-cumple-Mariana-2.png","width":1440,"height":900},{"@type":"BreadcrumbList","@id":"https:\/\/protegetucorazon.com\/cinco-ideas-pensar-cuarentena\/#breadcrumb","itemListElement":[{"@type":"ListItem","position":1,"name":"Portada","item":"https:\/\/protegetucorazon.com\/"},{"@type":"ListItem","position":2,"name":"Cinco ideas para pensar en cuarentena"}]},{"@type":"WebSite","@id":"https:\/\/protegetucorazon.com\/#website","url":"https:\/\/protegetucorazon.com\/","name":"Protege tu corazon","description":"Programa de educaci\u00f3n de la sexualidad basado en la formaci\u00f3n del car\u00e1cter","publisher":{"@id":"https:\/\/protegetucorazon.com\/#organization"},"potentialAction":[{"@type":"SearchAction","target":{"@type":"EntryPoint","urlTemplate":"https:\/\/protegetucorazon.com\/?s={search_term_string}"},"query-input":"required name=search_term_string"}],"inLanguage":"en-US"},{"@type":"Organization","@id":"https:\/\/protegetucorazon.com\/#organization","name":"Protege tu corazon","url":"https:\/\/protegetucorazon.com\/","logo":{"@type":"ImageObject","inLanguage":"en-US","@id":"https:\/\/protegetucorazon.com\/#\/schema\/logo\/image\/","url":"https:\/\/protegetucorazon.com\/wp-content\/uploads\/2020\/06\/protege-tu-corazon-color.png","contentUrl":"https:\/\/protegetucorazon.com\/wp-content\/uploads\/2020\/06\/protege-tu-corazon-color.png","width":256,"height":90,"caption":"Protege tu corazon"},"image":{"@id":"https:\/\/protegetucorazon.com\/#\/schema\/logo\/image\/"}},{"@type":"Person","@id":"https:\/\/protegetucorazon.com\/#\/schema\/person\/fe40036747dc22da99d555e763b905a7","name":"protege2020","image":{"@type":"ImageObject","inLanguage":"en-US","@id":"https:\/\/protegetucorazon.com\/#\/schema\/person\/image\/","url":"https:\/\/secure.gravatar.com\/avatar\/bae55470a3bfbad875b95ad324b52db8?s=96&d=mm&r=g","contentUrl":"https:\/\/secure.gravatar.com\/avatar\/bae55470a3bfbad875b95ad324b52db8?s=96&d=mm&r=g","caption":"protege2020"},"sameAs":["https:\/\/protegetucorazon.com"],"url":"https:\/\/protegetucorazon.com\/en\/author\/protege2020\/"}]}},"_links":{"self":[{"href":"https:\/\/protegetucorazon.com\/en\/wp-json\/wp\/v2\/posts\/8531"}],"collection":[{"href":"https:\/\/protegetucorazon.com\/en\/wp-json\/wp\/v2\/posts"}],"about":[{"href":"https:\/\/protegetucorazon.com\/en\/wp-json\/wp\/v2\/types\/post"}],"author":[{"embeddable":true,"href":"https:\/\/protegetucorazon.com\/en\/wp-json\/wp\/v2\/users\/1"}],"replies":[{"embeddable":true,"href":"https:\/\/protegetucorazon.com\/en\/wp-json\/wp\/v2\/comments?post=8531"}],"version-history":[{"count":0,"href":"https:\/\/protegetucorazon.com\/en\/wp-json\/wp\/v2\/posts\/8531\/revisions"}],"wp:featuredmedia":[{"embeddable":true,"href":"https:\/\/protegetucorazon.com\/en\/wp-json\/wp\/v2\/media\/8534"}],"wp:attachment":[{"href":"https:\/\/protegetucorazon.com\/en\/wp-json\/wp\/v2\/media?parent=8531"}],"wp:term":[{"taxonomy":"category","embeddable":true,"href":"https:\/\/protegetucorazon.com\/en\/wp-json\/wp\/v2\/categories?post=8531"},{"taxonomy":"post_tag","embeddable":true,"href":"https:\/\/protegetucorazon.com\/en\/wp-json\/wp\/v2\/tags?post=8531"}],"curies":[{"name":"wp","href":"https:\/\/api.w.org\/{rel}","templated":true}]}}